{"id":40309,"date":"2023-10-11T11:09:09","date_gmt":"2023-10-11T14:09:09","guid":{"rendered":"http:\/\/dsrmedios.com.ar\/diario\/?p=40309"},"modified":"2023-10-11T11:09:12","modified_gmt":"2023-10-11T14:09:12","slug":"diputados-aprobo-y-envio-al-senado-el-proyecto-compre-sin-iva","status":"publish","type":"post","link":"http:\/\/dsrmedios.com.ar\/diario\/archivos\/40309","title":{"rendered":"Diputados aprob\u00f3 y envi\u00f3 al Senado el proyecto Compre sin IVA"},"content":{"rendered":"\n<p>La&nbsp;<strong>C\u00e1mara de Diputados<\/strong>&nbsp;aprob\u00f3 y envi\u00f3 al&nbsp;<strong>Senado<\/strong>&nbsp;el proyecto de ley que establece la&nbsp;<strong>devoluci\u00f3n del IVA<\/strong>&nbsp;para los productos de la canasta b\u00e1sica a sectores de menores ingresos en las compras realizadas con tarjetas, en una votaci\u00f3n en la que&nbsp;<strong>bloques provinciales, los libertarios y la izquierda acompa\u00f1aron al Frente de Todos<\/strong>.<\/p>\n\n\n\n<p>La iniciativa impulsada por&nbsp;<strong>Sergio Massa&nbsp;<\/strong>sum\u00f3 134 votos a favor y ninguno en contra, ya que&nbsp;<strong>el interbloque Juntos por el Cambio y otras bancadas minoritarias optaron por la abstenci\u00f3n<\/strong>&nbsp;por considerar que se trataba de una pol\u00edtica &#8220;inflacionaria&#8221;.<\/p>\n\n\n\n<p>El debate se extendi\u00f3 durante m\u00e1s de cuatro horas con m\u00e1s de 35 oradores que expusieron sus posicionamientos sobre el proyecto.<\/p>\n\n\n\n<p>En car\u00e1cter de miembro informante, el presidente de la comisi\u00f3n de Presupuesto y Hacienda,&nbsp;<strong>Carlos Heller<\/strong>&nbsp;(Frente de Todos), destac\u00f3&nbsp;<strong>que &#8220;con la devoluci\u00f3n del IVA no hay raz\u00f3n para que los precios se muevan; una medida administrativa de la AFIP, que, por un lado, percibe el impuesto y, por el otro, se lo reintegra a los beneficiarios&#8221;<\/strong>.<\/p>\n\n\n\n<p>&#8220;Estamos convencidos de que este proyecto es superior a la idea de eximir del IVA a determinados productos, que adem\u00e1s de generar problemas en las distintas cadenas de producci\u00f3n y distribuci\u00f3n de bienes, no se termina muchas veces, en general, evidenciando en los precios de los productos, que no baja porque se elimine el IVA para esos productos&#8221;, agreg\u00f3 el legislador oficialista.<\/p>\n\n\n\n<p>Por \u00faltimo, Heller inst\u00f3 a la oposici\u00f3n a acompa\u00f1ar el proyecto: &#8220;Espero que tengamos un amplio acompa\u00f1amiento, que la oposici\u00f3n entienda los enormes beneficios que este proyecto tiene para la ciudadan\u00eda, y que nos acompa\u00f1en con un ampl\u00edsimo voto a favor de la propuesta&#8221;.<\/p>\n\n\n\n<p>Tras el discurso de Heller, el legislador de Evoluci\u00f3n Radical Alejandro Cacacce anticip\u00f3 la postura de Juntos por el Cambio (JXC): &#8220;Nosotros estamos de acuerdo que, en medio de una crisis econ\u00f3mica donde la pobreza es del 40%, se necesita recuperar recursos. Pero resulta que hay pobres que no son beneficiarios y hay beneficiarios que no son pobres&#8221;.<\/p>\n\n\n\n<p>Como contrapartida, el oficialista Ita\u00ed Hagman, asever\u00f3: &#8220;Estamos ac\u00e1 ante la posibilidad de ponernos de acuerdo en una pol\u00edtica importante como es la de ponernos de acuerdo en una pol\u00edtica fundamental, que tiene un mont\u00f3n de beneficios, directos, porque van al bolsillo de la gente, de aliento al consumo y por lo tanto a la actividad econ\u00f3mica&#8221;.<\/p>\n\n\n\n<p>&#8220;Adem\u00e1s, ayuda a la formalizaci\u00f3n de la econom\u00eda; y que si bien tiene un costo fiscal, va a tener un beneficio en la recaudaci\u00f3n de las provincias&#8221;, agreg\u00f3.<\/p>\n\n\n\n<p>En el cierre del debate, el presidente del bloque del Frente de Todos, Germ\u00e1n Mart\u00ednez, afirm\u00f3: &#8220;es un tema muy importante que algunos intentan mirarlo en sus impactos, en su importancia, sino en un conjunto de medidas que ha tomado nuestro ministro de Econom\u00eda; y creo que no se alcanza a ver la magnitud de lo que estamos tratando&#8221;.<\/p>\n\n\n\n<p>&#8220;A veces creo que somos tan injustos que ni siquiera vemos los alcances de determinadas decisiones, y ac\u00e1 estamos hablando de una medida que ha beneficiado a millones de argentinos, y eso hay que decirlo, reivindicarlo y ponerlo en valor, porque sino siempre nos escapamos por la tangente de cuestionar el gasto fiscal, de incluir m\u00e1s beneficiarios o que el 9 de diciembre se termina el gobierno&#8221;, concluy\u00f3.<\/p>\n\n\n\n<h2>En qu\u00e9 consiste Compre sin IVA<\/h2>\n\n\n\n<p>La iniciativa -que consta de nueve art\u00edculos- se\u00f1ala que la medida comenzar\u00e1 a regir a partir del 1 de enero de 2024, y tambi\u00e9n que se faculta a la autoridad de aplicaci\u00f3n a ampliar los beneficiarios alcanzados por la legislaci\u00f3n.<\/p>\n\n\n\n<p>En el art\u00edculo 1 se establece que los beneficiarios del reintegro del IVA ser\u00e1n quienes perciban jubilaciones, pensiones por fallecimiento y pensiones no contributivas, en un monto mensual que no exceda la suma de seis haberes m\u00ednimos garantizados, los beneficiarios de asignaciones universales por hijo para protecci\u00f3n social y las de embarazo para protecci\u00f3n social.<\/p>\n\n\n\n<p>Ser\u00e1n alcanzados por este beneficio trabajadores que presten servicios remunerados en relaci\u00f3n de dependencia en la actividad privada o p\u00fablica, siempre que el ingreso mensual no supere la suma equivalente a seis veces el Salario M\u00ednimo, Vital y M\u00f3vil (SMVM), los comprendidos dentro del R\u00e9gimen Especial de Contrato de Trabajo para el Personal de Casas Particulares y aportantes del R\u00e9gimen Simplificado para Peque\u00f1os Contribuyentes (RS) que se encuentren encuadradas y encuadrados en la Ley 24.977.<\/p>\n\n\n\n<p>El proyecto precisa tambi\u00e9n que &#8220;est\u00e1n alcanzadas por el beneficio de este Programa las compras de bienes en el marco de la Tarjeta Alimentar o de las tarjetas emitidas a beneficiarias y beneficiarios del Programa Nacional de Inclusi\u00f3n Socio-Productiva y Desarrollo Local-Potenciar Trabajo&#8221;.<\/p>\n\n\n\n<p>En el art\u00edculo 4 del proyecto se establece que &#8220;el reintegro mensual previsto en el presente Programa no podr\u00e1 superar el 21% del valor de la Canasta B\u00e1sica Alimentaria para un hogar tipo 2, vigente en cada mes&#8221;.<\/p>\n\n\n\n<p>fuente: minutouno<\/p>\n","protected":false},"excerpt":{"rendered":"<div class=\"mh-excerpt\"><p>La&nbsp;C\u00e1mara de Diputados&nbsp;aprob\u00f3 y envi\u00f3 al&nbsp;Senado&nbsp;el proyecto de ley que establece la&nbsp;devoluci\u00f3n del IVA&nbsp;para los productos de la canasta b\u00e1sica a sectores de menores ingresos en las compras realizadas con tarjetas, en una votaci\u00f3n en la que&nbsp;bloques provinciales, los libertarios y la izquierda acompa\u00f1aron al Frente de Todos. La iniciativa impulsada por&nbsp;Sergio Massa&nbsp;sum\u00f3 134 votos a favor y ninguno en contra, ya que&nbsp;el interbloque Juntos por el Cambio y otras bancadas minoritarias optaron por la abstenci\u00f3n&nbsp;por considerar que se trataba de una pol\u00edtica &#8220;inflacionaria&#8221;. El debate se extendi\u00f3 durante m\u00e1s de cuatro horas con m\u00e1s de 35 oradores que expusieron <a class=\"mh-excerpt-more\" href=\"http:\/\/dsrmedios.com.ar\/diario\/archivos\/40309\" title=\"Diputados aprob\u00f3 y envi\u00f3 al Senado el proyecto Compre sin IVA\">[Leer m\u00e1s]<\/a><\/p>\n<\/div>","protected":false},"author":8,"featured_media":19853,"comment_status":"open","ping_status":"closed","sticky":false,"template":"","format":"standard","meta":{"_jetpack_newsletter_access":""},"categories":[6],"tags":[],"jetpack_featured_media_url":"http:\/\/dsrmedios.com.ar\/diario\/wp-content\/uploads\/2020\/08\/senado-bonaerense.jpg","jetpack_sharing_enabled":true,"jetpack_shortlink":"https:\/\/wp.me\/p9fihK-au9","_links":{"self":[{"href":"http:\/\/dsrmedios.com.ar\/diario\/wp-json\/wp\/v2\/posts\/40309"}],"collection":[{"href":"http:\/\/dsrmedios.com.ar\/diario\/wp-json\/wp\/v2\/posts"}],"about":[{"href":"http:\/\/dsrmedios.com.ar\/diario\/wp-json\/wp\/v2\/types\/post"}],"author":[{"embeddable":true,"href":"http:\/\/dsrmedios.com.ar\/diario\/wp-json\/wp\/v2\/users\/8"}],"replies":[{"embeddable":true,"href":"http:\/\/dsrmedios.com.ar\/diario\/wp-json\/wp\/v2\/comments?post=40309"}],"version-history":[{"count":1,"href":"http:\/\/dsrmedios.com.ar\/diario\/wp-json\/wp\/v2\/posts\/40309\/revisions"}],"predecessor-version":[{"id":40311,"href":"http:\/\/dsrmedios.com.ar\/diario\/wp-json\/wp\/v2\/posts\/40309\/revisions\/40311"}],"wp:featuredmedia":[{"embeddable":true,"href":"http:\/\/dsrmedios.com.ar\/diario\/wp-json\/wp\/v2\/media\/19853"}],"wp:attachment":[{"href":"http:\/\/dsrmedios.com.ar\/diario\/wp-json\/wp\/v2\/media?parent=40309"}],"wp:term":[{"taxonomy":"category","embeddable":true,"href":"http:\/\/dsrmedios.com.ar\/diario\/wp-json\/wp\/v2\/categories?post=40309"},{"taxonomy":"post_tag","embeddable":true,"href":"http:\/\/dsrmedios.com.ar\/diario\/wp-json\/wp\/v2\/tags?post=40309"}],"curies":[{"name":"wp","href":"https:\/\/api.w.org\/{rel}","templated":true}]}}