{"id":40298,"date":"2023-10-11T11:01:01","date_gmt":"2023-10-11T14:01:01","guid":{"rendered":"http:\/\/dsrmedios.com.ar\/diario\/?p=40298"},"modified":"2023-10-11T11:01:04","modified_gmt":"2023-10-11T14:01:04","slug":"tras-la-disparada-del-dolar-blue-denunciaron-penalmente-a-javier-milei-por-incitacion-a-la-violencia-economica","status":"publish","type":"post","link":"http:\/\/dsrmedios.com.ar\/diario\/archivos\/40298","title":{"rendered":"Tras la disparada del d\u00f3lar blue, denunciaron penalmente a Javier Milei por &#8220;incitaci\u00f3n a la violencia econ\u00f3mica&#8221;"},"content":{"rendered":"\n<p>La abogada&nbsp;<strong>Valeria Carreras&nbsp;<\/strong>denunci\u00f3 este martes penalmente a<strong>&nbsp;Javier Milei<\/strong>, luego de que el candidato por La Libertad Avanza llam\u00f3 a no invertir en plazos fijo y calific\u00f3 a la moneda nacional como excremento.<\/p>\n\n\n\n<p>\u201cLas declaraciones, y ampliaci\u00f3n de sus dichos en sendos medios de difusi\u00f3n no hacen otra cosa que agitar un delicado momento econ\u00f3mico nacional e internacional\u201d, dice la denuncia.<\/p>\n\n\n\n<p>La presentaci\u00f3n fue realizada en los tribunales de Comodoro Py \u201ca fin que se investigue si los dichos de Javier Milei constituyen la figura prevista en el c\u00f3digo penal como incitaci\u00f3n a la violencia (en este caso econ\u00f3mica) o un delito financiero\u201d.<\/p>\n\n\n\n<p>La letrada remarc\u00f3 que la propia&nbsp;<strong>Patricia Bullrich,<\/strong>&nbsp;candidata presidencial por Juntos por el Cambio, tambi\u00e9n critic\u00f3 la postura de Milei al afirmar que&nbsp;<strong>\u201cno vale todo para defender la dolarizaci\u00f3n\u201d<\/strong>&nbsp;porque el alza del tipo de cambio \u201cdestruye el bolsillo\u201d de los asalariados.<\/p>\n\n\n\n<p>\u201cMilei dijo que cuanto m\u00e1s alto est\u00e9 el d\u00f3lar, m\u00e1s f\u00e1cil ser\u00e1 dolarizar. Con su propuesta te destruye el bolsillo y te encarece los precios. Todo para justificar su dolarizaci\u00f3n\u201d, escribi\u00f3 la candidata en su cuenta de la red social X (ex Twitter)<\/p>\n\n\n\n<p>En la denuncia se pidi\u00f3 que se cite a prestar declaraci\u00f3n testimonial a\u00a0<strong>Miguel Kiguel<\/strong>\u00a0ex Secretario de Finanzas de la Nacion\u00a0<strong>Marina Dal Poggetto,<\/strong>\u00a0directora de Eco Go,\u00a0<strong>Eduardo Levy Yeyati,<\/strong>\u00a0doctor en econom\u00eda de la Universidad de Pennsylvania;\u00a0<strong>Federico Moll,<\/strong>\u00a0director de Ecolatina y\u00a0<strong>Patricia Bullrich<\/strong>\u00a0candidata presidencial por Juntos por el Cambio\u00a0<strong>Carlos Melconian.<\/strong><\/p>\n\n\n\n<p>FUENTE: MINUTOUNO<\/p>\n","protected":false},"excerpt":{"rendered":"<div class=\"mh-excerpt\"><p>La abogada&nbsp;Valeria Carreras&nbsp;denunci\u00f3 este martes penalmente a&nbsp;Javier Milei, luego de que el candidato por La Libertad Avanza llam\u00f3 a no invertir en plazos fijo y calific\u00f3 a la moneda nacional como excremento. \u201cLas declaraciones, y ampliaci\u00f3n de sus dichos en sendos medios de difusi\u00f3n no hacen otra cosa que agitar un delicado momento econ\u00f3mico nacional e internacional\u201d, dice la denuncia. La presentaci\u00f3n fue realizada en los tribunales de Comodoro Py \u201ca fin que se investigue si los dichos de Javier Milei constituyen la figura prevista en el c\u00f3digo penal como incitaci\u00f3n a la violencia (en este caso econ\u00f3mica) o un <a class=\"mh-excerpt-more\" href=\"http:\/\/dsrmedios.com.ar\/diario\/archivos\/40298\" title=\"Tras la disparada del d\u00f3lar blue, denunciaron penalmente a Javier Milei por &#8220;incitaci\u00f3n a la violencia econ\u00f3mica&#8221;\">[Leer m\u00e1s]<\/a><\/p>\n<\/div>","protected":false},"author":8,"featured_media":32666,"comment_status":"open","ping_status":"closed","sticky":false,"template":"","format":"standard","meta":{"_jetpack_newsletter_access":""},"categories":[6],"tags":[],"jetpack_featured_media_url":"http:\/\/dsrmedios.com.ar\/diario\/wp-content\/uploads\/2023\/05\/javier-milei.webp","jetpack_sharing_enabled":true,"jetpack_shortlink":"https:\/\/wp.me\/p9fihK-atY","_links":{"self":[{"href":"http:\/\/dsrmedios.com.ar\/diario\/wp-json\/wp\/v2\/posts\/40298"}],"collection":[{"href":"http:\/\/dsrmedios.com.ar\/diario\/wp-json\/wp\/v2\/posts"}],"about":[{"href":"http:\/\/dsrmedios.com.ar\/diario\/wp-json\/wp\/v2\/types\/post"}],"author":[{"embeddable":true,"href":"http:\/\/dsrmedios.com.ar\/diario\/wp-json\/wp\/v2\/users\/8"}],"replies":[{"embeddable":true,"href":"http:\/\/dsrmedios.com.ar\/diario\/wp-json\/wp\/v2\/comments?post=40298"}],"version-history":[{"count":1,"href":"http:\/\/dsrmedios.com.ar\/diario\/wp-json\/wp\/v2\/posts\/40298\/revisions"}],"predecessor-version":[{"id":40299,"href":"http:\/\/dsrmedios.com.ar\/diario\/wp-json\/wp\/v2\/posts\/40298\/revisions\/40299"}],"wp:featuredmedia":[{"embeddable":true,"href":"http:\/\/dsrmedios.com.ar\/diario\/wp-json\/wp\/v2\/media\/32666"}],"wp:attachment":[{"href":"http:\/\/dsrmedios.com.ar\/diario\/wp-json\/wp\/v2\/media?parent=40298"}],"wp:term":[{"taxonomy":"category","embeddable":true,"href":"http:\/\/dsrmedios.com.ar\/diario\/wp-json\/wp\/v2\/categories?post=40298"},{"taxonomy":"post_tag","embeddable":true,"href":"http:\/\/dsrmedios.com.ar\/diario\/wp-json\/wp\/v2\/tags?post=40298"}],"curies":[{"name":"wp","href":"https:\/\/api.w.org\/{rel}","templated":true}]}}