{"id":40293,"date":"2023-10-11T11:03:34","date_gmt":"2023-10-11T14:03:34","guid":{"rendered":"http:\/\/dsrmedios.com.ar\/diario\/?p=40293"},"modified":"2023-10-11T11:03:36","modified_gmt":"2023-10-11T14:03:36","slug":"la-uefa-confirmo-cuales-seran-las-proximas-dos-sedes-de-la-eurocopa","status":"publish","type":"post","link":"http:\/\/dsrmedios.com.ar\/diario\/archivos\/40293","title":{"rendered":"La UEFA confirm\u00f3 cu\u00e1les ser\u00e1n las pr\u00f3ximas dos sedes de la Eurocopa"},"content":{"rendered":"\n<p>La&nbsp;<strong>UEFA<\/strong>&nbsp;design\u00f3 este martes&nbsp;<strong>Reino Unido<\/strong>&nbsp;<strong>e Irlanda&nbsp;<\/strong>como sedes de la fase final de la&nbsp;<strong>Eurocopa 2028,<\/strong>&nbsp;y determin\u00f3 que en&nbsp;<strong>2032<\/strong>&nbsp;se desarrollar\u00e1 en&nbsp;<strong>Italia y Turqu\u00eda<\/strong>, lo que refuerza la tendencia hacia la organizaci\u00f3n conjunta de cert\u00e1menes deportivos.<\/p>\n\n\n\n<p><strong>Wembley en Londres, el City Stadium de Manchester, St James Park en Newcastle, Hampden Park en Glasgow, Dubl\u00edn Arena, National Stadium de Cardiff o el Casement Park de Belfast<\/strong>, son los estadios que albergar\u00e1n la competici\u00f3n continental en 2028.Los detalles de la competici\u00f3n en 2032 son menos conocidos. Italia y Turqu\u00eda iniciaron la carrera para recibir la competici\u00f3n en julio pasado,\u00a0<strong>sin develar cu\u00e1les ser\u00edan las ciudades-sede y c\u00f3mo resolver\u00edan las distancias<\/strong>, teniendo en cuenta que 1.400 kil\u00f3metros separan las capitales de ambos pa\u00edses.<\/p>\n\n\n\n<p>Con el Mundial doblando su n\u00famero de participantes a partir de 2026, con 48 equipos, la Eurocopa conserva desde 2016 una fase final con 24 pa\u00edses, lo que equivale a un torneo de 51 partidos, por los 104 de la Copa del Mundo.<\/p>\n\n\n\n<figure class=\"wp-block-image\"><img decoding=\"async\" src=\"https:\/\/media.minutouno.com\/p\/77717e77481c9424756ed88d70976814\/adjuntos\/150\/imagenes\/040\/777\/0040777436\/eurocopa-alemaniajpg.jpg?2023-06-15-13-07-45\" alt=\"\" title=\"\"\/><\/figure>\n\n\n\n<p>Por esa raz\u00f3n, las cinco federaciones de las islas brit\u00e1nicas -Inglaterra, Escocia, Pa\u00eds de Gales, Irlanda del Norte y Rep\u00fablica de Irlanda- concentraron en 2022 su candidatura para la Eurocopa.<\/p>\n\n\n\n<p>Inicialmente hab\u00edan apostado por el Mundial 2030, otorgado la semana pasada a Espa\u00f1a, Marruecos y Portugal, con tres partidos iniciales que se disputar\u00e1n en Sudam\u00e9rica, espec\u00edficamente en la Argentina, Uruguay y Paraguay.<\/p>\n\n\n\n<p>Fuente: Minutouno<\/p>\n","protected":false},"excerpt":{"rendered":"<div class=\"mh-excerpt\"><p>La&nbsp;UEFA&nbsp;design\u00f3 este martes&nbsp;Reino Unido&nbsp;e Irlanda&nbsp;como sedes de la fase final de la&nbsp;Eurocopa 2028,&nbsp;y determin\u00f3 que en&nbsp;2032&nbsp;se desarrollar\u00e1 en&nbsp;Italia y Turqu\u00eda, lo que refuerza la tendencia hacia la organizaci\u00f3n conjunta de cert\u00e1menes deportivos. Wembley en Londres, el City Stadium de Manchester, St James Park en Newcastle, Hampden Park en Glasgow, Dubl\u00edn Arena, National Stadium de Cardiff o el Casement Park de Belfast, son los estadios que albergar\u00e1n la competici\u00f3n continental en 2028.Los detalles de la competici\u00f3n en 2032 son menos conocidos. Italia y Turqu\u00eda iniciaron la carrera para recibir la competici\u00f3n en julio pasado,\u00a0sin develar cu\u00e1les ser\u00edan las ciudades-sede y c\u00f3mo <a class=\"mh-excerpt-more\" href=\"http:\/\/dsrmedios.com.ar\/diario\/archivos\/40293\" title=\"La UEFA confirm\u00f3 cu\u00e1les ser\u00e1n las pr\u00f3ximas dos sedes de la Eurocopa\">[Leer m\u00e1s]<\/a><\/p>\n<\/div>","protected":false},"author":8,"featured_media":40300,"comment_status":"open","ping_status":"closed","sticky":false,"template":"","format":"standard","meta":{"_jetpack_newsletter_access":""},"categories":[2],"tags":[],"jetpack_featured_media_url":"http:\/\/dsrmedios.com.ar\/diario\/wp-content\/uploads\/2023\/10\/eurocopajpg.png","jetpack_sharing_enabled":true,"jetpack_shortlink":"https:\/\/wp.me\/p9fihK-atT","_links":{"self":[{"href":"http:\/\/dsrmedios.com.ar\/diario\/wp-json\/wp\/v2\/posts\/40293"}],"collection":[{"href":"http:\/\/dsrmedios.com.ar\/diario\/wp-json\/wp\/v2\/posts"}],"about":[{"href":"http:\/\/dsrmedios.com.ar\/diario\/wp-json\/wp\/v2\/types\/post"}],"author":[{"embeddable":true,"href":"http:\/\/dsrmedios.com.ar\/diario\/wp-json\/wp\/v2\/users\/8"}],"replies":[{"embeddable":true,"href":"http:\/\/dsrmedios.com.ar\/diario\/wp-json\/wp\/v2\/comments?post=40293"}],"version-history":[{"count":1,"href":"http:\/\/dsrmedios.com.ar\/diario\/wp-json\/wp\/v2\/posts\/40293\/revisions"}],"predecessor-version":[{"id":40301,"href":"http:\/\/dsrmedios.com.ar\/diario\/wp-json\/wp\/v2\/posts\/40293\/revisions\/40301"}],"wp:featuredmedia":[{"embeddable":true,"href":"http:\/\/dsrmedios.com.ar\/diario\/wp-json\/wp\/v2\/media\/40300"}],"wp:attachment":[{"href":"http:\/\/dsrmedios.com.ar\/diario\/wp-json\/wp\/v2\/media?parent=40293"}],"wp:term":[{"taxonomy":"category","embeddable":true,"href":"http:\/\/dsrmedios.com.ar\/diario\/wp-json\/wp\/v2\/categories?post=40293"},{"taxonomy":"post_tag","embeddable":true,"href":"http:\/\/dsrmedios.com.ar\/diario\/wp-json\/wp\/v2\/tags?post=40293"}],"curies":[{"name":"wp","href":"https:\/\/api.w.org\/{rel}","templated":true}]}}