{"id":40287,"date":"2023-10-11T10:52:49","date_gmt":"2023-10-11T13:52:49","guid":{"rendered":"http:\/\/dsrmedios.com.ar\/diario\/?p=40287"},"modified":"2023-10-11T10:52:51","modified_gmt":"2023-10-11T13:52:51","slug":"los-senadores-de-juntos-por-el-cambio-manifestaron-su-repudio-ante-el-ataque-terrorista-al-estado-de-israel","status":"publish","type":"post","link":"http:\/\/dsrmedios.com.ar\/diario\/archivos\/40287","title":{"rendered":"LOS SENADORES DE JUNTOS POR EL CAMBIO MANIFESTARON SU REPUDIO ANTE EL ATAQUE TERRORISTA AL ESTADO DE ISRAEL"},"content":{"rendered":"\n<p>El senador David Hirtz, junto a la mayor\u00eda de los Senadores provinciales de Juntos por el Cambio, acompa\u00f1aron el Proyecto de declaraci\u00f3n presentado por el legislador Andr\u00e9s De Leo, el cual pone de manifiesto su m\u00e1s profundo pesar y repudio ante los ataques terroristas perpetrados por el grupo Ham\u00e1s contra el Estado de Israel y su poblaci\u00f3n.<\/p>\n\n\n\n<p>En sus fundamentos, en el proyecto se considera que \u201cEstos actos de violencia desplegados contra el Estado de Israel por parte de la organizaci\u00f3n terrorista Ham\u00e1s, no s\u00f3lo representan el mayor ataque en 50 a\u00f1os desde el inicio de la Guerra de Iom Kipur, desarroll\u00e1ndose durante la festividad de Simj\u00e1 Tor\u00e1, pone de manifiesto los verdaderos objetivos que movilizan a estos grupos, en los cuales la eliminaci\u00f3n del Estado de Israel y todo lo que \u00e9l mismo representa es su mayor objetivo, impidiendo lograr la paz en Medio Oriente\u201d.<\/p>\n\n\n\n<p>Los Senadores consideraron, mediante la iniciativa parlamentaria, que \u201cHoy debemos repudiar y condenar estos actos barb\u00e1ricos de muerte perpetrados por el terrorismo internacional, de los cuales los argentinos hemos sido v\u00edctimas en dos oportunidades en nuestro propio pa\u00eds. Hoy, no hay espacio ni oportunidad posterior para sostener otra posici\u00f3n. No debemos tolerar el terrorismo en ninguna de sus vertientes\u201d.-<\/p>\n","protected":false},"excerpt":{"rendered":"<div class=\"mh-excerpt\"><p>El senador David Hirtz, junto a la mayor\u00eda de los Senadores provinciales de Juntos por el Cambio, acompa\u00f1aron el Proyecto de declaraci\u00f3n presentado por el legislador Andr\u00e9s De Leo, el cual pone de manifiesto su m\u00e1s profundo pesar y repudio ante los ataques terroristas perpetrados por el grupo Ham\u00e1s contra el Estado de Israel y su poblaci\u00f3n. En sus fundamentos, en el proyecto se considera que \u201cEstos actos de violencia desplegados contra el Estado de Israel por parte de la organizaci\u00f3n terrorista Ham\u00e1s, no s\u00f3lo representan el mayor ataque en 50 a\u00f1os desde el inicio de la Guerra de Iom <a class=\"mh-excerpt-more\" href=\"http:\/\/dsrmedios.com.ar\/diario\/archivos\/40287\" title=\"LOS SENADORES DE JUNTOS POR EL CAMBIO MANIFESTARON SU REPUDIO ANTE EL ATAQUE TERRORISTA AL ESTADO DE ISRAEL\">[Leer m\u00e1s]<\/a><\/p>\n<\/div>","protected":false},"author":8,"featured_media":40291,"comment_status":"open","ping_status":"closed","sticky":false,"template":"","format":"standard","meta":{"_jetpack_newsletter_access":""},"categories":[18,31],"tags":[],"jetpack_featured_media_url":"http:\/\/dsrmedios.com.ar\/diario\/wp-content\/uploads\/2023\/10\/1696895910.jpg","jetpack_sharing_enabled":true,"jetpack_shortlink":"https:\/\/wp.me\/p9fihK-atN","_links":{"self":[{"href":"http:\/\/dsrmedios.com.ar\/diario\/wp-json\/wp\/v2\/posts\/40287"}],"collection":[{"href":"http:\/\/dsrmedios.com.ar\/diario\/wp-json\/wp\/v2\/posts"}],"about":[{"href":"http:\/\/dsrmedios.com.ar\/diario\/wp-json\/wp\/v2\/types\/post"}],"author":[{"embeddable":true,"href":"http:\/\/dsrmedios.com.ar\/diario\/wp-json\/wp\/v2\/users\/8"}],"replies":[{"embeddable":true,"href":"http:\/\/dsrmedios.com.ar\/diario\/wp-json\/wp\/v2\/comments?post=40287"}],"version-history":[{"count":1,"href":"http:\/\/dsrmedios.com.ar\/diario\/wp-json\/wp\/v2\/posts\/40287\/revisions"}],"predecessor-version":[{"id":40292,"href":"http:\/\/dsrmedios.com.ar\/diario\/wp-json\/wp\/v2\/posts\/40287\/revisions\/40292"}],"wp:featuredmedia":[{"embeddable":true,"href":"http:\/\/dsrmedios.com.ar\/diario\/wp-json\/wp\/v2\/media\/40291"}],"wp:attachment":[{"href":"http:\/\/dsrmedios.com.ar\/diario\/wp-json\/wp\/v2\/media?parent=40287"}],"wp:term":[{"taxonomy":"category","embeddable":true,"href":"http:\/\/dsrmedios.com.ar\/diario\/wp-json\/wp\/v2\/categories?post=40287"},{"taxonomy":"post_tag","embeddable":true,"href":"http:\/\/dsrmedios.com.ar\/diario\/wp-json\/wp\/v2\/tags?post=40287"}],"curies":[{"name":"wp","href":"https:\/\/api.w.org\/{rel}","templated":true}]}}