{"id":40262,"date":"2023-10-11T10:38:40","date_gmt":"2023-10-11T13:38:40","guid":{"rendered":"http:\/\/dsrmedios.com.ar\/diario\/?p=40262"},"modified":"2023-10-11T15:22:59","modified_gmt":"2023-10-11T18:22:59","slug":"andres-participo-del-35-aniversario-de-barrio-illia-de-carhue","status":"publish","type":"post","link":"http:\/\/dsrmedios.com.ar\/diario\/archivos\/40262","title":{"rendered":"Andres particip\u00f3 del 35\u00b0 Aniversario de\u00a0Barrio Illia de Carhu\u00e9"},"content":{"rendered":"\n<h1>El Intendente Javier Andres junto a su equipo de trabajo celebraron los 35 a\u00f1os del barrio Arturo Illia de la ciudad de Carhu\u00e9.<\/h1>\n\n\n\n<h1>La fiesta, gratuita y abierta a todo p\u00fablico, se realiz\u00f3 en el Parque Principal y cont\u00f3 con la presentaci\u00f3n de Diego Mayer con el tradicional Bail\u00f3dromo como show central, juegos, merienda, y la participaci\u00f3n de instituciones.<\/h1>\n","protected":false},"excerpt":{"rendered":"<div class=\"mh-excerpt\"><p>El Intendente Javier Andres junto a su equipo de trabajo celebraron los 35 a\u00f1os del barrio Arturo Illia de la ciudad de Carhu\u00e9. La fiesta, gratuita y abierta a todo p\u00fablico, se realiz\u00f3 en el Parque Principal y cont\u00f3 con la presentaci\u00f3n de Diego Mayer con el tradicional Bail\u00f3dromo como show central, juegos, merienda, y la participaci\u00f3n de instituciones.<\/p>\n<\/div>","protected":false},"author":8,"featured_media":40263,"comment_status":"open","ping_status":"closed","sticky":false,"template":"","format":"standard","meta":{"_jetpack_newsletter_access":""},"categories":[18,31,5],"tags":[],"jetpack_featured_media_url":"http:\/\/dsrmedios.com.ar\/diario\/wp-content\/uploads\/2023\/10\/WhatsApp-Image-2023-10-10-at-10.54.26.jpeg","jetpack_sharing_enabled":true,"jetpack_shortlink":"https:\/\/wp.me\/p9fihK-ato","_links":{"self":[{"href":"http:\/\/dsrmedios.com.ar\/diario\/wp-json\/wp\/v2\/posts\/40262"}],"collection":[{"href":"http:\/\/dsrmedios.com.ar\/diario\/wp-json\/wp\/v2\/posts"}],"about":[{"href":"http:\/\/dsrmedios.com.ar\/diario\/wp-json\/wp\/v2\/types\/post"}],"author":[{"embeddable":true,"href":"http:\/\/dsrmedios.com.ar\/diario\/wp-json\/wp\/v2\/users\/8"}],"replies":[{"embeddable":true,"href":"http:\/\/dsrmedios.com.ar\/diario\/wp-json\/wp\/v2\/comments?post=40262"}],"version-history":[{"count":2,"href":"http:\/\/dsrmedios.com.ar\/diario\/wp-json\/wp\/v2\/posts\/40262\/revisions"}],"predecessor-version":[{"id":40360,"href":"http:\/\/dsrmedios.com.ar\/diario\/wp-json\/wp\/v2\/posts\/40262\/revisions\/40360"}],"wp:featuredmedia":[{"embeddable":true,"href":"http:\/\/dsrmedios.com.ar\/diario\/wp-json\/wp\/v2\/media\/40263"}],"wp:attachment":[{"href":"http:\/\/dsrmedios.com.ar\/diario\/wp-json\/wp\/v2\/media?parent=40262"}],"wp:term":[{"taxonomy":"category","embeddable":true,"href":"http:\/\/dsrmedios.com.ar\/diario\/wp-json\/wp\/v2\/categories?post=40262"},{"taxonomy":"post_tag","embeddable":true,"href":"http:\/\/dsrmedios.com.ar\/diario\/wp-json\/wp\/v2\/tags?post=40262"}],"curies":[{"name":"wp","href":"https:\/\/api.w.org\/{rel}","templated":true}]}}