{"id":40248,"date":"2023-10-10T19:42:17","date_gmt":"2023-10-10T22:42:17","guid":{"rendered":"http:\/\/dsrmedios.com.ar\/diario\/?p=40248"},"modified":"2023-10-11T10:38:45","modified_gmt":"2023-10-11T13:38:45","slug":"hoy-se-define-cual-sera-la-nueva-forma-de-acceder-al-alquiler-en-argentina","status":"publish","type":"post","link":"http:\/\/dsrmedios.com.ar\/diario\/archivos\/40248","title":{"rendered":"Hoy se define cu\u00e1l ser\u00e1 la nueva forma de acceder al alquiler en Argentina"},"content":{"rendered":"\n<p>La&nbsp;<strong>C\u00e1mara de Diputados de la Naci\u00f3n<\/strong>&nbsp;sesionar\u00e1 hoy para sobre el proyecto de reforma de la&nbsp;<strong>Ley de Alquileres<\/strong>, lo que podr\u00eda marcar un rotundo cambio en el modo de acceder a la vivienda en el pa\u00eds.<\/p>\n\n\n\n<p>La votaci\u00f3n girar\u00e1 en torno a decidir\u00a0<a rel=\"noreferrer noopener\" href=\"https:\/\/infocielo.com\/politica-y-economia\/los-cambios-clave-la-ley-alquileres-que-aprobo-el-senado-n772635\" target=\"_blank\">si se aceptan o rechazan las modificaciones que incluy\u00f3 el Senado a la normativa<\/a>. En las puertas del Congreso, miles de inquilinos se nuclear\u00e1n para manifestar su descontento con algunas de las propuestas.<\/p>\n\n\n\n<p>Vale recordar que<a href=\"https:\/\/infocielo.com\/politica-y-economia\/ley-alquileres-juntos-el-cambio-logro-que-avancen-las-modificaciones-propuestas-n770079\" target=\"_blank\" rel=\"noreferrer noopener\">&nbsp;el texto que sali\u00f3 de Diputados fue impulsado por&nbsp;<strong>Juntos por el Cambio&nbsp;<\/strong><\/a>y establec\u00eda que los contratos de alquiler deb\u00edan tener&nbsp;<strong>un plazo m\u00ednimo de dos a\u00f1os y que los ajustes pod\u00edan hacerse cada cuatro meses con la libertad de ambas partes para elegir el mecanismo a emplear para calcular el porcentaje entre varias f\u00f3rmulas o \u00edndices.<\/strong><\/p>\n\n\n\n<p>La propuesta que impulsa el oficialismo, en tanto, prev\u00e9 que se mantengan los<strong>&nbsp;tres a\u00f1os&nbsp;<\/strong>de contrato y que estos deber\u00e1n ser estipulados&nbsp;<strong>&#8220;en valor \u00fanico en moneda nacional y por per\u00edodos mensuales sobre el cual podr\u00e1n realizarse ajustes con periodicidad a intervalos no inferiores a seis meses&#8221;.<\/strong><\/p>\n\n\n\n<p>Tambi\u00e9n, el Senado modific\u00f3 el mecanismo de actualizaci\u00f3n del precio de los alquileres y estableci\u00f3 que &#8220;los ajustes deber\u00e1n efectuarse utilizando un coeficiente conformado por la menor variaci\u00f3n que surja de comparar el promedio del 0,9 de la variaci\u00f3n del coeficiente de variaci\u00f3n salarial publicado por el Indec y la variaci\u00f3n del Coeficiente de Estabilizaci\u00f3n de Referencia (CER), publicado por el BCRA&#8221;.<\/p>\n\n\n\n<figure class=\"wp-block-image\"><img decoding=\"async\" src=\"https:\/\/media.infocielo.com\/p\/1a1893d16c774ecfdf47fa17e1610abf\/adjuntos\/299\/imagenes\/001\/729\/0001729788\/887x0\/smart\/whatsapp-image-2023-08-23-at-131516-1jpeg.jpeg\" alt=\"La C&aacute;mara de Diputados debatir&aacute; la reforma de la Ley de Alquileres, entre otros proyectos.\" title=\"La C&aacute;mara de Diputados debatir&aacute; la reforma de la Ley de Alquileres, entre otros proyectos.\"\/><\/figure>\n\n\n\n<p>La C\u00e1mara de Diputados debatir\u00e1 la reforma de la Ley de Alquileres, entre otros proyectos.<\/p>\n\n\n\n<p>El texto aprobado por el Senado, adem\u00e1s, incorpor\u00f3 que &#8220;los ingresos provenientes de locaci\u00f3n de hasta dos inmuebles estar\u00e1n exentos del pago del monotributo&#8221;.<\/p>\n\n\n\n<p>\u00bfQu\u00e9 pasa si no hay consenso sobre ninguna de las dos opciones? Deesde el oficialismo se\u00f1alan que, al no poder insistir Diputados con su texto original, quedar\u00e1 avalado el del Senado, seg\u00fan el art\u00edculo 81 de la Constituci\u00f3n.<\/p>\n\n\n\n<p>Mientras tanto, en la oposici\u00f3n se\u00f1alan que queda la ley vigente, ya que el art\u00edculo 82 de la Carta Magna impide la sanci\u00f3n &#8220;t\u00e1cita o ficta&#8221; de un proyecto.<\/p>\n\n\n\n<p>En otro plano, Diputados tratar\u00e1 los proyectos de\u00a0<a rel=\"noreferrer noopener\" href=\"https:\/\/infocielo.com\/politica-y-economia\/quedo-listo-tratarse-diputados-el-proyecto-que-la-devolucion-del-iva-sea-ley-n772982\" target=\"_blank\">devoluci\u00f3n del IVA a sectores de menores ingresos<\/a>, de fomento la producci\u00f3n del Gas Natural Licuado (GNL) y a la industria del calzado y su cadena de valor. Tambi\u00e9n fueron incluidos un proyecto denominado &#8216;Argentina Inclusiva&#8217;; el Plan de Ciencia y Tecnolog\u00eda 2030; la Ley &#8216;Olimpia&#8217; y la creaci\u00f3n de tres universidades nacionales.<\/p>\n\n\n\n<p>Fuente: INFOCIELO<\/p>\n","protected":false},"excerpt":{"rendered":"<div class=\"mh-excerpt\"><p>La&nbsp;C\u00e1mara de Diputados de la Naci\u00f3n&nbsp;sesionar\u00e1 hoy para sobre el proyecto de reforma de la&nbsp;Ley de Alquileres, lo que podr\u00eda marcar un rotundo cambio en el modo de acceder a la vivienda en el pa\u00eds. La votaci\u00f3n girar\u00e1 en torno a decidir\u00a0si se aceptan o rechazan las modificaciones que incluy\u00f3 el Senado a la normativa. En las puertas del Congreso, miles de inquilinos se nuclear\u00e1n para manifestar su descontento con algunas de las propuestas. Vale recordar que&nbsp;el texto que sali\u00f3 de Diputados fue impulsado por&nbsp;Juntos por el Cambio&nbsp;y establec\u00eda que los contratos de alquiler deb\u00edan tener&nbsp;un plazo m\u00ednimo de dos <a class=\"mh-excerpt-more\" href=\"http:\/\/dsrmedios.com.ar\/diario\/archivos\/40248\" title=\"Hoy se define cu\u00e1l ser\u00e1 la nueva forma de acceder al alquiler en Argentina\">[Leer m\u00e1s]<\/a><\/p>\n<\/div>","protected":false},"author":8,"featured_media":40259,"comment_status":"open","ping_status":"closed","sticky":false,"template":"","format":"standard","meta":{"_jetpack_newsletter_access":""},"categories":[6],"tags":[],"jetpack_featured_media_url":"http:\/\/dsrmedios.com.ar\/diario\/wp-content\/uploads\/2023\/10\/whatsapp-image-2023-08-23-at-131516-1jpeg.webp","jetpack_sharing_enabled":true,"jetpack_shortlink":"https:\/\/wp.me\/p9fihK-ata","_links":{"self":[{"href":"http:\/\/dsrmedios.com.ar\/diario\/wp-json\/wp\/v2\/posts\/40248"}],"collection":[{"href":"http:\/\/dsrmedios.com.ar\/diario\/wp-json\/wp\/v2\/posts"}],"about":[{"href":"http:\/\/dsrmedios.com.ar\/diario\/wp-json\/wp\/v2\/types\/post"}],"author":[{"embeddable":true,"href":"http:\/\/dsrmedios.com.ar\/diario\/wp-json\/wp\/v2\/users\/8"}],"replies":[{"embeddable":true,"href":"http:\/\/dsrmedios.com.ar\/diario\/wp-json\/wp\/v2\/comments?post=40248"}],"version-history":[{"count":1,"href":"http:\/\/dsrmedios.com.ar\/diario\/wp-json\/wp\/v2\/posts\/40248\/revisions"}],"predecessor-version":[{"id":40260,"href":"http:\/\/dsrmedios.com.ar\/diario\/wp-json\/wp\/v2\/posts\/40248\/revisions\/40260"}],"wp:featuredmedia":[{"embeddable":true,"href":"http:\/\/dsrmedios.com.ar\/diario\/wp-json\/wp\/v2\/media\/40259"}],"wp:attachment":[{"href":"http:\/\/dsrmedios.com.ar\/diario\/wp-json\/wp\/v2\/media?parent=40248"}],"wp:term":[{"taxonomy":"category","embeddable":true,"href":"http:\/\/dsrmedios.com.ar\/diario\/wp-json\/wp\/v2\/categories?post=40248"},{"taxonomy":"post_tag","embeddable":true,"href":"http:\/\/dsrmedios.com.ar\/diario\/wp-json\/wp\/v2\/tags?post=40248"}],"curies":[{"name":"wp","href":"https:\/\/api.w.org\/{rel}","templated":true}]}}