{"id":40239,"date":"2023-10-10T10:58:52","date_gmt":"2023-10-10T13:58:52","guid":{"rendered":"http:\/\/dsrmedios.com.ar\/diario\/?p=40239"},"modified":"2023-10-10T10:58:54","modified_gmt":"2023-10-10T13:58:54","slug":"la-letra-chica-del-proyecto-para-reformar-la-legislatura-bonaerense-en-medio-del-caso-chocolate-y-el-escandalo-insaurralde","status":"publish","type":"post","link":"http:\/\/dsrmedios.com.ar\/diario\/archivos\/40239","title":{"rendered":"La letra chica del proyecto para reformar la Legislatura bonaerense en medio del caso \u201cChocolate\u201d y el esc\u00e1ndalo Insaurralde"},"content":{"rendered":"\n<p>Al final, y en medio de la investigaci\u00f3n por el caso \u201cChocolate\u201d, la oposici\u00f3n de Juntos por el Cambio present\u00f3 el proyecto de ley de reforma constitucional que busca pasar al&nbsp;<strong>sistema unicameral a la Legislatura bonaerense, conformada, de aprobarse, por 80 legisladores -53 menos que la composici\u00f3n actual-<\/strong>&nbsp;que se deber\u00edan renovar cada cuatro a\u00f1os, es decir, promueve la suspensi\u00f3n de las elecciones de medio t\u00e9rmino.<\/p>\n\n\n\n<p>\u201cProponemos que el Poder Legislativo de la provincia de Buenos Aires se organice con una Legislatura unicameral, conformada por&nbsp;<strong>80 legisladores provinciales, la mitad (40) se elegir\u00e1n por un total de 5 para cada una de las 8 secciones electorales<\/strong>&nbsp;en las que actualmente se divide la provincia de Buenos Aires, y la otra mitad (40) se elegir\u00e1n por una lista de orden provincial. En todos los casos (representaci\u00f3n provincial y seccional) la legislaci\u00f3n electoral establecer\u00e1 un sistema de representaci\u00f3n proporcional\u201d, resalta el texto al que accedi\u00f3 este medio y que fue presentado por mesa de entradas de la C\u00e1mara baja el pasado viernes, con la firma de&nbsp;<strong>Maximiliano Abad<\/strong>, el presidente del bloque de Juntos en ese recinto.<\/p>\n\n\n\n<p>El proyecto plantea la \u201creforma parcial\u201d de los primeros siete art\u00edculos de la secci\u00f3n VI de la Constituci\u00f3n bonaerense, y la convocatoria al electorado provincial para la elecci\u00f3n de los diputados convencionales que, en caso de tener consenso, avanzar\u00e1n en la modificaci\u00f3n de la ley.<\/p>\n\n\n\n<p>\u201cSi analizamos el derecho p\u00fablico provincial observaremos que actualmente de los 24 Estados que conforman el Estado federal, solo ocho conservan sistemas legislativos bicamerales, mientras que 16 han adoptado sistemas unicamerales. En el marco de los distintos procesos de reforma pol\u00edtica en curso,&nbsp;<strong>la tendencia parece indicar que el unicameralismo ha recobrado la predominancia en el \u00e1mbito legislativo provincial<\/strong>\u201d, agrega la presentaci\u00f3n.<\/p>\n\n\n\n<p><img decoding=\"async\" loading=\"lazy\" alt=\"La Legislatura bonaerense \" height=\"1081\" width=\"1919\" src=\"https:\/\/www.infobae.com\/new-resizer\/ZbCD-TwckPaiBD8DXxEqXbp_LIk=\/arc-anglerfish-arc2-prod-infobae\/public\/L57W7SQ5IZCLRA4GVNIG6ZBTYY.jpg\" srcset=\"https:\/\/www.infobae.com\/new-resizer\/zjqRQYWs1NagO6QrBd7Ocshe_yc=\/420x236\/filters:format(webp):quality(85)\/cloudfront-us-east-1.images.arcpublishing.com\/infobae\/L57W7SQ5IZCLRA4GVNIG6ZBTYY.jpg 420w,https:\/\/www.infobae.com\/new-resizer\/qShVqCLH3O0hxG4GxQenyRDHfeU=\/768x432\/filters:format(webp):quality(85)\/cloudfront-us-east-1.images.arcpublishing.com\/infobae\/L57W7SQ5IZCLRA4GVNIG6ZBTYY.jpg 768w,https:\/\/www.infobae.com\/new-resizer\/UnwtclaaMeWiO927e1cn6i79A9s=\/992x558\/filters:format(webp):quality(85)\/cloudfront-us-east-1.images.arcpublishing.com\/infobae\/L57W7SQ5IZCLRA4GVNIG6ZBTYY.jpg 992w,https:\/\/www.infobae.com\/new-resizer\/iKuoXJ36NIQG57sSeVYU-9mCrMs=\/1200x675\/filters:format(webp):quality(85)\/cloudfront-us-east-1.images.arcpublishing.com\/infobae\/L57W7SQ5IZCLRA4GVNIG6ZBTYY.jpg 1200w,https:\/\/www.infobae.com\/new-resizer\/78tSL2yAvSH9rc-1q0kQ2GSXdZY=\/1440x810\/filters:format(webp):quality(85)\/cloudfront-us-east-1.images.arcpublishing.com\/infobae\/L57W7SQ5IZCLRA4GVNIG6ZBTYY.jpg 1440w\">La Legislatura bonaerense<\/p>\n\n\n\n<p>La reforma legislativa no era una prioridad de la pol\u00edtica bonaerense hasta que el puntero del PJ\u00a0<strong>Julio \u201cChocolate\u201d Rigau<\/strong>\u00a0fue detenido\u00a0<em>in fraganti\u00a0<\/em>en un cajero autom\u00e1tico del centro de La Plata con miles de pesos y casi medio centenar de tarjetas de d\u00e9bito de empleados y supuestos trabajadores de la Legislatura, una trama que desnud\u00f3 el financiamiento opaco del sistema de poder de la provincia que termin\u00f3 de comprobarse cuando la modelo\u00a0<strong>Sof\u00eda Clerici<\/strong>\u00a0public\u00f3 en sus redes las fotos de\u00a0<strong>Mart\u00edn Insaurralde<\/strong>\u00a0en un yate de lujo en la costa del sol espa\u00f1ola.<\/p>\n\n\n\n<p>La C\u00e1mara baja de la Legislatura es controlada por&nbsp;<strong>Federico Oterm\u00edn<\/strong>, el candidato a intendente de Lomas de Zamora de Uni\u00f3n por la Patria, un legislador de extrema confianza de Insaurralde. En el municipio, el segundo m\u00e1s populoso del Gran Buenos Aires detr\u00e1s de La Matanza, aseguran que los \u201cchocolates\u201d no pertenec\u00edan solo al peronismo, si no que los beneficios derramaban en todo el sistema pol\u00edtico.<\/p>\n\n\n\n<p>En diciembre pasado, la Legislatura aprob\u00f3 para este a\u00f1o una partida de m\u00e1s de&nbsp;<strong>$36.000 millones&nbsp;<\/strong>para la C\u00e1mara de Diputados y algo m\u00e1s de<strong>&nbsp;$25.000 millones<\/strong>&nbsp;para el Senado provincial para el funcionamiento y el personal de plantas permanente y temporaria de ambos recintos. Una friolera fabulosa que lleva d\u00e9cadas de funcionamiento.<\/p>\n\n\n\n<p>Fuentes del bloque opositor explicaron que en el proyecto trabajaron una serie de constitucionalistas y colaboradores y que del resultado del 22 de octubre depender\u00e1 el nivel de consenso que pueda alcanzarse en torno al texto.&nbsp;<strong>\u201cPuede haber una chance\u201d<\/strong>, remarcaron desde Juntos.<\/p>\n\n\n\n<p><img decoding=\"async\" loading=\"lazy\" alt=\"Axel Kicillof se mostr\u00f3 dispuesto a discutir el proyecto para reformar el congreso provincial \" height=\"1080\" width=\"1920\" src=\"https:\/\/www.infobae.com\/new-resizer\/vtsc7Cp3JLZnga1W2iZGML8lwZM=\/arc-anglerfish-arc2-prod-infobae\/public\/3JTPSDI6S5DBFIV3V4HMW3ERSE.jpg\" srcset=\"https:\/\/www.infobae.com\/new-resizer\/2ALbaNp1gz6OFpgHvAOAlz_QBVI=\/420x236\/filters:format(webp):quality(85)\/cloudfront-us-east-1.images.arcpublishing.com\/infobae\/3JTPSDI6S5DBFIV3V4HMW3ERSE.jpg 420w,https:\/\/www.infobae.com\/new-resizer\/ky9JfoOOk0Wm7KpgnbuwvstG31M=\/768x432\/filters:format(webp):quality(85)\/cloudfront-us-east-1.images.arcpublishing.com\/infobae\/3JTPSDI6S5DBFIV3V4HMW3ERSE.jpg 768w,https:\/\/www.infobae.com\/new-resizer\/yml8OdIFxFygb3bbOcy0KzZm--Y=\/992x558\/filters:format(webp):quality(85)\/cloudfront-us-east-1.images.arcpublishing.com\/infobae\/3JTPSDI6S5DBFIV3V4HMW3ERSE.jpg 992w,https:\/\/www.infobae.com\/new-resizer\/W_Skk9-6nFoSGUPoVO8PfNq9yj4=\/1200x675\/filters:format(webp):quality(85)\/cloudfront-us-east-1.images.arcpublishing.com\/infobae\/3JTPSDI6S5DBFIV3V4HMW3ERSE.jpg 1200w,https:\/\/www.infobae.com\/new-resizer\/Nejr45UGzm_fJPLarGA8HYxohyg=\/1440x810\/filters:format(webp):quality(85)\/cloudfront-us-east-1.images.arcpublishing.com\/infobae\/3JTPSDI6S5DBFIV3V4HMW3ERSE.jpg 1440w\">Axel Kicillof se mostr\u00f3 dispuesto a discutir el proyecto para reformar el congreso provincial<\/p>\n\n\n\n<p>Lo cierto es que el primero en recoger el guante fue el gobernador\u00a0<strong>Axel Kicillof<\/strong>, que fue sorprendido por el caso \u201cChocolate\u201d, pero tuvo un shock mucho mayor cuando sus colaboradores le avisaron, mientras participaba de un acto de la UOM, que hab\u00edan aparecido im\u00e1genes de su ahora ex jefe de Gabinete a bordo de un yate en Marbella. El gobernador estaba con el secretario general del gremio metal\u00fargico, Abel Furl\u00e1n, en un plenario en San Vicente, casualmente, el distrito preferido de Insaurralde del Gran Buenos Aires para llevar adelante algunas de sus inversiones inmobiliarias.<\/p>\n\n\n\n<p>\u201cCreo que ya lo he dicho, pero es importante repetirlo: por supuesto que, puesto un t\u00edtulo as\u00ed, habr\u00eda que ver la letra chica, pero s\u00ed,&nbsp;<strong>por supuesto que estamos dispuestos a dar el debate<\/strong>\u201d,&nbsp;<a rel=\"noreferrer noopener\" href=\"https:\/\/www.infobae.com\/politica\/2023\/10\/04\/caso-chocolate-axel-kicillof-adelanto-que-evaluara-la-propuesta-de-la-oposicion-para-reformar-la-legislatura-bonaerense\/\" target=\"_blank\">dijo Kicillof la semana pasada durante una recorrida de campa\u00f1a.<\/a>&nbsp;En La Plata remarcaron de todos modos que, en caso de ser reelecto, el gobernador quiere negociar una amplia reforma constitucional que incluya, por ejemplo, el financiamiento electoral que hoy no est\u00e1 regulado en territorio provincial por ninguna ley.<\/p>\n\n\n\n<p>Seg\u00fan el proyecto de la oposici\u00f3n, entre los \u201cobjetivos de la reforma\u201d se describen \u201cmejorar la representaci\u00f3n pol\u00edtica, ahorrar tiempos legislativos para el tratamiento y la sanci\u00f3n de las leyes provinciales\u201d, y \u201cbajar el gasto p\u00fablico\u201d.<\/p>\n\n\n\n<p><img decoding=\"async\" loading=\"lazy\" alt=\"Maximiliano Abad, el diputado de Juntos que present\u00f3 la iniciativa \" height=\"1080\" width=\"1920\" src=\"https:\/\/www.infobae.com\/new-resizer\/03p7kBlJL1wSJYRZsbwfW1AGaHc=\/arc-anglerfish-arc2-prod-infobae\/public\/ELUIA7ARBBHSXBWCVOMXZV6W3U.jpg\" srcset=\"https:\/\/www.infobae.com\/new-resizer\/qj9Petg-_Hs1AnDmlHAc50QlUrY=\/420x236\/filters:format(webp):quality(85)\/cloudfront-us-east-1.images.arcpublishing.com\/infobae\/ELUIA7ARBBHSXBWCVOMXZV6W3U.jpg 420w,https:\/\/www.infobae.com\/new-resizer\/4L9AQaABJF3cTxE6oQgaL57KLIk=\/768x432\/filters:format(webp):quality(85)\/cloudfront-us-east-1.images.arcpublishing.com\/infobae\/ELUIA7ARBBHSXBWCVOMXZV6W3U.jpg 768w,https:\/\/www.infobae.com\/new-resizer\/fytliRrji1R57s_o7677yTYgrjU=\/992x558\/filters:format(webp):quality(85)\/cloudfront-us-east-1.images.arcpublishing.com\/infobae\/ELUIA7ARBBHSXBWCVOMXZV6W3U.jpg 992w,https:\/\/www.infobae.com\/new-resizer\/af0SOB2ILHlO5EfO2M9BktaxG2c=\/1200x675\/filters:format(webp):quality(85)\/cloudfront-us-east-1.images.arcpublishing.com\/infobae\/ELUIA7ARBBHSXBWCVOMXZV6W3U.jpg 1200w,https:\/\/www.infobae.com\/new-resizer\/7iB3C-NKrEcqPJRch_bQ-rjd1gE=\/1440x810\/filters:format(webp):quality(85)\/cloudfront-us-east-1.images.arcpublishing.com\/infobae\/ELUIA7ARBBHSXBWCVOMXZV6W3U.jpg 1440w\">Maximiliano Abad, el diputado de Juntos que present\u00f3 la iniciativa<\/p>\n\n\n\n<p>Mientras tanto, a pesar de que Insaurralde cop\u00f3 la agenda p\u00fablica con su reciente viaje por la costa del sol espa\u00f1ola, que le vali\u00f3 la renuncia no solo a la Jefatura de Gabinete provincial si no tambi\u00e9n a la candidatura a primer concejal de Lomas, la causa denominada \u201cChocolate\u201d sigue su curso, a pesar de los intentos de parte del sistema pol\u00edtico bonaerense para que termine archivada en un caj\u00f3n.<\/p>\n\n\n\n<p>La semana pasada,&nbsp;<a rel=\"noreferrer noopener\" href=\"https:\/\/www.infobae.com\/judiciales\/2023\/10\/05\/caso-chocolate-la-fiscal-investiga-a-otras-25-personas-a-raiz-de-las-pruebas-secuestradas-en-la-casa-del-puntero-del-pj\/\" target=\"_blank\">la fiscal Betina Lacki ampli\u00f3 el listado de personas investigadas&nbsp;<\/a>m\u00e1s all\u00e1 de los 48 due\u00f1os de las tarjetas de d\u00e9bito secuestradas al puntero Rigau despu\u00e9s de encontrar un cuaderno con otras 25 personas que se secuestr\u00f3 en la casa del dirigente. La fiscal quiere saber si esas personas son empleadas legislativas y, en todo caso, quiere tener acceso a sus legajos.<\/p>\n\n\n\n<p>Oterm\u00edn ya le hab\u00eda mandado los legajos de los 48 titulares de las tarjetas: la mayor\u00eda, seg\u00fan trascendi\u00f3, ingres\u00f3 a la Legislatura para trabajar en el bloque del oficialismo, aunque algunos de los implicados estar\u00edan vinculados a la oposici\u00f3n.<\/p>\n\n\n\n<p>La Justicia debe dilucidar adem\u00e1s el contenido del tel\u00e9fono secuestrado a \u201cChocolate\u201d:\u00a0<strong>es una de las medidas que m\u00e1s inquieta al sistema pol\u00edtico provincial.<\/strong><\/p>\n\n\n\n<p>Fuente: Infobae<\/p>\n","protected":false},"excerpt":{"rendered":"<div class=\"mh-excerpt\"><p>Al final, y en medio de la investigaci\u00f3n por el caso \u201cChocolate\u201d, la oposici\u00f3n de Juntos por el Cambio present\u00f3 el proyecto de ley de reforma constitucional que busca pasar al&nbsp;sistema unicameral a la Legislatura bonaerense, conformada, de aprobarse, por 80 legisladores -53 menos que la composici\u00f3n actual-&nbsp;que se deber\u00edan renovar cada cuatro a\u00f1os, es decir, promueve la suspensi\u00f3n de las elecciones de medio t\u00e9rmino. \u201cProponemos que el Poder Legislativo de la provincia de Buenos Aires se organice con una Legislatura unicameral, conformada por&nbsp;80 legisladores provinciales, la mitad (40) se elegir\u00e1n por un total de 5 para cada una de <a class=\"mh-excerpt-more\" href=\"http:\/\/dsrmedios.com.ar\/diario\/archivos\/40239\" title=\"La letra chica del proyecto para reformar la Legislatura bonaerense en medio del caso \u201cChocolate\u201d y el esc\u00e1ndalo Insaurralde\">[Leer m\u00e1s]<\/a><\/p>\n<\/div>","protected":false},"author":8,"featured_media":40241,"comment_status":"open","ping_status":"closed","sticky":false,"template":"","format":"standard","meta":{"_jetpack_newsletter_access":""},"categories":[6],"tags":[],"jetpack_featured_media_url":"http:\/\/dsrmedios.com.ar\/diario\/wp-content\/uploads\/2023\/10\/unnamed.jpg","jetpack_sharing_enabled":true,"jetpack_shortlink":"https:\/\/wp.me\/p9fihK-at1","_links":{"self":[{"href":"http:\/\/dsrmedios.com.ar\/diario\/wp-json\/wp\/v2\/posts\/40239"}],"collection":[{"href":"http:\/\/dsrmedios.com.ar\/diario\/wp-json\/wp\/v2\/posts"}],"about":[{"href":"http:\/\/dsrmedios.com.ar\/diario\/wp-json\/wp\/v2\/types\/post"}],"author":[{"embeddable":true,"href":"http:\/\/dsrmedios.com.ar\/diario\/wp-json\/wp\/v2\/users\/8"}],"replies":[{"embeddable":true,"href":"http:\/\/dsrmedios.com.ar\/diario\/wp-json\/wp\/v2\/comments?post=40239"}],"version-history":[{"count":1,"href":"http:\/\/dsrmedios.com.ar\/diario\/wp-json\/wp\/v2\/posts\/40239\/revisions"}],"predecessor-version":[{"id":40242,"href":"http:\/\/dsrmedios.com.ar\/diario\/wp-json\/wp\/v2\/posts\/40239\/revisions\/40242"}],"wp:featuredmedia":[{"embeddable":true,"href":"http:\/\/dsrmedios.com.ar\/diario\/wp-json\/wp\/v2\/media\/40241"}],"wp:attachment":[{"href":"http:\/\/dsrmedios.com.ar\/diario\/wp-json\/wp\/v2\/media?parent=40239"}],"wp:term":[{"taxonomy":"category","embeddable":true,"href":"http:\/\/dsrmedios.com.ar\/diario\/wp-json\/wp\/v2\/categories?post=40239"},{"taxonomy":"post_tag","embeddable":true,"href":"http:\/\/dsrmedios.com.ar\/diario\/wp-json\/wp\/v2\/tags?post=40239"}],"curies":[{"name":"wp","href":"https:\/\/api.w.org\/{rel}","templated":true}]}}