{"id":40233,"date":"2023-10-10T10:57:09","date_gmt":"2023-10-10T13:57:09","guid":{"rendered":"http:\/\/dsrmedios.com.ar\/diario\/?p=40233"},"modified":"2023-10-10T10:57:11","modified_gmt":"2023-10-10T13:57:11","slug":"los-movimientos-sociales-se-movilizaran-al-congreso-para-apoyar-la-ley-iva-que-impulsa-sergio-massa","status":"publish","type":"post","link":"http:\/\/dsrmedios.com.ar\/diario\/archivos\/40233","title":{"rendered":"Los movimientos sociales se movilizar\u00e1n al Congreso para apoyar la \u201cLey IVA\u201d que impulsa Sergio Massa"},"content":{"rendered":"\n<p><strong>Los movimientos sociales oficialistas<\/strong>, representados en la&nbsp;<strong>Uni\u00f3n Trabajadores de la Econom\u00eda Popular (UTEP)<\/strong>, se dirigir\u00e1n al&nbsp;<strong>Congreso de la Naci\u00f3n<\/strong>&nbsp;a partir del mediod\u00eda en apoyo al proyecto de ley propuesto por el&nbsp;<strong>ministro de Econom\u00eda Sergio Massa<\/strong>. Esta propuesta contempla la devoluci\u00f3n del&nbsp;<strong>IVA<\/strong>&nbsp;en productos de la canasta b\u00e1sica para los sectores con ingresos reducidos. Figuras destacadas de la econom\u00eda popular, como&nbsp;<strong>Esteban \u201cGringo\u201d Castro<\/strong>,&nbsp;<strong>Emilio P\u00e9rsico<\/strong>,&nbsp;<strong>Fernando \u201cChino\u201d Navarro<\/strong>,&nbsp;<strong>Daniel Men\u00e9ndez<\/strong>,&nbsp;<strong>Juan Grabois<\/strong>&nbsp;y&nbsp;<strong>Juan Carlos Alderete<\/strong>, respaldan la iniciativa.<\/p>\n\n\n\n<p>El proyecto establece que esta medida entrar\u00e1 en vigencia el 1 de enero de 2024. Asimismo, da autoridad para ampliar la lista de beneficiarios. Actualmente, esta devoluci\u00f3n ya se aplica por un decreto de necesidad y urgencia<\/p>\n\n\n\n<p>La&nbsp;<strong>Comisi\u00f3n de Presupuesto y Hacienda<\/strong>&nbsp;de la&nbsp;<strong>C\u00e1mara de Diputados<\/strong>&nbsp;aprob\u00f3 el proyecto, que determina la devoluci\u00f3n del&nbsp;<strong>IVA<\/strong>&nbsp;en productos esenciales, el pasado mi\u00e9rcoles. En la sesi\u00f3n de hoy, el oficialismo intentar\u00e1 obtener la media sanci\u00f3n.<\/p>\n\n\n\n<p>En su art\u00edculo 1, la propuesta se\u00f1ala que los beneficiarios del reintegro del\u00a0<strong>IVA<\/strong>\u00a0ser\u00e1n los jubilados, pensionados y quienes reciben pensiones no contributivas cuyo monto mensual no supera seis haberes m\u00ednimos garantizados. Tambi\u00e9n incluye a los beneficiarios de asignaciones universales.<\/p>\n\n\n\n<p>\u201cEs fundamental seguir promoviendo<strong>&nbsp;medidas que lleguen a los trabajadores y las trabajadoras&nbsp;<\/strong>que m\u00e1s lo necesitan y, sea cual fuera el contexto, acompa\u00f1aremos dichas iniciativas y pelearemos para que sean leyes que consoliden derechos en el tiempo\u201d, proclamaron las organizaciones sociales que integran Uni\u00f3n por la Patria en la convocatoria.<\/p>\n\n\n\n<p><img decoding=\"async\" loading=\"lazy\" alt=\"Las organizaciones sociales oficialistas apoyan la &quot;Ley IVA&quot; enviada por Sergio Massa al Congreso de la Naci\u00f3n. \" height=\"1280\" width=\"1920\" src=\"https:\/\/www.infobae.com\/new-resizer\/eNqYYIhruDowRX9h_TXgCGx23V4=\/arc-anglerfish-arc2-prod-infobae\/public\/4XOKDWHAPVDETD4UHX3RV4H3WE.jpeg\" srcset=\"https:\/\/www.infobae.com\/new-resizer\/KN_j87Ikp9YM9tIxSaJavdt8dzc=\/420x280\/filters:format(webp):quality(85)\/cloudfront-us-east-1.images.arcpublishing.com\/infobae\/4XOKDWHAPVDETD4UHX3RV4H3WE.jpeg 420w,https:\/\/www.infobae.com\/new-resizer\/1o60aq1zo-0lQdQ53uVdesCecqA=\/768x512\/filters:format(webp):quality(85)\/cloudfront-us-east-1.images.arcpublishing.com\/infobae\/4XOKDWHAPVDETD4UHX3RV4H3WE.jpeg 768w,https:\/\/www.infobae.com\/new-resizer\/7JECRlnTXim7Eh-b4XuANZ7-EWE=\/992x661\/filters:format(webp):quality(85)\/cloudfront-us-east-1.images.arcpublishing.com\/infobae\/4XOKDWHAPVDETD4UHX3RV4H3WE.jpeg 992w,https:\/\/www.infobae.com\/new-resizer\/ST8qTHXl3RmWV2-75MMaYH_U7Pk=\/1200x800\/filters:format(webp):quality(85)\/cloudfront-us-east-1.images.arcpublishing.com\/infobae\/4XOKDWHAPVDETD4UHX3RV4H3WE.jpeg 1200w,https:\/\/www.infobae.com\/new-resizer\/zc3GqLOSCNectSTrnd6aCman8SA=\/1440x960\/filters:format(webp):quality(85)\/cloudfront-us-east-1.images.arcpublishing.com\/infobae\/4XOKDWHAPVDETD4UHX3RV4H3WE.jpeg 1440w\">Las organizaciones sociales oficialistas apoyan la &#8220;Ley IVA&#8221; enviada por Sergio Massa al Congreso de la Naci\u00f3n.<\/p>\n\n\n\n<p>En di\u00e1logo con\u00a0<strong>Infobae<\/strong>, Daniel Men\u00e9ndez afirm\u00f3: \u201cSer\u00e1 fundamental seguir fortaleciendo nuestro sector y consolidar pol\u00edticas que refuercen la producci\u00f3n popular y comunitaria y avanzar en un proceso de institucionalizar a los trabajadores y trabajadoras de la econom\u00eda popular y consolidar una pol\u00edtica como el Refuerzo para Trabajadores Informales, un aporte fundamental que alivia a la econom\u00eda popular no organizada\u201d.<\/p>\n\n\n\n<p>El coordinador nacional de Somos Barrios de Pie record\u00f3 que tambi\u00e9n ser\u00e1n alcanzados por este beneficio \u201clos&nbsp;<strong>trabajadores&nbsp;<\/strong>que presten servicios remunerados en relaci\u00f3n de dependencia en la actividad privada o p\u00fablica, siempre que el ingreso mensual no supere la suma equivalente a seis veces el Salario M\u00ednimo, Vital y M\u00f3vil los comprendidos dentro del R\u00e9gimen Especial de Contrato de Trabajo para el Personal de<strong>&nbsp;Casas Particulares<\/strong>&nbsp;y aportantes del R\u00e9gimen Simplificado para Peque\u00f1os Contribuyentes que se encuentren encuadradas y encuadrados en la Ley 24.977\u2033.<\/p>\n\n\n\n<p>El proyecto, que podr\u00eda tener media sanci\u00f3n este martes, tambi\u00e9n precisa que \u201cest\u00e1n alcanzadas por el beneficio de este Programa las compras de bienes en el marco de la<strong>&nbsp;Tarjeta Alimentar<\/strong>&nbsp;o de las tarjetas emitidas a beneficiarias y beneficiarios del Programa Nacional de Inclusi\u00f3n Socio-Productiva y Desarrollo Local-Potenciar Trabajo\u201d. Este \u00faltimo es el principal programa del ministerio de Desarrollo Social e involucra a casi 1.200.000 personas.<\/p>\n\n\n\n<p><img decoding=\"async\" loading=\"lazy\" alt=\"los principales referentes sociales y de la econom\u00eda popular apoyan  la devoluci\u00f3n del IVA \" height=\"1080\" width=\"1920\" src=\"https:\/\/www.infobae.com\/new-resizer\/LKOW5ywM-f2IbtX5DgIIOC_99_Y=\/arc-anglerfish-arc2-prod-infobae\/public\/V6KJYUDYDZCGFEAWF4JNUSHB5Q.jpg\" srcset=\"https:\/\/www.infobae.com\/new-resizer\/X5FMGPKXTNqHqusf7xCxlAoALOY=\/420x236\/filters:format(webp):quality(85)\/cloudfront-us-east-1.images.arcpublishing.com\/infobae\/V6KJYUDYDZCGFEAWF4JNUSHB5Q.jpg 420w,https:\/\/www.infobae.com\/new-resizer\/nav2iteVVO5S-im4y68E65cdj-g=\/768x432\/filters:format(webp):quality(85)\/cloudfront-us-east-1.images.arcpublishing.com\/infobae\/V6KJYUDYDZCGFEAWF4JNUSHB5Q.jpg 768w,https:\/\/www.infobae.com\/new-resizer\/rKRJbljNPbf7XJw9ZAdhg7TKy20=\/992x558\/filters:format(webp):quality(85)\/cloudfront-us-east-1.images.arcpublishing.com\/infobae\/V6KJYUDYDZCGFEAWF4JNUSHB5Q.jpg 992w,https:\/\/www.infobae.com\/new-resizer\/WPTcZoolxymtRQgi9Qrnz3L667M=\/1200x675\/filters:format(webp):quality(85)\/cloudfront-us-east-1.images.arcpublishing.com\/infobae\/V6KJYUDYDZCGFEAWF4JNUSHB5Q.jpg 1200w,https:\/\/www.infobae.com\/new-resizer\/7hpQS65eHnzVmuVwsR8-NkwJzVs=\/1440x810\/filters:format(webp):quality(85)\/cloudfront-us-east-1.images.arcpublishing.com\/infobae\/V6KJYUDYDZCGFEAWF4JNUSHB5Q.jpg 1440w\">los principales referentes sociales y de la econom\u00eda popular apoyan la devoluci\u00f3n del IVA<\/p>\n\n\n\n<p>Las organizaciones sociales nucleadas en la UTEP aspiran a reunir a unas 50 mil personas en la Plaza del Congreso. Adem\u00e1s de apoyar la iniciativa enviada al parlamento por el ministro de econom\u00eda,&nbsp;<strong>ser\u00e1 una nueva manifestaci\u00f3n de apoyo en favor de la candidatura presidencial de Sergio Massa<\/strong>. \u201cHay que cerrarle el paso a la derecha\u201d, afirm\u00f3, por ejemplo, el diputado nacional y l\u00edder de la CCC Juan Carlos Alderete.<\/p>\n\n\n\n<p>Alderete dijo tambi\u00e9n que el oficialismo cuenta con el&nbsp;<strong>apoyo de los interbloques Provincias Unidas<\/strong>, una parte del&nbsp;<strong>Federal&nbsp;<\/strong>y la&nbsp;<strong>Izquierda<\/strong>. Adem\u00e1s, se descuenta que los<strong>&nbsp;libertarios de Javier Milei&nbsp;<\/strong>apoyar\u00edan esta nueva reducci\u00f3n de impuestos (tal como hicieron con Ganancias) por lo cual la bancada del Frente de Todos tendr\u00eda el camino libre para&nbsp;<strong>avanzar con la media sanci\u00f3n.<\/strong><\/p>\n\n\n\n<p>\u201cEntendemos que este tipo de iniciativas como la quita del IVA a los alimentos, un nuevo IFE, bono a los jubilados, el aumento al salario m\u00ednimo vital y m\u00f3vil, y dem\u00e1s medidas que llevaron alivio a los bolsillos populares tan castigados por la inflaci\u00f3n\u201d, opin\u00f3 el diputado.<\/p>\n\n\n\n<p><img decoding=\"async\" loading=\"lazy\" alt=\"La CGT convoc\u00f3 a una movilizaci\u00f3n en favor varios proyectos de ley enviados por Sergio Massa al parlamento Maximiliano Luna\" height=\"2142\" width=\"3000\" src=\"https:\/\/www.infobae.com\/new-resizer\/Cnm5IlQImK5nGbrzHczI_Z2bbzM=\/arc-anglerfish-arc2-prod-infobae\/public\/V3G7APGKOZD5THXVI77NJDNLCY.jpg\" srcset=\"https:\/\/www.infobae.com\/new-resizer\/r89iVj-0XPuhxYfz7ivPYwEeaL8=\/420x315\/filters:format(webp):quality(85)\/cloudfront-us-east-1.images.arcpublishing.com\/infobae\/V3G7APGKOZD5THXVI77NJDNLCY.jpg 420w,https:\/\/www.infobae.com\/new-resizer\/fMzmzxqL0YGQffhhFJjg4fVIUz8=\/768x576\/filters:format(webp):quality(85)\/cloudfront-us-east-1.images.arcpublishing.com\/infobae\/V3G7APGKOZD5THXVI77NJDNLCY.jpg 768w,https:\/\/www.infobae.com\/new-resizer\/JFvDWHaRk-44wTeEysBopxpOG9Q=\/992x744\/filters:format(webp):quality(85)\/cloudfront-us-east-1.images.arcpublishing.com\/infobae\/V3G7APGKOZD5THXVI77NJDNLCY.jpg 992w,https:\/\/www.infobae.com\/new-resizer\/hQIb_M0xeXNoYaSJIhlUfZGEaF4=\/1200x900\/filters:format(webp):quality(85)\/cloudfront-us-east-1.images.arcpublishing.com\/infobae\/V3G7APGKOZD5THXVI77NJDNLCY.jpg 1200w,https:\/\/www.infobae.com\/new-resizer\/6H2tmhFSoWYK4p3Ekr8aU040VvE=\/1440x1080\/filters:format(webp):quality(85)\/cloudfront-us-east-1.images.arcpublishing.com\/infobae\/V3G7APGKOZD5THXVI77NJDNLCY.jpg 1440w\">La CGT convoc\u00f3 a una movilizaci\u00f3n en favor varios proyectos de ley enviados por Sergio Massa al parlamento Maximiliano Luna<\/p>\n\n\n\n<p>Los movimientos sociales oficialistas como el Evita, la CCC y Somos Barrios de Pie ya participaron en el acto convocado por la Confederaci\u00f3n General del Trabajo (CGT), el 29 de septiembre, que se llev\u00f3 adelante en la misma Plaza del Congreso para expresar un \u201cabsoluto apoyo\u201d a dos leyes clave para Massa en plena campa\u00f1a electoral: modificaci\u00f3n de Impuesto a las Ganancias (ya aprobada) y la implementaci\u00f3n de Compra sin IVA en la canasta b\u00e1sica, as\u00ed como tambi\u00e9n el respaldo al programa de empleo Mi Pyme.<\/p>\n\n\n\n<p>La de hoy ser\u00e1 una extensi\u00f3n a esa manifestaci\u00f3n. El jueves, adem\u00e1s, continuar\u00e1n con las recorridas por los principales barrios populares del pa\u00eds, pero sobre todo en el conurbano bonaerense, para continuar con la campa\u00f1a en favor de Massa denominada \u201cbarrio por barrio, casa por casa, para cerrarle el paso a la derecha\u201d.\u00a0<strong>La Matanza, Tres de Febrero, San Mart\u00edn, Moreno, Lomas de Zamora, Quilmes, Mor\u00f3n, Moreno, Ituzaing\u00f3<\/strong>, fueron los principales distritos en los que concentrar\u00e1n sus esfuerzos para recuperar los votos que el oficialismo estima que perdi\u00f3 a manos del libertario Javier Milei y convencer a los que no fueron a votar para que lo hagan.<\/p>\n\n\n\n<p>Fuente: Infobae<\/p>\n","protected":false},"excerpt":{"rendered":"<div class=\"mh-excerpt\"><p>Los movimientos sociales oficialistas, representados en la&nbsp;Uni\u00f3n Trabajadores de la Econom\u00eda Popular (UTEP), se dirigir\u00e1n al&nbsp;Congreso de la Naci\u00f3n&nbsp;a partir del mediod\u00eda en apoyo al proyecto de ley propuesto por el&nbsp;ministro de Econom\u00eda Sergio Massa. Esta propuesta contempla la devoluci\u00f3n del&nbsp;IVA&nbsp;en productos de la canasta b\u00e1sica para los sectores con ingresos reducidos. Figuras destacadas de la econom\u00eda popular, como&nbsp;Esteban \u201cGringo\u201d Castro,&nbsp;Emilio P\u00e9rsico,&nbsp;Fernando \u201cChino\u201d Navarro,&nbsp;Daniel Men\u00e9ndez,&nbsp;Juan Grabois&nbsp;y&nbsp;Juan Carlos Alderete, respaldan la iniciativa. El proyecto establece que esta medida entrar\u00e1 en vigencia el 1 de enero de 2024. Asimismo, da autoridad para ampliar la lista de beneficiarios. Actualmente, esta devoluci\u00f3n ya se <a class=\"mh-excerpt-more\" href=\"http:\/\/dsrmedios.com.ar\/diario\/archivos\/40233\" title=\"Los movimientos sociales se movilizar\u00e1n al Congreso para apoyar la \u201cLey IVA\u201d que impulsa Sergio Massa\">[Leer m\u00e1s]<\/a><\/p>\n<\/div>","protected":false},"author":8,"featured_media":40237,"comment_status":"open","ping_status":"closed","sticky":false,"template":"","format":"standard","meta":{"_jetpack_newsletter_access":""},"categories":[6],"tags":[],"jetpack_featured_media_url":"http:\/\/dsrmedios.com.ar\/diario\/wp-content\/uploads\/2023\/10\/CP5ZS6LFC5CKZEPQICQT6OVHZ4.jpg","jetpack_sharing_enabled":true,"jetpack_shortlink":"https:\/\/wp.me\/p9fihK-asV","_links":{"self":[{"href":"http:\/\/dsrmedios.com.ar\/diario\/wp-json\/wp\/v2\/posts\/40233"}],"collection":[{"href":"http:\/\/dsrmedios.com.ar\/diario\/wp-json\/wp\/v2\/posts"}],"about":[{"href":"http:\/\/dsrmedios.com.ar\/diario\/wp-json\/wp\/v2\/types\/post"}],"author":[{"embeddable":true,"href":"http:\/\/dsrmedios.com.ar\/diario\/wp-json\/wp\/v2\/users\/8"}],"replies":[{"embeddable":true,"href":"http:\/\/dsrmedios.com.ar\/diario\/wp-json\/wp\/v2\/comments?post=40233"}],"version-history":[{"count":1,"href":"http:\/\/dsrmedios.com.ar\/diario\/wp-json\/wp\/v2\/posts\/40233\/revisions"}],"predecessor-version":[{"id":40238,"href":"http:\/\/dsrmedios.com.ar\/diario\/wp-json\/wp\/v2\/posts\/40233\/revisions\/40238"}],"wp:featuredmedia":[{"embeddable":true,"href":"http:\/\/dsrmedios.com.ar\/diario\/wp-json\/wp\/v2\/media\/40237"}],"wp:attachment":[{"href":"http:\/\/dsrmedios.com.ar\/diario\/wp-json\/wp\/v2\/media?parent=40233"}],"wp:term":[{"taxonomy":"category","embeddable":true,"href":"http:\/\/dsrmedios.com.ar\/diario\/wp-json\/wp\/v2\/categories?post=40233"},{"taxonomy":"post_tag","embeddable":true,"href":"http:\/\/dsrmedios.com.ar\/diario\/wp-json\/wp\/v2\/tags?post=40233"}],"curies":[{"name":"wp","href":"https:\/\/api.w.org\/{rel}","templated":true}]}}