{"id":40227,"date":"2023-10-10T10:52:24","date_gmt":"2023-10-10T13:52:24","guid":{"rendered":"http:\/\/dsrmedios.com.ar\/diario\/?p=40227"},"modified":"2023-10-10T10:52:26","modified_gmt":"2023-10-10T13:52:26","slug":"plazo-fijo-en-medio-de-la-suba-del-dolar-el-banco-central-espera-el-ipc-de-septiembre-y-define-una-suba-de-tasas","status":"publish","type":"post","link":"http:\/\/dsrmedios.com.ar\/diario\/archivos\/40227","title":{"rendered":"Plazo fijo: en medio de la suba del d\u00f3lar, el Banco Central espera el IPC de septiembre y define una suba de tasas"},"content":{"rendered":"\n<p>En un contexto de inestabilidad financiera y suba de los&nbsp;<a rel=\"noreferrer noopener\" href=\"https:\/\/www.infobae.com\/economia\/2023\/10\/09\/dolar-hoy-en-vivo-a-cuanto-abre-este-lunes-9-de-octubre-y-cual-es-el-precio-minuto-a-minuto\/\" target=\"_blank\">d\u00f3lares paralelos<\/a>&nbsp;a menos de dos semanas de las elecciones presidenciales, los miembros del Banco Central empiezan a sopesar la chance de reforzar una se\u00f1al de suba de&nbsp;<strong>tasas de inter\u00e9s de los plazos fijos<\/strong>&nbsp;ante la chance de que la&nbsp;<strong>inflaci\u00f3n<\/strong>&nbsp;de septiembre sea m\u00e1s alta de lo esperado, incluso en una cifra cercana al 12,4% que marc\u00f3 agosto seg\u00fan el Indec. Algunas voces en la entidad monetaria creen que una suba de la tasa en este marco podr\u00eda ser contraproducente. La decisi\u00f3n terminar\u00e1 de darse esta semana luego de que se conozca, el jueves por la tarde, el \u00edndice de precios de septiembre.<\/p>\n\n\n\n<p><\/p>\n\n\n\n<p>Los&nbsp;<a rel=\"noreferrer noopener\" href=\"https:\/\/www.infobae.com\/tag\/dolar-hoy\/\" target=\"_blank\"><strong>d\u00f3lares<\/strong><\/a>&nbsp;financieros arrancaron la semana con una escalada bien por encima de los&nbsp;<strong>$900&nbsp;<\/strong>para el caso del d\u00f3lar blue. El contado con liquidaci\u00f3n, que rond\u00f3 los&nbsp;<strong>$900<\/strong>, entrada la tarde recort\u00f3 parte de la suba y se preparaba para cerrar la jornada de operaciones por debajo de los&nbsp;<strong>$870<\/strong>, lo que seg\u00fan fuentes del mercado responde a la intervenci\u00f3n habitual del&nbsp;<strong>Banco Central<\/strong>&nbsp;por la v\u00eda de bonos en d\u00f3lares. En algunos despachos oficiales leen que el d\u00f3lar libre trep\u00f3 con violencia y que la distancia que se abri\u00f3 con el CCL actuar\u00e1 como&nbsp;<strong>\u201cancla\u201d,&nbsp;<\/strong>algo que podr\u00eda hacer frenar esa estampida.<\/p>\n\n\n\n<p>Restan siete&nbsp;<a rel=\"noreferrer noopener\" href=\"https:\/\/www.infobae.com\/economia\/2023\/10\/09\/el-gobierno-redoblara-los-controles-para-evitar-una-escalada-del-dolar-ccl-antes-de-las-elecciones\/\" target=\"_blank\">ruedas cambiarias<\/a>&nbsp;m\u00e1s hasta las elecciones. Es la cuenta que hacen en el equipo econ\u00f3mico sobre la recta final que afrontan antes del nuevo paso por las urnas. El viernes y el lunes no habr\u00e1 operaciones por el feriado largo. En el medio de ese proceso se conocer\u00e1, este jueves por la tarde, el \u00edndice de precios de septiembre. Con ese dato en la mano el Banco Central deber\u00e1 decidir si la tasa de inter\u00e9s de los dep\u00f3sitos en pesos&nbsp;<strong>quedar\u00e1 en terreno negativo&nbsp;<\/strong>o necesita un reajuste.<\/p>\n\n\n\n<blockquote class=\"wp-block-quote\">\n<p>Los d\u00f3lares financieros arrancaron la semana con una escalada bien por encima de los $900 para el caso del d\u00f3lar blue. El contado con liquidaci\u00f3n, que rond\u00f3 los $900, entrada la tarde recort\u00f3 parte de la suba<\/p>\n<\/blockquote>\n\n\n\n<p>En algunos despachos oficiales creen que el IPC de septiembre ser\u00eda&nbsp;<strong>un poco m\u00e1s alto de lo esperado&nbsp;<\/strong>hasta hace algunos d\u00edas. Ya con la informaci\u00f3n consolidada del mes pasado, creen que incluso podr\u00eda ser una cifra cercana a la del \u00edndice de agosto, que fue de<strong>&nbsp;12,4 por ciento<\/strong>. El \u00faltimo informe semanal de precios del viceministro<strong>&nbsp;Gabriel Rubinstein<\/strong>&nbsp;hab\u00eda marcado, con una metodolog\u00eda y fuentes de datos distintos al IPC de Indec, el noveno mes del a\u00f1o tendr\u00eda una inflaci\u00f3n de&nbsp;<strong>7,4%<\/strong>&nbsp;una cifra que, reconocen, \u201cresultar\u00e1<strong>&nbsp;claramente menor&nbsp;<\/strong>al que dar\u00e1 el IPC para el promedio del mes de septiembre\u201d.<\/p>\n\n\n\n<p><\/p>\n\n\n\n<p>Por esa raz\u00f3n hay posiciones divididas en el Banco Central. Por lo pronto, la discusi\u00f3n sobre el nivel de tasas este mes tendr\u00e1 lugar: el mes pasado no hab\u00eda sucedido, ya que el dato de inflaci\u00f3n de agosto\u00a0<strong>(12,4%)\u00a0<\/strong>hab\u00eda intentado ser anticipado con la suba de\u00a0<strong>21 puntos porcentuales<\/strong>\u00a0que determin\u00f3 la entidad el mismo d\u00eda en que devalu\u00f3 el tipo de cambio oficial, el d\u00eda despu\u00e9s de las PASO. Algunos creen en la entidad que preside\u00a0<strong>Miguel Pesce<\/strong>\u00a0que la tasa de los plazos fijos\u00a0<strong>podr\u00eda necesitar un reajuste\u00a0<\/strong>para que no seguir en terreno negativo.<\/p>\n\n\n\n<p>No es una opini\u00f3n un\u00e1nime. Otros integrantes del directorio aseguran que una se\u00f1al de tasas en medio de un escenario vol\u00e1til en el frente cambiario, con un dato de IPC m\u00e1s elevado de lo esperado a priori, ser\u00eda una medida contradictoria. \u201cEsto&nbsp;<strong>ya no se para con tasa<\/strong>&nbsp;de inter\u00e9s\u201d, mencion\u00f3 a&nbsp;<strong>Infobae<\/strong>&nbsp;un integrante de la entidad, anticipando su postura.<\/p>\n\n\n\n<h2>Plazos fijos: cu\u00e1l es la tasa actual y la discusi\u00f3n pol\u00edtica<\/h2>\n\n\n\n<p>La tasa de inter\u00e9s de los\u00a0<strong>plazos fijos<\/strong>\u00a0qued\u00f3 determinada en\u00a0<strong>118%<\/strong>\u00a0nominal anual, lo que en t\u00e9rminos de tasa compuesta (es decir, si el plazo fijo se renovara cada 30 d\u00edas y se reinvirtieran todos sus intereses) implicar\u00eda un<strong>\u00a0209 por ciento<\/strong>. La inflaci\u00f3n esperada por el Relevamiento de Expectativas de Mercado (REM) del BCRA es de\u00a0<strong>169%<\/strong>\u00a0anual para fines de diciembre y de\u00a0<strong>197,5%<\/strong>\u00a0para los pr\u00f3ximos doce meses.<\/p>\n\n\n\n<p>De todas formas, al tomar en consideraci\u00f3n una decisi\u00f3n de dep\u00f3sito en plazo fijo minorista a 30 d\u00edas actualmente, un ahorrista conseguir\u00eda un inter\u00e9s de<strong>&nbsp;9,8%<\/strong>&nbsp;para ese mes. Si bien el REM de octubre espera un<strong>&nbsp;9,1%<\/strong>&nbsp;de IPC para este mes, un dato en septiembre m\u00e1s alto de lo esperado podr\u00eda implicar un arrastre mayor, lo que elevar\u00eda esa expectativa.<\/p>\n\n\n\n<blockquote class=\"wp-block-quote\">\n<p>En algunos despachos oficiales creen que el IPC de septiembre ser\u00eda un poco m\u00e1s alto de lo esperado hasta hace algunos d\u00edas. Ya con la informaci\u00f3n consolidada del mes pasado, creen que incluso podr\u00eda ser una cifra cercana a la del \u00edndice de agosto, que fue de 12,4 por ciento<\/p>\n<\/blockquote>\n\n\n\n<p>Los plazos fijos aparecieron en las \u00faltimas horas en la discusi\u00f3n pol\u00edtica entre los candidatos presidenciales.\u00a0<strong>Javier Milei<\/strong>\u00a0(La Libertad Avanza) sali\u00f3 a \u201crecomendar\u201d a tenedores de dep\u00f3sitos en pesos, desarmarlos para que vayan a hacerse de d\u00f3lares.\u00a0<strong>\u201cJam\u00e1s en pesos\u201d<\/strong>, contest\u00f3 Milei al ser consultado en\u00a0<em>Radio Mitre<\/em>\u00a0sobre qu\u00e9 le recomendar\u00eda a un ahorrista que le vence un plazo fijo por estos d\u00edas. \u201cEl peso es la moneda que emite el pol\u00edtico argentino y, por ende,\u00a0<strong>no puede valer ni excremento<\/strong>, porque esa basura no sirve ni para abono\u201d, afirm\u00f3 el postulante presidencial de LLA.<strong>\u00a0Sergio Massa<\/strong>\u00a0sali\u00f3 a contestarle primero: \u201cPor un voto m\u00e1s est\u00e1\u00a0<strong>timbeando los ahorros<\/strong>\u00a0de la gente\u201d, le dijo en declaraciones al programa\u00a0<em>Gelatina<\/em>.<\/p>\n\n\n\n<p>Antes, en una entrevista con<em>&nbsp;Am\u00e9rica TV<\/em>, el candidato de Uni\u00f3n por la Patria, hab\u00eda dicho consultado por un&nbsp;<a rel=\"noreferrer noopener\" href=\"https:\/\/www.infobae.com\/economia\/2023\/10\/09\/que-fue-el-plan-bonex\/\" target=\"_blank\">Plan Bonex<\/a>: \u201cSi amparado en la emergencia del acuerdo con el Fondo y la sequ\u00eda, yo tuviese en la cabeza que la soluci\u00f3n de la Argentina es robarle los dep\u00f3sitos a la gente -porque es eso, lo que plantea es eso-, si yo hubiese pensado que esa era la soluci\u00f3n, lo hubiese hecho y, sin embargo, apost\u00e9 a tratar de administrar los d\u00f3lares\u201d.<\/p>\n\n\n\n<p>Luego un comunicado del Banco Central vers\u00f3 sobre la cuesti\u00f3n de los plazos fijos. \u201cEl sistema financiero argentino presenta una s\u00f3lida situaci\u00f3n de<strong>&nbsp;solvencia, capitalizaci\u00f3n, liquidez y previsionamiento<\/strong>. La pol\u00edtica monetaria desarrollada por el Banco Central procura mantener el poder adquisitivo de los ahorros a trav\u00e9s de la remuneraci\u00f3n de los plazos fijos, cuya tasa se define mensualmente, o con los plazos fijos actualizados por la inflaci\u00f3n m\u00e1s una&nbsp;<strong>remuneraci\u00f3n de 1%<\/strong>\u201d, mencion\u00f3.<\/p>\n\n\n\n<p>\u201cEl ahorro de los argentinos depositado en el sistema financiero est\u00e1 resguardado por un seguro de dep\u00f3sito y por el rol del Banco Central de la Rep\u00fablica Argentina, que act\u00faa como\u00a0<strong>prestamista de \u00faltima instancia<\/strong>. La estabilidad del sistema financiero es un bien p\u00fablico que se ha mantenido bajo distintos gobiernos y su liquidez y solvencia garantizan que podr\u00e1 responder ante eventuales situaciones de estr\u00e9s\u201d, dijo la entidad central.<\/p>\n\n\n\n<p>Fuente: Infobae<\/p>\n","protected":false},"excerpt":{"rendered":"<div class=\"mh-excerpt\"><p>En un contexto de inestabilidad financiera y suba de los&nbsp;d\u00f3lares paralelos&nbsp;a menos de dos semanas de las elecciones presidenciales, los miembros del Banco Central empiezan a sopesar la chance de reforzar una se\u00f1al de suba de&nbsp;tasas de inter\u00e9s de los plazos fijos&nbsp;ante la chance de que la&nbsp;inflaci\u00f3n&nbsp;de septiembre sea m\u00e1s alta de lo esperado, incluso en una cifra cercana al 12,4% que marc\u00f3 agosto seg\u00fan el Indec. Algunas voces en la entidad monetaria creen que una suba de la tasa en este marco podr\u00eda ser contraproducente. La decisi\u00f3n terminar\u00e1 de darse esta semana luego de que se conozca, el jueves <a class=\"mh-excerpt-more\" href=\"http:\/\/dsrmedios.com.ar\/diario\/archivos\/40227\" title=\"Plazo fijo: en medio de la suba del d\u00f3lar, el Banco Central espera el IPC de septiembre y define una suba de tasas\">[Leer m\u00e1s]<\/a><\/p>\n<\/div>","protected":false},"author":8,"featured_media":40231,"comment_status":"open","ping_status":"closed","sticky":false,"template":"","format":"standard","meta":{"_jetpack_newsletter_access":""},"categories":[6],"tags":[],"jetpack_featured_media_url":"http:\/\/dsrmedios.com.ar\/diario\/wp-content\/uploads\/2023\/10\/descarga-31.jpeg","jetpack_sharing_enabled":true,"jetpack_shortlink":"https:\/\/wp.me\/p9fihK-asP","_links":{"self":[{"href":"http:\/\/dsrmedios.com.ar\/diario\/wp-json\/wp\/v2\/posts\/40227"}],"collection":[{"href":"http:\/\/dsrmedios.com.ar\/diario\/wp-json\/wp\/v2\/posts"}],"about":[{"href":"http:\/\/dsrmedios.com.ar\/diario\/wp-json\/wp\/v2\/types\/post"}],"author":[{"embeddable":true,"href":"http:\/\/dsrmedios.com.ar\/diario\/wp-json\/wp\/v2\/users\/8"}],"replies":[{"embeddable":true,"href":"http:\/\/dsrmedios.com.ar\/diario\/wp-json\/wp\/v2\/comments?post=40227"}],"version-history":[{"count":1,"href":"http:\/\/dsrmedios.com.ar\/diario\/wp-json\/wp\/v2\/posts\/40227\/revisions"}],"predecessor-version":[{"id":40232,"href":"http:\/\/dsrmedios.com.ar\/diario\/wp-json\/wp\/v2\/posts\/40227\/revisions\/40232"}],"wp:featuredmedia":[{"embeddable":true,"href":"http:\/\/dsrmedios.com.ar\/diario\/wp-json\/wp\/v2\/media\/40231"}],"wp:attachment":[{"href":"http:\/\/dsrmedios.com.ar\/diario\/wp-json\/wp\/v2\/media?parent=40227"}],"wp:term":[{"taxonomy":"category","embeddable":true,"href":"http:\/\/dsrmedios.com.ar\/diario\/wp-json\/wp\/v2\/categories?post=40227"},{"taxonomy":"post_tag","embeddable":true,"href":"http:\/\/dsrmedios.com.ar\/diario\/wp-json\/wp\/v2\/tags?post=40227"}],"curies":[{"name":"wp","href":"https:\/\/api.w.org\/{rel}","templated":true}]}}