{"id":40219,"date":"2023-10-09T11:00:38","date_gmt":"2023-10-09T14:00:38","guid":{"rendered":"http:\/\/dsrmedios.com.ar\/diario\/?p=40219"},"modified":"2023-10-09T11:00:40","modified_gmt":"2023-10-09T14:00:40","slug":"ley-de-alquileres-y-compre-sin-iva-seran-los-debates-que-tendra-diputados-esta-semana","status":"publish","type":"post","link":"http:\/\/dsrmedios.com.ar\/diario\/archivos\/40219","title":{"rendered":"Ley de Alquileres y Compre sin IVA ser\u00e1n los debates que tendr\u00e1 Diputados esta semana"},"content":{"rendered":"\n<p>Ley de Alquileres y Compre sin IVA ser\u00e1n los debates que tendr\u00e1 Diputados esta semana<br>En la sesi\u00f3n especial convocada para este martes 10 de octubre, el bloque de diputados nacionales del exFrente de Todos (FdT) buscar\u00e1 aprobar la demorada reforma de la Ley de Alquileres, el programa Compre sin IVA y el proyecto de R\u00e9gimen de Promoci\u00f3n del Gas Natural Licuado (GNL), estos dos \u00faltimos impulsados por el ministro de Econom\u00eda y candidato a presidente de Uni\u00f3n por la Patria, Sergio Massa.<\/p>\n\n\n\n<p>En ese sentido, la C\u00e1mara baja decidir\u00e1 si acepta o rechaza las modificaciones realizadas por el Senado al proyecto del oficialismo para reformar la Ley de alquileres, en una jornada en la que tambi\u00e9n se debatir\u00e1n la continuidad desde 2024 de la devoluci\u00f3n del IVA, y los que disponen la creaci\u00f3n de tres universidades, entre otros.<\/p>\n\n\n\n<p>Vale recordar que, la reforma originaria de la Ley de Alquileres, que fue votada el 23 de agosto por la C\u00e1mara de Diputados, establece que los contratos de alquiler tengan un plazo m\u00ednimo de dos a\u00f1os, contra los tres a\u00f1os que rigen en la actualidad, y que los ajustes puedan hacerse cada cuatro meses con la libertad de ambas partes para elegir el mecanismo a emplear entre varias f\u00f3rmulas o \u00edndices.<\/p>\n\n\n\n<p>Asimismo, en la redacci\u00f3n original de la Ley de Alquileres, las partes deb\u00edan convenir el mecanismo de actualizaci\u00f3n del precio del alquiler al inicio de la relaci\u00f3n locativa, con contratos por dos a\u00f1os, y, o bien pod\u00edan aplicar como referencia el \u00cdndice de Precios al Consumidor (IPC), el \u00cdndice de Precios Mayoristas (IPM) y el \u00cdndice de Salarios (IS), elaborados por el Instituto Nacional de Estad\u00edstica y Censos (Indec), o bien una combinaci\u00f3n de todos estos \u00edndices.<\/p>\n\n\n\n<p>PUBLICIDAD<br>Sin embargo, el oficialismo logr\u00f3 conseguir dictamen favorable a su propio despacho por la Ley de Alquileres, en donde se establecen tres a\u00f1os como plazo m\u00ednimo legal de locaci\u00f3n, al mismo tiempo que, se agreg\u00f3 que \u201clos contratos de locaci\u00f3n con destino\u201d a vivienda deber\u00e1n ser estipulados \u201cen valor \u00fanico en moneda nacional y por per\u00edodos mensuales sobre el cual podr\u00e1n realizarse ajustes con periodicidad a intervalos no inferiores a seis meses\u201d.<\/p>\n\n\n\n<p>Tambi\u00e9n, el oficialismo modific\u00f3 el mecanismo de actualizaci\u00f3n del precio de los alquileres y estableci\u00f3 que \u201clos ajustes deber\u00e1n efectuarse utilizando un coeficiente conformado por la menor variaci\u00f3n que surja de comparar el promedio del 0,9 de la variaci\u00f3n del coeficiente de variaci\u00f3n salarial publicado por el Indec y la variaci\u00f3n del Coeficiente de Estabilizaci\u00f3n de Referencia (CER), publicado por el BCRA\u201c.<\/p>\n\n\n\n<p>De esta manera, la Ley de Alquileres volver\u00e1 a ser tratada este martes, donde los legisladores tendr\u00e1n las opciones de aprobar el proyecto con las modificaciones aprobadas en el Senado, o insistir con la redacci\u00f3n que ya transit\u00f3 por la C\u00e1mara baja, cuando Juntos por el Cambio logr\u00f3 avanzar con su propio precepto.<\/p>\n\n\n\n<p>En este contexto, desde Uni\u00f3n por la Patria temen que Juntos por el Cambio pueda llegar a repetir el resultado del pasado 23 de agosto, fecha en la que la oposici\u00f3n logr\u00f3 tumbar la normativa del oficialismo, y darle luz verde a su propia Ley de Alquileres. Ahora, el oficialismo buscar\u00e1 tender v\u00ednculos con unibloques para evitar esa situaci\u00f3n a toda costa.<\/p>\n\n\n\n<p>Por los pasillos de Rivadavia y Callao, trascendi\u00f3 que Uni\u00f3n por la Patria contar\u00eda con el apoyo de los cuatro diputados del Frente de Izquierda, y dos miembros misioneros de Provincias Unidas, llegando as\u00ed a los 124 votos.&nbsp;<\/p>\n\n\n\n<p>Sin embargo, el peronismo tambi\u00e9n busca convencer a los dos diputados rionegrinos de este bloque, que votaron a favor del proyecto de Juntos por el Cambio en la anterior ocasi\u00f3n, ya que su jefe pol\u00edtico, el gobernador electo Alberto Weretilneck, vot\u00f3 a favor de la Ley de Alquileres oficialista en el Senado.<\/p>\n\n\n\n<p>Por su parte, Juntos por el Cambio tendr\u00eda abrochados a cuatro diputados del Interbloque Federal, compuesto por legisladores que formaban parte del exFrente de Todos, y dos del bloque SER, alcanzando de esta forma 122 votos para acompa\u00f1ar a su propia Ley de Alquileres.<\/p>\n\n\n\n<p>Cabe destacar que, los diputados libertarios, Javier Milei, Victoria Villarruel y Carolina P\u00edparo, ya adelantaron que rechazar\u00e1n tanto la iniciativa oficialista como la opositora, al considerar la derogaci\u00f3n de la Ley de Alquileres como \u00fanica opci\u00f3n viable; mientras que los otros dos diputados del Interbloque Federal, Alejandro \u201cTopo\u201d Rodr\u00edguez y Natalia De la Sota, se abstendr\u00e1n de la votaci\u00f3n.<\/p>\n\n\n\n<p>Ante esta situaci\u00f3n, los votos de los dos socialistas, del gobernador electo de Neuqu\u00e9n, Rolando Figueroa, y de los dos rionegrinos de Provincias Unidas, inclinar\u00e1n la balanza &nbsp;a favor de Juntos por el Cambio, o de Uni\u00f3n por la Patria.<\/p>\n\n\n\n<p>Fuente: sudoesteba<\/p>\n","protected":false},"excerpt":{"rendered":"<div class=\"mh-excerpt\"><p>Ley de Alquileres y Compre sin IVA ser\u00e1n los debates que tendr\u00e1 Diputados esta semanaEn la sesi\u00f3n especial convocada para este martes 10 de octubre, el bloque de diputados nacionales del exFrente de Todos (FdT) buscar\u00e1 aprobar la demorada reforma de la Ley de Alquileres, el programa Compre sin IVA y el proyecto de R\u00e9gimen de Promoci\u00f3n del Gas Natural Licuado (GNL), estos dos \u00faltimos impulsados por el ministro de Econom\u00eda y candidato a presidente de Uni\u00f3n por la Patria, Sergio Massa. En ese sentido, la C\u00e1mara baja decidir\u00e1 si acepta o rechaza las modificaciones realizadas por el Senado al <a class=\"mh-excerpt-more\" href=\"http:\/\/dsrmedios.com.ar\/diario\/archivos\/40219\" title=\"Ley de Alquileres y Compre sin IVA ser\u00e1n los debates que tendr\u00e1 Diputados esta semana\">[Leer m\u00e1s]<\/a><\/p>\n<\/div>","protected":false},"author":8,"featured_media":24204,"comment_status":"open","ping_status":"closed","sticky":false,"template":"","format":"standard","meta":{"_jetpack_newsletter_access":""},"categories":[6],"tags":[],"jetpack_featured_media_url":"http:\/\/dsrmedios.com.ar\/diario\/wp-content\/uploads\/2021\/06\/senado11.jpg","jetpack_sharing_enabled":true,"jetpack_shortlink":"https:\/\/wp.me\/p9fihK-asH","_links":{"self":[{"href":"http:\/\/dsrmedios.com.ar\/diario\/wp-json\/wp\/v2\/posts\/40219"}],"collection":[{"href":"http:\/\/dsrmedios.com.ar\/diario\/wp-json\/wp\/v2\/posts"}],"about":[{"href":"http:\/\/dsrmedios.com.ar\/diario\/wp-json\/wp\/v2\/types\/post"}],"author":[{"embeddable":true,"href":"http:\/\/dsrmedios.com.ar\/diario\/wp-json\/wp\/v2\/users\/8"}],"replies":[{"embeddable":true,"href":"http:\/\/dsrmedios.com.ar\/diario\/wp-json\/wp\/v2\/comments?post=40219"}],"version-history":[{"count":1,"href":"http:\/\/dsrmedios.com.ar\/diario\/wp-json\/wp\/v2\/posts\/40219\/revisions"}],"predecessor-version":[{"id":40221,"href":"http:\/\/dsrmedios.com.ar\/diario\/wp-json\/wp\/v2\/posts\/40219\/revisions\/40221"}],"wp:featuredmedia":[{"embeddable":true,"href":"http:\/\/dsrmedios.com.ar\/diario\/wp-json\/wp\/v2\/media\/24204"}],"wp:attachment":[{"href":"http:\/\/dsrmedios.com.ar\/diario\/wp-json\/wp\/v2\/media?parent=40219"}],"wp:term":[{"taxonomy":"category","embeddable":true,"href":"http:\/\/dsrmedios.com.ar\/diario\/wp-json\/wp\/v2\/categories?post=40219"},{"taxonomy":"post_tag","embeddable":true,"href":"http:\/\/dsrmedios.com.ar\/diario\/wp-json\/wp\/v2\/tags?post=40219"}],"curies":[{"name":"wp","href":"https:\/\/api.w.org\/{rel}","templated":true}]}}