{"id":40217,"date":"2023-10-09T10:54:49","date_gmt":"2023-10-09T13:54:49","guid":{"rendered":"http:\/\/dsrmedios.com.ar\/diario\/?p=40217"},"modified":"2023-10-09T10:54:51","modified_gmt":"2023-10-09T13:54:51","slug":"bullrich-recupero-terreno-en-el-segundo-debate-con-duros-cruces-contra-massa-y-fuerte-presion-sobre-milei","status":"publish","type":"post","link":"http:\/\/dsrmedios.com.ar\/diario\/archivos\/40217","title":{"rendered":"Bullrich recuper\u00f3 terreno en el segundo debate con duros cruces contra Massa y fuerte presi\u00f3n sobre Milei"},"content":{"rendered":"\n<p>\u201c<strong>Euforia<\/strong>\u201d: ese fue el clima en tornoa&nbsp;<a href=\"https:\/\/tn.com.ar\/politica\/2023\/10\/08\/montonera-asesina-y-cuando-van-a-dejar-de-afanar-los-cruces-mas-fuertes-durante-el-debate\/\" target=\"_blank\" rel=\"noreferrer noopener\">Patricia Bullrich<\/a>. Pas\u00f3 a la ofensiva y se not\u00f3. De hecho, fue, o al menos as\u00ed lo entienden en su equipo, la diferencia central entre el&nbsp;<a href=\"https:\/\/tn.com.ar\/politica\/2023\/10\/08\/segundo-y-ultimo-debate-presidencial-2023-a-que-hora-es-cuales-son-los-ejes-tematicos-y-donde-verlo\/\" target=\"_blank\" rel=\"noreferrer noopener\">debate de este domingo<\/a>&nbsp;y el de hace una semana. La candidata de Juntos por el Cambio mostr\u00f3&nbsp;<strong>menos titubeos<\/strong>&nbsp;en sus exposiciones, s\u00ed, pero sobre todo sali\u00f3 con un&nbsp;<strong>discurso mucho m\u00e1s duro<\/strong>. \u201cVolvi\u00f3 la Pato de siempre\u201d, celebraron en su entorno, donde creen que lo de la noche del domingo sirve para el 22 de octubre, pero no solo para&nbsp;<strong>seducir al electorado<\/strong>&nbsp;a dos semanas de la elecci\u00f3n, sino tambi\u00e9n para la&nbsp;<strong>propia tropa<\/strong>&nbsp;opositora.<\/p>\n\n\n\n<p>Si el domingo pasado el\u00a0<a rel=\"noreferrer noopener\" href=\"https:\/\/tn.com.ar\/politica\/2023\/10\/05\/escandalo-por-el-caso-de-martin-insaurralde-y-sofia-clerici-minuto-a-minuto-y-ultimas-noticias\/\" target=\"_blank\">esc\u00e1ndalo Mart\u00edn Insaurralde<\/a>\u00a0estuvo sorpresivamente poco presente durante el debate, esta vez\u00a0<strong>Bullrich carg\u00f3 contra Sergio Massa<\/strong>\u00a0y la\u00a0<strong>corrupci\u00f3n K\u00a0<\/strong>desde el principio y casi en cada intervenci\u00f3n. Tambi\u00e9n en el bloque de las preguntas cruzadas, donde hab\u00eda fallado la semana pasada, seg\u00fan reconocieron en su equipo, por algunas distracciones: \u201cEl pa\u00eds entero se pregunta,\u00a0<strong>\u00bfcu\u00e1ndo van a dejar de afanar?<\/strong>\u201d.<\/p>\n\n\n\n<p>Al ministro de Econom\u00eda se lo vio esta vez mucho menos c\u00f3modo con las cr\u00edticas por la crisis actual, que no solo fueron m\u00e1s numerosas, sino m\u00e1s crudas. \u201c<strong>Coyuntura&#8230; coyuntura y que sea ella misma<\/strong>\u201d, anticipaban en la previa, con expectativa, los principales colaboradores Bullrich. Finalmente, adem\u00e1s de aprovechar el eje \u201cSeguridad\u201d como su punto fuerte por su pasado al frente de la cartera nacional, se&nbsp;<strong>concentr\u00f3 en la coyuntura para pegar<\/strong>.<\/p>\n\n\n\n<p>La presidenciable del PRO tambi\u00e9n fue&nbsp;<strong>m\u00e1s incisiva en sus dardos contra<\/strong>&nbsp;<strong>Javier Milei<\/strong>&nbsp;\u201c\u00bfC\u00f3mo vas a cambiar si ten\u00e9s a todos los chorros de Massa en las listas?, lanz\u00f3, m\u00e1s como acusaci\u00f3n ret\u00f3rica que estrictamente como pregunta. El libertario, curiosamente, no neg\u00f3 esa acusaci\u00f3n y prefiri\u00f3 volver al \u201cmontonera asesina\u201d. Tambi\u00e9n pareci\u00f3 incomodarlo al presionarlo con temas como su defensa de la libre venta de \u00f3rganos.<\/p>\n\n\n\n<figure class=\"wp-block-image\"><img decoding=\"async\" src=\"https:\/\/tn.com.ar\/resizer\/8LoPEHZPglutwu-6sJdIX-bVY8c=\/767x0\/smart\/filters:format(webp)\/cloudfront-us-east-1.images.arcpublishing.com\/artear\/DKLUJR4E5ND5HFOTAEVSAKN6CU.jpg\" alt=\"Patricia Bullrich y Sergio Massa polarizaron en el debate. Al ministro de Econom\u00eda le cost\u00f3 resistir las cr\u00edticas. (Fotos: Telam)\"\/><figcaption class=\"wp-element-caption\">Patricia Bullrich y Sergio Massa polarizaron en el debate. Al ministro de Econom\u00eda le cost\u00f3 resistir las cr\u00edticas. (Fotos: Telam)<\/figcaption><\/figure>\n\n\n\n<p>Aunque en agosto JxC fue la segunda fuerza m\u00e1s votada y el escenario electoral se parti\u00f3 en tres tercios, en el que ninguno de los tres principales espacios aventaj\u00f3 a los otros dos por m\u00e1s de un punto y medio, en el entorno de Bullrich reconocen hace tiempo que, entre encuestas y se\u00f1ales pol\u00edticas, la&nbsp;<strong>coalici\u00f3n opositora parece relegada de la discusi\u00f3n<\/strong>&nbsp;<strong>p\u00fablica<\/strong>.<\/p>\n\n\n\n<p>Bullrich lleg\u00f3 al debate con el&nbsp;<strong>objetivo de intentar ocupar el centro<\/strong>. Volvi\u00f3 a hacer buen uso de los cinco&nbsp;<strong>derechos a r\u00e9plica<\/strong>&nbsp;y evit\u00f3, a diferencia de Massa y Milei, quedarse sin posibilidad de cruzar a otros candidatos antes de que finalizaran los ejes de debate. Dedic\u00f3 tres al ministro de Econom\u00eda y dos al l\u00edder de la Libertad Avanza. Pero, adem\u00e1s,&nbsp;<strong>Massa y Milei utilizaron tres en ella<\/strong>&nbsp;y el libertario incluso us\u00f3 uno que en teor\u00eda iba dirigido al ministro para cruzar a la candidata de JxC.<\/p>\n\n\n\n<p>\u201c<strong>Que paliza les dimos<\/strong>\u2026 Massa intentando defender lo indefendible, Milei que desbarranca cada vez que lo pones inc\u00f3modo. La gente quiere verte c\u00f3mo reaccionas en una situaci\u00f3n de tensi\u00f3n y ella les sac\u00f3 ventajas a todos.&nbsp;<strong>Nosotros, euf\u00f3ricos<\/strong>\u201d, dijo a&nbsp;<strong>TN<\/strong>,&nbsp;<strong>Hern\u00e1n Lombardi<\/strong>, uno de los integrantes de la mesa chica bullrichista y del equipo con el que se prepar\u00f3 la candidata para los debates.<\/p>\n\n\n\n<figure class=\"wp-block-image\"><img decoding=\"async\" src=\"https:\/\/tn.com.ar\/resizer\/qPk4UanO_6Ut5ctsTFnXYWRmVQ8=\/767x0\/smart\/filters:format(webp)\/cloudfront-us-east-1.images.arcpublishing.com\/artear\/XB76VW2234SVDJ6VJB47QUJETY.jpg\" alt=\"Sergio Massa, Patricia Bullrich y Javier Milei durante el debate. (Foto: REUTERS\/Agustin Marcarian)\"\/><figcaption class=\"wp-element-caption\">Sergio Massa, Patricia Bullrich y Javier Milei durante el debate. (Foto: REUTERS\/Agustin Marcarian)Por:&nbsp;<strong>REUTERS<\/strong><\/figcaption><\/figure>\n\n\n\n<p>\u201cEstuvo incre\u00edble, fue otra cosa, con fuerza, con decisi\u00f3n,&nbsp;<strong>pero no es otra Patricia,&nbsp;<\/strong>es la Patricia Bullrich que todos conoc\u00edamos,&nbsp;<strong>la de siempre<\/strong>. El objetivo era que sea ella y&nbsp;<strong>fue ella<\/strong>\u201d, celebr\u00f3 minutos m\u00e1s tarde&nbsp;<strong>Dami\u00e1n Arabia<\/strong>, candidato a diputado nacional por CABA y uno de los principales armadores pol\u00edticos de la presidenciable.<\/p>\n\n\n\n<p>Pero m\u00e1s all\u00e1 de la&nbsp;<strong>alegr\u00eda inmediata<\/strong>&nbsp;y de que se entusiasman con la posibilidad de que el evento -que lleg\u00f3 a estar otra vez en los 40 puntos de rating televisivo y con un alto impacto en redes sociales- tenga efecto electoral positivo, en el equipo de campa\u00f1a de Bullrich creen que el resultado del debate es adem\u00e1s una&nbsp;<strong>se\u00f1al importante hacia adentro<\/strong>&nbsp;de la coalici\u00f3n.<\/p>\n\n\n\n<p>\u201cEs importante&nbsp;<strong>para los propios<\/strong>, dejar en claro que estamos vivos, estamos decididos. En las PASO se esperaba un triunfo claro, no sucedi\u00f3 y se gener\u00f3 un&nbsp;<strong>clima de frustraci\u00f3n compleja<\/strong>. Es importante para salir a entusiasmar y&nbsp;<strong>salir a convencer<\/strong>&nbsp;en estas dos semanas que quedan\u201d, opin\u00f3 pasada la medianoche otro de sus colaboradores.<\/p>\n\n\n\n<figure class=\"wp-block-image\"><img decoding=\"async\" src=\"https:\/\/tn.com.ar\/resizer\/5A9Bp28jIb1IqMniXTOIfZgTZPQ=\/767x0\/smart\/filters:format(webp)\/cloudfront-us-east-1.images.arcpublishing.com\/artear\/BXXAG6CIQFERPPEHQB3VHOLYUA.JPG\" alt=\"El mensaje de apoyo de Mauricio Macri para Patricia Bullrich durante el debate. (Foto: captura de Twitter\/ @mauriciomacri).\"\/><figcaption class=\"wp-element-caption\">El mensaje de apoyo de Mauricio Macri para Patricia Bullrich durante el debate. (Foto: captura de Twitter\/ @mauriciomacri).<\/figcaption><\/figure>\n\n\n\n<p>La candidata opositora ya hab\u00eda dado&nbsp;<strong>se\u00f1ales internas<\/strong>&nbsp;en la previa. Luego de las&nbsp;<a href=\"https:\/\/tn.com.ar\/politica\/2023\/10\/04\/fuerte-cruce-de-bullrich-a-macri-por-el-gesto-con-milei-lo-que-dijo-me-parece-inconveniente\/\" target=\"_blank\" rel=\"noreferrer noopener\">tensiones que hab\u00eda generado en la semana una declaraci\u00f3n de Mauricio Macri<\/a>&nbsp;sobre la posibilidad de un gobierno de Milei -algo que en las filas libertarias celebraron y utilizaron a su favor-, el&nbsp;<strong>expresidente se mostr\u00f3 con Bullrich<\/strong>&nbsp;y gobernadores electos en JxC.<\/p>\n\n\n\n<p>El exmandatario tambi\u00e9n\u00a0<strong>cumpli\u00f3 este domingo en apoyarla sin ambig\u00fcedad<\/strong>\u00a0a trav\u00e9s de mensajes en las redes sociales y estar\u00e1 presente en lo que resta de campa\u00f1a. \u201cAquellos que en 2019 lucharon con esperanza para seguir con el verdadero cambio, hoy deben sentirse representados por la fortaleza y el coraje de Patricia para llevar a cabo la Argentina que so\u00f1amos.\u00a0<strong>Es Patricia<\/strong>\u201d, dijo, minutos despu\u00e9s del debate.<\/p>\n\n\n\n<p>Fuente: tn<\/p>\n","protected":false},"excerpt":{"rendered":"<div class=\"mh-excerpt\"><p>\u201cEuforia\u201d: ese fue el clima en tornoa&nbsp;Patricia Bullrich. Pas\u00f3 a la ofensiva y se not\u00f3. De hecho, fue, o al menos as\u00ed lo entienden en su equipo, la diferencia central entre el&nbsp;debate de este domingo&nbsp;y el de hace una semana. La candidata de Juntos por el Cambio mostr\u00f3&nbsp;menos titubeos&nbsp;en sus exposiciones, s\u00ed, pero sobre todo sali\u00f3 con un&nbsp;discurso mucho m\u00e1s duro. \u201cVolvi\u00f3 la Pato de siempre\u201d, celebraron en su entorno, donde creen que lo de la noche del domingo sirve para el 22 de octubre, pero no solo para&nbsp;seducir al electorado&nbsp;a dos semanas de la elecci\u00f3n, sino tambi\u00e9n para la&nbsp;propia <a class=\"mh-excerpt-more\" href=\"http:\/\/dsrmedios.com.ar\/diario\/archivos\/40217\" title=\"Bullrich recuper\u00f3 terreno en el segundo debate con duros cruces contra Massa y fuerte presi\u00f3n sobre Milei\">[Leer m\u00e1s]<\/a><\/p>\n<\/div>","protected":false},"author":8,"featured_media":36596,"comment_status":"open","ping_status":"closed","sticky":false,"template":"","format":"standard","meta":{"_jetpack_newsletter_access":""},"categories":[6],"tags":[],"jetpack_featured_media_url":"http:\/\/dsrmedios.com.ar\/diario\/wp-content\/uploads\/2023\/07\/patricia-bullrichjpg.webp","jetpack_sharing_enabled":true,"jetpack_shortlink":"https:\/\/wp.me\/p9fihK-asF","_links":{"self":[{"href":"http:\/\/dsrmedios.com.ar\/diario\/wp-json\/wp\/v2\/posts\/40217"}],"collection":[{"href":"http:\/\/dsrmedios.com.ar\/diario\/wp-json\/wp\/v2\/posts"}],"about":[{"href":"http:\/\/dsrmedios.com.ar\/diario\/wp-json\/wp\/v2\/types\/post"}],"author":[{"embeddable":true,"href":"http:\/\/dsrmedios.com.ar\/diario\/wp-json\/wp\/v2\/users\/8"}],"replies":[{"embeddable":true,"href":"http:\/\/dsrmedios.com.ar\/diario\/wp-json\/wp\/v2\/comments?post=40217"}],"version-history":[{"count":1,"href":"http:\/\/dsrmedios.com.ar\/diario\/wp-json\/wp\/v2\/posts\/40217\/revisions"}],"predecessor-version":[{"id":40220,"href":"http:\/\/dsrmedios.com.ar\/diario\/wp-json\/wp\/v2\/posts\/40217\/revisions\/40220"}],"wp:featuredmedia":[{"embeddable":true,"href":"http:\/\/dsrmedios.com.ar\/diario\/wp-json\/wp\/v2\/media\/36596"}],"wp:attachment":[{"href":"http:\/\/dsrmedios.com.ar\/diario\/wp-json\/wp\/v2\/media?parent=40217"}],"wp:term":[{"taxonomy":"category","embeddable":true,"href":"http:\/\/dsrmedios.com.ar\/diario\/wp-json\/wp\/v2\/categories?post=40217"},{"taxonomy":"post_tag","embeddable":true,"href":"http:\/\/dsrmedios.com.ar\/diario\/wp-json\/wp\/v2\/tags?post=40217"}],"curies":[{"name":"wp","href":"https:\/\/api.w.org\/{rel}","templated":true}]}}