{"id":40215,"date":"2023-10-09T10:53:43","date_gmt":"2023-10-09T13:53:43","guid":{"rendered":"http:\/\/dsrmedios.com.ar\/diario\/?p=40215"},"modified":"2023-10-09T10:53:45","modified_gmt":"2023-10-09T13:53:45","slug":"despues-del-debate-el-gobierno-se-prepara-para-el-ultimo-dato-de-inflacion-antes-de-las-elecciones","status":"publish","type":"post","link":"http:\/\/dsrmedios.com.ar\/diario\/archivos\/40215","title":{"rendered":"Despu\u00e9s del debate, el Gobierno se prepara para el \u00faltimo dato de inflaci\u00f3n antes de las elecciones"},"content":{"rendered":"\n<p>Pasado el segundo debate presidencial, el Gobierno se prepara para recibir el \u00faltimo dato de inflaci\u00f3n antes de las elecciones. El jueves 12 de octubre, el Instituto Nacional de Estad\u00edstica y Censos (INDEC) publicar\u00e1 el<a href=\"https:\/\/tn.com.ar\/economia\/2023\/09\/13\/la-inflacion-de-agosto-fue-de-124-la-mas-alta-de-los-ultimos-32-anos\/\" target=\"_blank\" rel=\"noreferrer noopener\"><strong>&nbsp;\u00cdndice de Precios al Consumidor&nbsp;<\/strong><\/a>(IPC) correspondiente a septiembre. Seg\u00fan las estimaciones privadas, se espera que la cifra alcance los&nbsp;<strong>dos d\u00edgitos<\/strong>&nbsp;por segundo mes consecutivo.<\/p>\n\n\n\n<p>PUBLICIDAD<\/p>\n\n\n\n<p>En rigor, el<a rel=\"noreferrer noopener\" href=\"https:\/\/tn.com.ar\/economia\/2023\/08\/14\/tras-la-devaluacion-el-gobierno-admite-que-la-inflacion-puede-llegar-a-dos-digitos-desde-agosto\/\" target=\"_blank\">\u00a0<strong>salto del 22% del d\u00f3lar oficial<\/strong><\/a><strong>\u00a0tras la devaluaci\u00f3n\u00a0<\/strong>post PASO y su traslado a precios presion\u00f3 sobre la cifra de\u00a0<strong>inflaci\u00f3n de agosto<\/strong>, que trep\u00f3 al 12,4%, la medici\u00f3n m\u00e1s alta desde 1991.<\/p>\n\n\n\n<p>A finales de la \u00faltima semana se public\u00f3 el&nbsp;<strong>indicador oficial de la inflaci\u00f3n en la Ciudad de Buenos Aires<\/strong>, que alcanz\u00f3 el 12% -esto es, 1,6 puntos por encima del 10,4% de agosto-, con un fuerte impacto en alimentos, cuyo increment\u00f3 fue de&nbsp;<strong>14,1%<\/strong>, seg\u00fan inform\u00f3 la Direcci\u00f3n de Estad\u00edsticas porte\u00f1a.<\/p>\n\n\n\n<figure class=\"wp-block-image\"><img decoding=\"async\" src=\"https:\/\/tn.com.ar\/resizer\/rzT2nthK_ntdI6U7xqKXkcL-R00=\/767x0\/smart\/filters:format(webp)\/cloudfront-us-east-1.images.arcpublishing.com\/artear\/QXTUCRHRM5GA5HXUL7NRUO6H5M.jpg\" alt=\"El Indec public\u00f3 este viernes el dato de inflaci\u00f3n de marzo. (Foto: Agustina Ribo\/TN).\"\/><figcaption class=\"wp-element-caption\">El Indec public\u00f3 este viernes el dato de inflaci\u00f3n de marzo. (Foto: Agustina Ribo\/TN).<\/figcaption><\/figure>\n\n\n\n<h2>El c\u00e1lculo de los privados sobre la inflaci\u00f3n de septiembre<\/h2>\n\n\n\n<p>\u201cLa devaluaci\u00f3n impact\u00f3 de lleno en la inflaci\u00f3n de agosto, pero tambi\u00e9n&nbsp;<strong>dej\u00f3 un arrastre para septiembre<\/strong>, por lo que sus efectos se seguir\u00e1n sintiendo a pesar de una desaceleraci\u00f3n de la inflaci\u00f3n semanal hacia finales de mes. Por otro lado, septiembre vino acompa\u00f1ado de&nbsp;<strong>subas de precios regulados&nbsp;<\/strong>como colegios, combustibles y prepagas\u201d, detallaron en la consultora&nbsp;<em>LCG<\/em>.<\/p>\n\n\n\n<p>\u201cEn este contexto, de acuerdo con la inflaci\u00f3n declarada por la Secretar\u00eda de Pol\u00edtica Econ\u00f3mica, septiembre se sostendr\u00eda\u00a0<strong>por encima de los dos d\u00edgitos mensuales<\/strong>. Nuestra estimaci\u00f3n la ubica cercana al\u00a0<strong>12%<\/strong>\u00a0mensual, consistente con un\u00a0<strong>136% anual<\/strong>\u201d, precisaron.<\/p>\n\n\n\n<p>Por su parte, el relevamiento de precios minoristas de<em>&nbsp;C&amp;T&nbsp;<\/em>mostr\u00f3 un&nbsp;<strong>incremento mensual de 11% en septiembre.<\/strong>&nbsp;\u201cLa fuerte variaci\u00f3n mensual estuvo muy influida por el arrastre que dej\u00f3 el aumento de precios generalizado que tuvo lugar en la segunda quincena de agosto\u201d, indicaron las estimaciones.<\/p>\n\n\n\n<p>\u201cEn el&nbsp;<strong>comportamiento semanal<\/strong>&nbsp;se detect\u00f3 una&nbsp;<strong>moderaci\u00f3n&nbsp;<\/strong>a lo largo del mes, reflejando que hubo un reacomodamiento puntual a la modificaci\u00f3n de los tipos de cambio\u201d, se\u00f1alaron en&nbsp;<em>C&amp;T<\/em>.<\/p>\n\n\n\n<figure class=\"wp-block-image\"><img decoding=\"async\" src=\"https:\/\/tn.com.ar\/resizer\/qcvJSEEoD6sWPbO9v7D6bihgF-8=\/767x0\/smart\/filters:format(webp)\/cloudfront-us-east-1.images.arcpublishing.com\/artear\/PFFTMDSTAVCT5LS5M6RD2RIP7Q.png\" alt=\"Aumentaron las cuotas de los colegios privados. (Foto: AdobeStock)\"\/><figcaption class=\"wp-element-caption\">Aumentaron las cuotas de los colegios privados. (Foto: AdobeStock)<\/figcaption><\/figure>\n\n\n\n<h2>Se aceler\u00f3 el alza en los precios de alimentos en la primera semana de octubre<\/h2>\n\n\n\n<p>El d\u00e9cimo mes del a\u00f1o comenz\u00f3 con nuevos incrementos en los valores de los productos. En la<strong>&nbsp;primera semana<\/strong>&nbsp;de octubre, el&nbsp;<a href=\"https:\/\/tn.com.ar\/economia\/2023\/09\/30\/bajo-el-precio-de-la-carne-y-la-inflacion-semanal-de-los-alimentos-fue-la-menor-en-tres-meses\/\"><strong>precio de los alimentos<\/strong><\/a>&nbsp;avanz\u00f3&nbsp;<strong>1,4%<\/strong>.<\/p>\n\n\n\n<p>Esto signific\u00f3 una\u00a0<strong>aceleraci\u00f3n<\/strong>\u00a0de<strong>\u00a00,9 puntos porcentuales<\/strong>\u00a0con respecto a los siete d\u00edas previos. Los datos se desprenden del relevamiento semanal de la consultora\u00a0<em>LCG<\/em>, que indic\u00f3 que la\u00a0<strong>carne<\/strong>, el\u00a0<strong>az\u00facar<\/strong>\u00a0y las<strong>\u00a0frutas\u00a0<\/strong>fueron los que m\u00e1s aumentaron.<\/p>\n\n\n\n<p>Con ese resultado, la\u00a0<strong>inflaci\u00f3n en alimentos<\/strong>\u00a0acumula un alza mensual de\u00a0<strong>7,3%<\/strong>\u00a0promedio en las \u00faltimas cuatro semanas, impulsada principalmente por aumentos en la\u00a0<strong>carne<\/strong>.<\/p>\n\n\n\n<p>Fuente: tn<\/p>\n","protected":false},"excerpt":{"rendered":"<div class=\"mh-excerpt\"><p>Pasado el segundo debate presidencial, el Gobierno se prepara para recibir el \u00faltimo dato de inflaci\u00f3n antes de las elecciones. El jueves 12 de octubre, el Instituto Nacional de Estad\u00edstica y Censos (INDEC) publicar\u00e1 el&nbsp;\u00cdndice de Precios al Consumidor&nbsp;(IPC) correspondiente a septiembre. Seg\u00fan las estimaciones privadas, se espera que la cifra alcance los&nbsp;dos d\u00edgitos&nbsp;por segundo mes consecutivo. PUBLICIDAD En rigor, el\u00a0salto del 22% del d\u00f3lar oficial\u00a0tras la devaluaci\u00f3n\u00a0post PASO y su traslado a precios presion\u00f3 sobre la cifra de\u00a0inflaci\u00f3n de agosto, que trep\u00f3 al 12,4%, la medici\u00f3n m\u00e1s alta desde 1991. A finales de la \u00faltima semana se public\u00f3 el&nbsp;indicador <a class=\"mh-excerpt-more\" href=\"http:\/\/dsrmedios.com.ar\/diario\/archivos\/40215\" title=\"Despu\u00e9s del debate, el Gobierno se prepara para el \u00faltimo dato de inflaci\u00f3n antes de las elecciones\">[Leer m\u00e1s]<\/a><\/p>\n<\/div>","protected":false},"author":8,"featured_media":35311,"comment_status":"open","ping_status":"closed","sticky":false,"template":"","format":"standard","meta":{"_jetpack_newsletter_access":""},"categories":[6],"tags":[],"jetpack_featured_media_url":"http:\/\/dsrmedios.com.ar\/diario\/wp-content\/uploads\/2023\/06\/DXEIWKSGKINZK7MDWFPQL7CEBA.jpg","jetpack_sharing_enabled":true,"jetpack_shortlink":"https:\/\/wp.me\/p9fihK-asD","_links":{"self":[{"href":"http:\/\/dsrmedios.com.ar\/diario\/wp-json\/wp\/v2\/posts\/40215"}],"collection":[{"href":"http:\/\/dsrmedios.com.ar\/diario\/wp-json\/wp\/v2\/posts"}],"about":[{"href":"http:\/\/dsrmedios.com.ar\/diario\/wp-json\/wp\/v2\/types\/post"}],"author":[{"embeddable":true,"href":"http:\/\/dsrmedios.com.ar\/diario\/wp-json\/wp\/v2\/users\/8"}],"replies":[{"embeddable":true,"href":"http:\/\/dsrmedios.com.ar\/diario\/wp-json\/wp\/v2\/comments?post=40215"}],"version-history":[{"count":1,"href":"http:\/\/dsrmedios.com.ar\/diario\/wp-json\/wp\/v2\/posts\/40215\/revisions"}],"predecessor-version":[{"id":40218,"href":"http:\/\/dsrmedios.com.ar\/diario\/wp-json\/wp\/v2\/posts\/40215\/revisions\/40218"}],"wp:featuredmedia":[{"embeddable":true,"href":"http:\/\/dsrmedios.com.ar\/diario\/wp-json\/wp\/v2\/media\/35311"}],"wp:attachment":[{"href":"http:\/\/dsrmedios.com.ar\/diario\/wp-json\/wp\/v2\/media?parent=40215"}],"wp:term":[{"taxonomy":"category","embeddable":true,"href":"http:\/\/dsrmedios.com.ar\/diario\/wp-json\/wp\/v2\/categories?post=40215"},{"taxonomy":"post_tag","embeddable":true,"href":"http:\/\/dsrmedios.com.ar\/diario\/wp-json\/wp\/v2\/tags?post=40215"}],"curies":[{"name":"wp","href":"https:\/\/api.w.org\/{rel}","templated":true}]}}