{"id":40207,"date":"2023-10-09T10:36:01","date_gmt":"2023-10-09T13:36:01","guid":{"rendered":"http:\/\/dsrmedios.com.ar\/diario\/?p=40207"},"modified":"2023-10-09T10:36:04","modified_gmt":"2023-10-09T13:36:04","slug":"messi-llego-a-la-argentina-para-sumarse-a-la-seleccion-de-cara-a-los-partidos-contra-paraguay-y-peru-por-las-eliminatorias","status":"publish","type":"post","link":"http:\/\/dsrmedios.com.ar\/diario\/archivos\/40207","title":{"rendered":"Messi lleg\u00f3 a la Argentina para sumarse a la Selecci\u00f3n de cara a los partidos contra Paraguay y Per\u00fa por las Eliminatorias"},"content":{"rendered":"\n<p><strong>Se viene una nueva doble fecha de Eliminatorias Sudamericanas y Lionel Messi ya est\u00e1 en Argentina<\/strong>. El avi\u00f3n que trajo al capit\u00e1n de la selecci\u00f3n argentina proveniente desde Miami aterriz\u00f3 en el aeropuerto de Ezeiza pasadas las 7 de la ma\u00f1ana. Tras los tr\u00e1mites de rigor, el n\u00famero 10 se traslad\u00f3 hacia el predio de la AFA que lleva su nombre para sumarse de cara a lo que ser\u00e1 la primera jornada de entrenamientos.<a rel=\"noreferrer noopener\" href=\"https:\/\/www.infobae.com\/deportes\/2023\/09\/21\/lionel-messi-se-lesiono-a-los-37-minutos-y-encendio-las-alarmas-en-inter-miami-sus-gestos-al-momento-de-ser-reemplazado\/\" target=\"_blank\"><\/a><\/p>\n\n\n\n<p>Los otros futbolistas convocados que lo acompa\u00f1aron en el vuelo fueron&nbsp;<strong>Thiago Almada<\/strong>, jugador del Atlanta United y que tambi\u00e9n fue parte del plantel que jug\u00f3 el Mundial de Qatar, y su compa\u00f1ero de equipo&nbsp;<strong>Facundo<\/strong>&nbsp;<strong>Far\u00edas.<\/strong><\/p>\n\n\n\n<p>El astro rosarino fue citado por Lionel Scaloni a pesar de que acaba de recuperarse de una dolencia que lo margin\u00f3 durante m\u00e1s de dos semanas de los partidos del Inter Miami en la&nbsp;<em>Major League Soccer<\/em>. El pasado s\u00e1bado, y<strong>&nbsp;despu\u00e9s de 17 d\u00edas de inactividad, la Pulga se calz\u00f3 de nuevo la casaca de la franquicia rosa e ingres\u00f3 a los nueve minutos de la segunda etapa del duelo ante Cincinnati<\/strong>, que termin\u00f3 en derrota por 1-0 en el&nbsp;<em>DRV PNK Stadium<\/em>.<\/p>\n\n\n\n<p>Ya sin chances de clasificar a los playoffs en la MLS, Messi dispondr\u00e1 de dos encuentros m\u00e1s por la liga de los Estados Unidos (ambos ante Charlotte FC) y en lo que resta del a\u00f1o tendr\u00e1 cuatro compromisos con\u00a0<em>la Albiceleste<\/em>. Los primeros ser\u00e1n por la doble fecha en los que Argentina enfrentar\u00e1 a Paraguay, el pr\u00f3ximo jueves a las 20 en el estadio Monumental, mientras que el martes 17 visitar\u00e1 a Per\u00fa en Lima (desde las 23 hora argentina<a rel=\"noreferrer noopener\" href=\"https:\/\/www.infobae.com\/deportes\/2023\/10\/05\/los-detalles-del-encuentro-entre-claudio-tapia-y-rod-stewart-sentir-su-devocion-y-respeto-por-la-seleccion-argentina-fue-emocionante\/\" target=\"_blank\"><\/a><\/p>\n\n\n\n<p><strong>El primer d\u00eda de trabajo para el seleccionado campe\u00f3n del mundo ser\u00e1 este mismo lunes<\/strong>. Por la tarde, desde las 17, los futbolistas convocados se entrenar\u00e1n a puertas cerradas en Ezeiza. El martes en el mismo horario, los medios acreditados podr\u00e1n ingresar para ver los \u00faltimos 15 minutos de la pr\u00e1ctica de la Selecci\u00f3n. El mi\u00e9rcoles, el d\u00eda previo al partido ante el combinado guaran\u00ed que tendr\u00e1 el estreno de Daniel Garnero como DT, tambi\u00e9n trabajar\u00e1 y Scaloni dar\u00e1 su cl\u00e1sica conferencia de prensa previa a los partidos.<\/p>\n\n\n\n<p>M\u00e1s all\u00e1 de ver el estado de forma en el que llegar\u00e1 Messi tras su lesi\u00f3n y evaluar si podr\u00e1 ser de la partida ante Paraguay en la cancha de River Plate, el entrenador que se consagr\u00f3 ganador de la tercera estrella para el f\u00fatbol argentino sufri\u00f3 una serie de bajas por lesiones.&nbsp;<a rel=\"noreferrer noopener\" href=\"https:\/\/www.infobae.com\/deportes\/2023\/10\/07\/lionel-scaloni-sumo-a-otro-futbolista-a-la-lista-de-la-seleccion-argentina-para-las-eliminatorias\/\" target=\"_blank\"><strong>Juan Foyth qued\u00f3 descartado y en su lugar fue llamado Facundo Medina<\/strong><\/a>, algo que tambi\u00e9n ocurri\u00f3 en la ventana de septiembre cuando Argentina recibi\u00f3 a Ecuador y visit\u00f3 la altura de la Paz en Bolivia. La otra desafectaci\u00f3n que se confirm\u00f3 en las \u00faltimas horas fue la de&nbsp;<strong>Paulo Dybala<\/strong>, quien sufri\u00f3 una lesi\u00f3n en una de sus rodillas en la victoria de la Roma ante Cagliari y se deber\u00e1 aguardar los estudios para determinar qu\u00e9 le sucedi\u00f3.<\/p>\n\n\n\n<p><img decoding=\"async\" loading=\"lazy\" alt=\"Messi anot\u00f3 el \u00fanico tanto de la Selecci\u00f3n en la victoria 1-0 ante Ecuador en el Monumental (AP Foto\/Gustavo Garello)\" height=\"3280\" width=\"4928\" src=\"https:\/\/www.infobae.com\/new-resizer\/LgpkLaXz6o65VjLZ1P8bVxaf0AA=\/arc-anglerfish-arc2-prod-infobae\/public\/5DZLFCWYI5OK7WTM6ZI2LOOH5I.jpg\" srcset=\"https:\/\/www.infobae.com\/new-resizer\/4Y-RmnA5u9yZSepg05V90rEBMPI=\/420x280\/filters:format(webp):quality(85)\/cloudfront-us-east-1.images.arcpublishing.com\/infobae\/5DZLFCWYI5OK7WTM6ZI2LOOH5I.jpg 420w,https:\/\/www.infobae.com\/new-resizer\/z4gBdDBGhLKQ1QMuZLw9J-XcvYg=\/768x512\/filters:format(webp):quality(85)\/cloudfront-us-east-1.images.arcpublishing.com\/infobae\/5DZLFCWYI5OK7WTM6ZI2LOOH5I.jpg 768w,https:\/\/www.infobae.com\/new-resizer\/-LaWc28MbibWqmBZrC9a8Atw0N8=\/992x661\/filters:format(webp):quality(85)\/cloudfront-us-east-1.images.arcpublishing.com\/infobae\/5DZLFCWYI5OK7WTM6ZI2LOOH5I.jpg 992w,https:\/\/www.infobae.com\/new-resizer\/J3FzNKZumLbUNWQfg--C6UnPs-c=\/1200x800\/filters:format(webp):quality(85)\/cloudfront-us-east-1.images.arcpublishing.com\/infobae\/5DZLFCWYI5OK7WTM6ZI2LOOH5I.jpg 1200w,https:\/\/www.infobae.com\/new-resizer\/tV0DKbPJ1zmMGZGedGZ0KyTCXpo=\/1440x960\/filters:format(webp):quality(85)\/cloudfront-us-east-1.images.arcpublishing.com\/infobae\/5DZLFCWYI5OK7WTM6ZI2LOOH5I.jpg 1440w\">Messi anot\u00f3 el \u00fanico tanto de la Selecci\u00f3n en la victoria 1-0 ante Ecuador en el Monumental (AP Foto\/Gustavo Garello)<\/p>\n\n\n\n<p><strong>El cronograma de la selecci\u00f3n argentina<\/strong><\/p>\n\n\n\n<p><em>Lunes 9 de octubre<\/em><\/p>\n\n\n\n<p>&#8211; 17.00 Entrenamiento (cerrado para la prensa)<a rel=\"noreferrer noopener\" href=\"https:\/\/www.infobae.com\/deportes\/2023\/10\/04\/la-sorprendente-reaccion-del-cuti-romero-tras-recibir-un-gran-elogio-de-lionel-messi-no-sabia-si-era-verdad\/\" target=\"_blank\"><\/a><a rel=\"noreferrer noopener\" href=\"https:\/\/www.infobae.com\/deportes\/2023\/10\/04\/la-sorprendente-reaccion-del-cuti-romero-tras-recibir-un-gran-elogio-de-lionel-messi-no-sabia-si-era-verdad\/\" target=\"_blank\"><\/a><\/p>\n\n\n\n<p><em>Martes 10 de octubre<\/em><\/p>\n\n\n\n<p>&#8211; 17.00 Entrenamiento (los \u00faltimos 15 minutos ser\u00e1n abiertos a los medios acreditados)<\/p>\n\n\n\n<p><em>Mi\u00e9rcoles 11 de octubre<\/em><\/p>\n\n\n\n<p>&#8211; Conferencia de Lionel Scaloni (horario a confirmar)<\/p>\n\n\n\n<p>&#8211; 17.00 Entrenamiento (cerrado para la prensa)<\/p>\n\n\n\n<p><em>Jueves 12 de octubre<\/em><\/p>\n\n\n\n<p>&#8211; 20.00 Argentina &#8211; Paraguay, en el Estadio Monumental (fecha 3 de las Eliminatorias Sudamericanas)<\/p>\n\n\n\n<p><img decoding=\"async\" loading=\"lazy\" alt=\"El momento en el que Messi baja del avi\u00f3n que lo traslad\u00f3 de Miami a la Argentina\" height=\"683\" width=\"1231\" src=\"https:\/\/www.infobae.com\/new-resizer\/BcGr3Kmsz-zJuxCbu91W1kHbd-Q=\/arc-anglerfish-arc2-prod-infobae\/public\/TWXE3PPZ6FA6LNZVCFEI7WDJIQ.png\" srcset=\"https:\/\/www.infobae.com\/new-resizer\/unBq6ATJZryHedsIyOTm-M5UvM0=\/420x236\/filters:format(webp):quality(85)\/cloudfront-us-east-1.images.arcpublishing.com\/infobae\/TWXE3PPZ6FA6LNZVCFEI7WDJIQ.png 420w,https:\/\/www.infobae.com\/new-resizer\/mOuRDTpxJ5lwINceInZuCebouls=\/768x432\/filters:format(webp):quality(85)\/cloudfront-us-east-1.images.arcpublishing.com\/infobae\/TWXE3PPZ6FA6LNZVCFEI7WDJIQ.png 768w,https:\/\/www.infobae.com\/new-resizer\/fHSdwqtrbNeVv2iO1bWlfL19Gn0=\/992x558\/filters:format(webp):quality(85)\/cloudfront-us-east-1.images.arcpublishing.com\/infobae\/TWXE3PPZ6FA6LNZVCFEI7WDJIQ.png 992w,https:\/\/www.infobae.com\/new-resizer\/UsSQKDy4HgaowUpQ01CuvWHeF6Y=\/1200x675\/filters:format(webp):quality(85)\/cloudfront-us-east-1.images.arcpublishing.com\/infobae\/TWXE3PPZ6FA6LNZVCFEI7WDJIQ.png 1200w,https:\/\/www.infobae.com\/new-resizer\/IM5AFLfwLpdNPanM717BCFe4bpE=\/1440x810\/filters:format(webp):quality(85)\/cloudfront-us-east-1.images.arcpublishing.com\/infobae\/TWXE3PPZ6FA6LNZVCFEI7WDJIQ.png 1440w\">El momento en el que Messi baja del avi\u00f3n que lo traslad\u00f3 de Miami a la Argentina<\/p>\n\n\n\n<p><strong>La lista de convocados de Scaloni para los partidos contra Paraguay y Per\u00fa<\/strong><\/p>\n\n\n\n<p><strong>Arqueros<\/strong>: Emiliano Mart\u00ednez (Aston Villa), Franco Armani (River Plate), Juan Musso (Atalanta) y Walter Ben\u00edtez (PSV).<\/p>\n\n\n\n<p><strong>Defensores<\/strong>: Gonzalo Montiel (Nottingham Forest), Nahuel Molina (Atl\u00e9tico de Madrid), Germ\u00e1n Pezzella (Real Betis), Cristian Romero (Tottenham), Lucas Mart\u00ednez Quarta (Fiorentina), Nicol\u00e1s Otamendi (Benfica), Marco Pellegrino (Milan), Marcos Acula (Sevilla), Nicol\u00e1s Tagliafico (Olympique Lyon), Facundo Medina (Lens) y Lucas Esquivel (Athletico Paranaense).<\/p>\n\n\n\n<p><strong>Mediocampistas<\/strong>: Leandro Paredes (Rroma), Guido Rodr\u00edguez (Real Betis), Enzo Fern\u00e1ndez (Chelsea), Rodrigo De Paul (Atl\u00e9tico de Madrid), Exequiel Palacios (Bayer Leverkusen), Carlos Alcar\u00e1z (Southampton), Giovani Lo Celso (Tottenham), Alexis Mac Allister (Liverpool), Thiago Almada (Atlanta United) y Bruno Zapelli (Athletico Paranaense).<\/p>\n\n\n\n<p><strong>Delanteros<\/strong>: Lionel Messi (Inter Miami), Juli\u00e1 \u00c1lvarez (Manchester City), Lautaro Mart\u00ednez (Inter de Milan), Facundo Far\u00edas (Inter Miami), Lucas Beltr\u00e1n (Fiorentina), Alejandro Garnacho (Manchester United), Nicol\u00e1s Gonz\u00e1lez (Fiorentina) y Lucas Ocampos (Sevilla).<\/p>\n\n\n\n<p>Fuente: Infobae<\/p>\n","protected":false},"excerpt":{"rendered":"<div class=\"mh-excerpt\"><p>Se viene una nueva doble fecha de Eliminatorias Sudamericanas y Lionel Messi ya est\u00e1 en Argentina. El avi\u00f3n que trajo al capit\u00e1n de la selecci\u00f3n argentina proveniente desde Miami aterriz\u00f3 en el aeropuerto de Ezeiza pasadas las 7 de la ma\u00f1ana. Tras los tr\u00e1mites de rigor, el n\u00famero 10 se traslad\u00f3 hacia el predio de la AFA que lleva su nombre para sumarse de cara a lo que ser\u00e1 la primera jornada de entrenamientos. Los otros futbolistas convocados que lo acompa\u00f1aron en el vuelo fueron&nbsp;Thiago Almada, jugador del Atlanta United y que tambi\u00e9n fue parte del plantel que jug\u00f3 el <a class=\"mh-excerpt-more\" href=\"http:\/\/dsrmedios.com.ar\/diario\/archivos\/40207\" title=\"Messi lleg\u00f3 a la Argentina para sumarse a la Selecci\u00f3n de cara a los partidos contra Paraguay y Per\u00fa por las Eliminatorias\">[Leer m\u00e1s]<\/a><\/p>\n<\/div>","protected":false},"author":8,"featured_media":39185,"comment_status":"open","ping_status":"closed","sticky":false,"template":"","format":"standard","meta":{"_jetpack_newsletter_access":""},"categories":[2],"tags":[],"jetpack_featured_media_url":"http:\/\/dsrmedios.com.ar\/diario\/wp-content\/uploads\/2023\/09\/lionel-messi3jpg.webp","jetpack_sharing_enabled":true,"jetpack_shortlink":"https:\/\/wp.me\/p9fihK-asv","_links":{"self":[{"href":"http:\/\/dsrmedios.com.ar\/diario\/wp-json\/wp\/v2\/posts\/40207"}],"collection":[{"href":"http:\/\/dsrmedios.com.ar\/diario\/wp-json\/wp\/v2\/posts"}],"about":[{"href":"http:\/\/dsrmedios.com.ar\/diario\/wp-json\/wp\/v2\/types\/post"}],"author":[{"embeddable":true,"href":"http:\/\/dsrmedios.com.ar\/diario\/wp-json\/wp\/v2\/users\/8"}],"replies":[{"embeddable":true,"href":"http:\/\/dsrmedios.com.ar\/diario\/wp-json\/wp\/v2\/comments?post=40207"}],"version-history":[{"count":1,"href":"http:\/\/dsrmedios.com.ar\/diario\/wp-json\/wp\/v2\/posts\/40207\/revisions"}],"predecessor-version":[{"id":40208,"href":"http:\/\/dsrmedios.com.ar\/diario\/wp-json\/wp\/v2\/posts\/40207\/revisions\/40208"}],"wp:featuredmedia":[{"embeddable":true,"href":"http:\/\/dsrmedios.com.ar\/diario\/wp-json\/wp\/v2\/media\/39185"}],"wp:attachment":[{"href":"http:\/\/dsrmedios.com.ar\/diario\/wp-json\/wp\/v2\/media?parent=40207"}],"wp:term":[{"taxonomy":"category","embeddable":true,"href":"http:\/\/dsrmedios.com.ar\/diario\/wp-json\/wp\/v2\/categories?post=40207"},{"taxonomy":"post_tag","embeddable":true,"href":"http:\/\/dsrmedios.com.ar\/diario\/wp-json\/wp\/v2\/tags?post=40207"}],"curies":[{"name":"wp","href":"https:\/\/api.w.org\/{rel}","templated":true}]}}