{"id":40204,"date":"2023-10-09T10:37:32","date_gmt":"2023-10-09T13:37:32","guid":{"rendered":"http:\/\/dsrmedios.com.ar\/diario\/?p=40204"},"modified":"2023-10-09T10:37:34","modified_gmt":"2023-10-09T13:37:34","slug":"argentina-ya-tiene-la-primera-fabrica-de-motos-100-carbono-neutral","status":"publish","type":"post","link":"http:\/\/dsrmedios.com.ar\/diario\/archivos\/40204","title":{"rendered":"Argentina ya tiene la primera f\u00e1brica de motos 100% carbono neutral"},"content":{"rendered":"\n<p>En un mundo cada vez m\u00e1s consciente de la necesidad de reducir la&nbsp;<strong>huella de carbono<\/strong>&nbsp;y promover pr\u00e1cticas sustentables, producir bienes de consumo utilizando energ\u00eda limpia se destaca como un ejemplo inspirador.<\/p>\n\n\n\n<p>Es as\u00ed que en una alianza pionera en el sector industrial argentino,&nbsp;<strong>Honda Motor<\/strong>&nbsp;de Argentina e&nbsp;<strong>YPF Luz<\/strong>&nbsp;est\u00e1n dando un paso significativo hacia la sostenibilidad y la reducci\u00f3n de este tipo de emisiones, al utilizar&nbsp;<strong>100% energ\u00eda renovable<\/strong>&nbsp;en las operaciones que tiene la compa\u00f1\u00eda de movilidad en la planta de Campana.<\/p>\n\n\n\n<p>\u201cEstamos felices con la implementaci\u00f3n de esta nueva etapa de la alianza con YPF, que adem\u00e1s se da en el marco de la celebraci\u00f3n de nuestros 45 a\u00f1os de presencia en el pa\u00eds. Para nosotros es un orgullo fabricar motos argentinas con energ\u00eda renovable, de la mano de la principal empresa energ\u00e9tica del pa\u00eds con 100 a\u00f1os de historia\u201d, asegur\u00f3 Takashi Fujisaki, presidente de&nbsp;<strong>Honda Motor<\/strong>&nbsp;de Argentina.<\/p>\n\n\n\n<p><img decoding=\"async\" loading=\"lazy\" alt=\"Honda fabrica motos en un proceso de producci\u00f3n con energ\u00eda 100% neutra en carbono (Honda)\" height=\"1080\" width=\"1920\" src=\"https:\/\/www.infobae.com\/new-resizer\/CFV3qTA5JoADjjl5k2g_gbuf-xU=\/arc-anglerfish-arc2-prod-infobae\/public\/QQLJQK54LFDL3KL6O34HBGN3RM.jpg\" srcset=\"https:\/\/www.infobae.com\/new-resizer\/rat5UUzdRtRp_y0vNOT8W0yNehI=\/420x236\/filters:format(webp):quality(85)\/cloudfront-us-east-1.images.arcpublishing.com\/infobae\/QQLJQK54LFDL3KL6O34HBGN3RM.jpg 420w,https:\/\/www.infobae.com\/new-resizer\/ugkLzsN4yFBYtO9maOx0aDeFP-M=\/768x432\/filters:format(webp):quality(85)\/cloudfront-us-east-1.images.arcpublishing.com\/infobae\/QQLJQK54LFDL3KL6O34HBGN3RM.jpg 768w,https:\/\/www.infobae.com\/new-resizer\/T1ZPlWfWi-g3zWQ87lA9XWJ0kvY=\/992x558\/filters:format(webp):quality(85)\/cloudfront-us-east-1.images.arcpublishing.com\/infobae\/QQLJQK54LFDL3KL6O34HBGN3RM.jpg 992w,https:\/\/www.infobae.com\/new-resizer\/rU7ZQE3tSdv2hBOT5j3b92s8n-k=\/1200x675\/filters:format(webp):quality(85)\/cloudfront-us-east-1.images.arcpublishing.com\/infobae\/QQLJQK54LFDL3KL6O34HBGN3RM.jpg 1200w,https:\/\/www.infobae.com\/new-resizer\/Lf0M0gSorw19bnvEpe25Z83mMCA=\/1440x810\/filters:format(webp):quality(85)\/cloudfront-us-east-1.images.arcpublishing.com\/infobae\/QQLJQK54LFDL3KL6O34HBGN3RM.jpg 1440w\">Honda fabrica motos en un proceso de producci\u00f3n con energ\u00eda 100% neutra en carbono (Honda)<\/p>\n\n\n\n<p>La colaboraci\u00f3n entre&nbsp;<strong>Honda<\/strong>&nbsp;e&nbsp;<strong>YPF<\/strong>&nbsp;comenz\u00f3 a principios de 2022 con el objetivo de desarrollar soluciones de valor para la industria. En una primera etapa&nbsp;<strong>YPF Luz&nbsp;<\/strong>construy\u00f3 el tendido para la provisi\u00f3n de&nbsp;<strong>energ\u00eda renovable<\/strong>&nbsp;para el tramo que va desde el parque solar Zonda en San Juan hasta la planta de&nbsp;<strong>Honda<\/strong>&nbsp;en la provincia de Buenos Aires.<\/p>\n\n\n\n<p>Esto permiti\u00f3 que para junio de junio de 2023, la compa\u00f1\u00eda japonesa se transformara en la \u00fanica f\u00e1brica de motos del pa\u00eds en utilizar&nbsp;<strong>energ\u00eda sustentable<\/strong>&nbsp;en todos sus procesos de producci\u00f3n.<\/p>\n\n\n\n<p>\u201cNos enorgullece acompa\u00f1ar a Honda Motor en su proceso de transici\u00f3n energ\u00e9tica, abasteciendo su planta de Campana con energ\u00eda limpia proveniente de Argentina. Gracias a este logro, Honda opera con energ\u00eda rentable y eficiente, que reduce el impacto de su huella de carbono. Desde YPF Luz estamos felices de contribuir para que la industria sea cada vez m\u00e1s competitiva energ\u00e9ticamente\u201d, afirm\u00f3 Mart\u00edn Mandarano, CEO de&nbsp;<strong>YPF Luz<\/strong>.<\/p>\n\n\n\n<p><img decoding=\"async\" loading=\"lazy\" alt=\"Producci\u00f3n de motos con energ\u00eda limpia (Honda)\" height=\"1080\" width=\"1920\" src=\"https:\/\/www.infobae.com\/new-resizer\/zO27_3w-6Mo9QMwPWem-nKcm_JY=\/arc-anglerfish-arc2-prod-infobae\/public\/YMY7OFE4DNCJRMZW4YERZMQYJU.jpg\" srcset=\"https:\/\/www.infobae.com\/new-resizer\/oqYgWRI-gGCNHqyplVIo-zOleTc=\/420x236\/filters:format(webp):quality(85)\/cloudfront-us-east-1.images.arcpublishing.com\/infobae\/YMY7OFE4DNCJRMZW4YERZMQYJU.jpg 420w,https:\/\/www.infobae.com\/new-resizer\/ZKThfIBy4gVdGXGRSlzdLXEpf6E=\/768x432\/filters:format(webp):quality(85)\/cloudfront-us-east-1.images.arcpublishing.com\/infobae\/YMY7OFE4DNCJRMZW4YERZMQYJU.jpg 768w,https:\/\/www.infobae.com\/new-resizer\/3OByoD43MNTcbpKsDL0wLfrI0pQ=\/992x558\/filters:format(webp):quality(85)\/cloudfront-us-east-1.images.arcpublishing.com\/infobae\/YMY7OFE4DNCJRMZW4YERZMQYJU.jpg 992w,https:\/\/www.infobae.com\/new-resizer\/-vSji1oBJXzNzsm6uBjYVMy-Tqk=\/1200x675\/filters:format(webp):quality(85)\/cloudfront-us-east-1.images.arcpublishing.com\/infobae\/YMY7OFE4DNCJRMZW4YERZMQYJU.jpg 1200w,https:\/\/www.infobae.com\/new-resizer\/ib8yaGWhaZP5-fRTplftArUjywM=\/1440x810\/filters:format(webp):quality(85)\/cloudfront-us-east-1.images.arcpublishing.com\/infobae\/YMY7OFE4DNCJRMZW4YERZMQYJU.jpg 1440w\">Producci\u00f3n de motos con energ\u00eda limpia (Honda)<\/p>\n\n\n\n<p>Este paso hacia la sostenibilidad est\u00e1 en l\u00ednea con los objetivos de&nbsp;<strong>Honda<\/strong>&nbsp;a nivel global de lograr la neutralidad de carbono para 2050. Adem\u00e1s de la provisi\u00f3n de energ\u00eda sostenible, la compa\u00f1\u00eda de movilidad japonesa est\u00e1 implementando medidas para optimizar el uso del agua, aumentar el reciclaje y mejorar el tratamiento de los residuos generados en la planta.<\/p>\n\n\n\n<p>La colaboraci\u00f3n entre empresas l\u00edderes, como&nbsp;<strong>Honda<\/strong>&nbsp;e&nbsp;<strong>YPF Luz<\/strong>, demuestra c\u00f3mo la industria puede tomar la iniciativa al implementar medidas concretas para minimizar su impacto ambiental. Adem\u00e1s clientes y usuarios de estas marcas encontrar\u00e1n en esta uni\u00f3n nuevas soluciones de movilidad sustentables.<\/p>\n\n\n\n<p>Este enfoque no solo contribuye a mitigar el cambio clim\u00e1tico, sino que tambi\u00e9n establece un est\u00e1ndar inspirador para otros sectores productivos, destacando que la transici\u00f3n hacia una producci\u00f3n neutral en carbono es alcanzable y necesaria en la lucha por un futuro m\u00e1s sostenible.<\/p>\n\n\n\n<h2>Sobre YPF Luz<\/h2>\n\n\n\n<p>Nacida en 2013 con el fin de generar energ\u00eda rentable, eficiente y sustentable, YPF Luz impulsa la transici\u00f3n energ\u00e9tica en Argentina.<\/p>\n\n\n\n<p>La compa\u00f1\u00eda cuenta con una capacidad instalada de m\u00e1s de 3.2 GW que abastece al mercado mayorista y a las distintas industrias del pa\u00eds. Actualmente, se encuentra construyendo un parque e\u00f3lico de 155 MW en la provincia de C\u00f3rdoba.<\/p>\n\n\n\n<p>FUENTE: INFOBAE<\/p>\n","protected":false},"excerpt":{"rendered":"<div class=\"mh-excerpt\"><p>En un mundo cada vez m\u00e1s consciente de la necesidad de reducir la&nbsp;huella de carbono&nbsp;y promover pr\u00e1cticas sustentables, producir bienes de consumo utilizando energ\u00eda limpia se destaca como un ejemplo inspirador. Es as\u00ed que en una alianza pionera en el sector industrial argentino,&nbsp;Honda Motor&nbsp;de Argentina e&nbsp;YPF Luz&nbsp;est\u00e1n dando un paso significativo hacia la sostenibilidad y la reducci\u00f3n de este tipo de emisiones, al utilizar&nbsp;100% energ\u00eda renovable&nbsp;en las operaciones que tiene la compa\u00f1\u00eda de movilidad en la planta de Campana. \u201cEstamos felices con la implementaci\u00f3n de esta nueva etapa de la alianza con YPF, que adem\u00e1s se da en el marco <a class=\"mh-excerpt-more\" href=\"http:\/\/dsrmedios.com.ar\/diario\/archivos\/40204\" title=\"Argentina ya tiene la primera f\u00e1brica de motos 100% carbono neutral\">[Leer m\u00e1s]<\/a><\/p>\n<\/div>","protected":false},"author":8,"featured_media":40209,"comment_status":"open","ping_status":"closed","sticky":false,"template":"","format":"standard","meta":{"_jetpack_newsletter_access":""},"categories":[6],"tags":[],"jetpack_featured_media_url":"http:\/\/dsrmedios.com.ar\/diario\/wp-content\/uploads\/2023\/10\/DE6RJI7KQNF7TBDDC6UXH5FNVU.jpg","jetpack_sharing_enabled":true,"jetpack_shortlink":"https:\/\/wp.me\/p9fihK-ass","_links":{"self":[{"href":"http:\/\/dsrmedios.com.ar\/diario\/wp-json\/wp\/v2\/posts\/40204"}],"collection":[{"href":"http:\/\/dsrmedios.com.ar\/diario\/wp-json\/wp\/v2\/posts"}],"about":[{"href":"http:\/\/dsrmedios.com.ar\/diario\/wp-json\/wp\/v2\/types\/post"}],"author":[{"embeddable":true,"href":"http:\/\/dsrmedios.com.ar\/diario\/wp-json\/wp\/v2\/users\/8"}],"replies":[{"embeddable":true,"href":"http:\/\/dsrmedios.com.ar\/diario\/wp-json\/wp\/v2\/comments?post=40204"}],"version-history":[{"count":1,"href":"http:\/\/dsrmedios.com.ar\/diario\/wp-json\/wp\/v2\/posts\/40204\/revisions"}],"predecessor-version":[{"id":40210,"href":"http:\/\/dsrmedios.com.ar\/diario\/wp-json\/wp\/v2\/posts\/40204\/revisions\/40210"}],"wp:featuredmedia":[{"embeddable":true,"href":"http:\/\/dsrmedios.com.ar\/diario\/wp-json\/wp\/v2\/media\/40209"}],"wp:attachment":[{"href":"http:\/\/dsrmedios.com.ar\/diario\/wp-json\/wp\/v2\/media?parent=40204"}],"wp:term":[{"taxonomy":"category","embeddable":true,"href":"http:\/\/dsrmedios.com.ar\/diario\/wp-json\/wp\/v2\/categories?post=40204"},{"taxonomy":"post_tag","embeddable":true,"href":"http:\/\/dsrmedios.com.ar\/diario\/wp-json\/wp\/v2\/tags?post=40204"}],"curies":[{"name":"wp","href":"https:\/\/api.w.org\/{rel}","templated":true}]}}