{"id":40203,"date":"2023-10-09T10:28:46","date_gmt":"2023-10-09T13:28:46","guid":{"rendered":"http:\/\/dsrmedios.com.ar\/diario\/?p=40203"},"modified":"2023-10-09T10:28:48","modified_gmt":"2023-10-09T13:28:48","slug":"la-recomendacion-de-cancilleria-a-los-argentinos-que-estan-en-israel","status":"publish","type":"post","link":"http:\/\/dsrmedios.com.ar\/diario\/archivos\/40203","title":{"rendered":"La recomendaci\u00f3n de Canciller\u00eda a los argentinos que est\u00e1n en Israel"},"content":{"rendered":"\n<p>La&nbsp;<strong>Canciller\u00eda<\/strong>&nbsp;recomend\u00f3 a los argentinos que est\u00e9n en&nbsp;<strong>Israel<\/strong>&nbsp;que tengan pasajes a\u00e9reos o puedan comprarlos que&nbsp;<strong>&#8220;aborden cuanto antes los vuelos comerciales disponibles&#8221;<\/strong>&nbsp;y salgan de ese pa\u00eds.<\/p>\n\n\n\n<p>Adem\u00e1s, indic\u00f3 que el Consulado de la Argentina en Tel Aviv est\u00e1 elaborando un registro de los ciudadanos argentinos que se encuentren en territorio de Israel y&nbsp;<strong>&#8220;puedan llegar a requerir una evacuaci\u00f3n&#8221;<\/strong>&nbsp;a ra\u00edz del ataque de&nbsp;<strong>Hamas.<\/strong><\/p>\n\n\n\n<p>&#8220;Por este motivo, se solicita a las y los connacionales que consideren que puedan estar en dicha situaci\u00f3n que informen su Apellido, Nombre, DNI, tel\u00e9fono, lugar donde se encuentran, contacto de un familiar, condici\u00f3n m\u00e9dica (si la tuviere) y eventuales datos de inter\u00e9s, directamente al correo:&nbsp;consultasargentinosisrael@mrecic.gov.ar&#8221;, indic\u00f3 el Ministerio de Relaciones Exteriores, que conduce Santiago Cafiero.<\/p>\n\n\n\n<figure class=\"wp-block-image\"><img decoding=\"async\" src=\"https:\/\/media.minutouno.com\/p\/76b9223f882cb1ca1d17029eb03daa8c\/adjuntos\/150\/imagenes\/041\/029\/0041029644\/610x0\/smart\/ataque-israel-telamjpg.jpg\" alt=\"\" title=\"\"\/><\/figure>\n\n\n\n<figure class=\"wp-block-image\"><img decoding=\"async\" src=\"https:\/\/media.minutouno.com\/p\/062e5c210757dc25097202e1a4bed30f\/adjuntos\/150\/imagenes\/041\/029\/0041029653\/610x0\/smart\/ataque-israel-telam-2jpg.jpg\" alt=\"\" title=\"\"\/><\/figure>\n\n\n\n<p>Tambi\u00e9n recomend\u00f3 que&nbsp;&#8220;todos los nacionales que tengan pasajes a\u00e9reos, o que puedan comprarlos, aborden cuanto antes los vuelos comerciales disponibles desde el Aeropuerto Ben-Gurion, que -seg\u00fan indic\u00f3 la Canciller\u00eda- contin\u00faa operando&#8221;.<\/p>\n\n\n\n<p>Seg\u00fan medios internacionales, Hamas dijo que bombarde\u00f3 el aeropuerto pero no hubo informaci\u00f3n oficial sobre el cese de operaciones de la aeroestaci\u00f3n, aunque algunas empresas suspendieron vuelos, otras los reprogramaron y otras continuaron con sus actividades.<\/p>\n\n\n\n<p>El Consulado General en Tel Aviv tiene disponible el tel\u00e9fono de guardia consular de emergencias: + 972 52 597 8359.<\/p>\n\n\n\n<p>Fuente: Minutouno<\/p>\n","protected":false},"excerpt":{"rendered":"<div class=\"mh-excerpt\"><p>La&nbsp;Canciller\u00eda&nbsp;recomend\u00f3 a los argentinos que est\u00e9n en&nbsp;Israel&nbsp;que tengan pasajes a\u00e9reos o puedan comprarlos que&nbsp;&#8220;aborden cuanto antes los vuelos comerciales disponibles&#8221;&nbsp;y salgan de ese pa\u00eds. Adem\u00e1s, indic\u00f3 que el Consulado de la Argentina en Tel Aviv est\u00e1 elaborando un registro de los ciudadanos argentinos que se encuentren en territorio de Israel y&nbsp;&#8220;puedan llegar a requerir una evacuaci\u00f3n&#8221;&nbsp;a ra\u00edz del ataque de&nbsp;Hamas. &#8220;Por este motivo, se solicita a las y los connacionales que consideren que puedan estar en dicha situaci\u00f3n que informen su Apellido, Nombre, DNI, tel\u00e9fono, lugar donde se encuentran, contacto de un familiar, condici\u00f3n m\u00e9dica (si la tuviere) y eventuales <a class=\"mh-excerpt-more\" href=\"http:\/\/dsrmedios.com.ar\/diario\/archivos\/40203\" title=\"La recomendaci\u00f3n de Canciller\u00eda a los argentinos que est\u00e1n en Israel\">[Leer m\u00e1s]<\/a><\/p>\n<\/div>","protected":false},"author":8,"featured_media":40205,"comment_status":"open","ping_status":"closed","sticky":false,"template":"","format":"standard","meta":{"_jetpack_newsletter_access":""},"categories":[6],"tags":[],"jetpack_featured_media_url":"http:\/\/dsrmedios.com.ar\/diario\/wp-content\/uploads\/2023\/10\/israeljpg.jpg","jetpack_sharing_enabled":true,"jetpack_shortlink":"https:\/\/wp.me\/p9fihK-asr","_links":{"self":[{"href":"http:\/\/dsrmedios.com.ar\/diario\/wp-json\/wp\/v2\/posts\/40203"}],"collection":[{"href":"http:\/\/dsrmedios.com.ar\/diario\/wp-json\/wp\/v2\/posts"}],"about":[{"href":"http:\/\/dsrmedios.com.ar\/diario\/wp-json\/wp\/v2\/types\/post"}],"author":[{"embeddable":true,"href":"http:\/\/dsrmedios.com.ar\/diario\/wp-json\/wp\/v2\/users\/8"}],"replies":[{"embeddable":true,"href":"http:\/\/dsrmedios.com.ar\/diario\/wp-json\/wp\/v2\/comments?post=40203"}],"version-history":[{"count":1,"href":"http:\/\/dsrmedios.com.ar\/diario\/wp-json\/wp\/v2\/posts\/40203\/revisions"}],"predecessor-version":[{"id":40206,"href":"http:\/\/dsrmedios.com.ar\/diario\/wp-json\/wp\/v2\/posts\/40203\/revisions\/40206"}],"wp:featuredmedia":[{"embeddable":true,"href":"http:\/\/dsrmedios.com.ar\/diario\/wp-json\/wp\/v2\/media\/40205"}],"wp:attachment":[{"href":"http:\/\/dsrmedios.com.ar\/diario\/wp-json\/wp\/v2\/media?parent=40203"}],"wp:term":[{"taxonomy":"category","embeddable":true,"href":"http:\/\/dsrmedios.com.ar\/diario\/wp-json\/wp\/v2\/categories?post=40203"},{"taxonomy":"post_tag","embeddable":true,"href":"http:\/\/dsrmedios.com.ar\/diario\/wp-json\/wp\/v2\/tags?post=40203"}],"curies":[{"name":"wp","href":"https:\/\/api.w.org\/{rel}","templated":true}]}}