{"id":40194,"date":"2023-10-09T10:21:49","date_gmt":"2023-10-09T13:21:49","guid":{"rendered":"http:\/\/dsrmedios.com.ar\/diario\/?p=40194"},"modified":"2023-10-09T10:21:51","modified_gmt":"2023-10-09T13:21:51","slug":"guerra-entre-israel-y-hamas-reforzaron-las-medidas-de-seguridad-en-las-embajadas-argentinas","status":"publish","type":"post","link":"http:\/\/dsrmedios.com.ar\/diario\/archivos\/40194","title":{"rendered":"Guerra entre Israel y Hamas: reforzaron las medidas de seguridad en las embajadas argentinas"},"content":{"rendered":"\n<p>El presidente Alberto Fern\u00e1ndez orden\u00f3 reforzar la seguridad en todos los \u00e1mbitos de la comunidad jud\u00eda en el pa\u00eds y dispuso el alerta en la frontera, por parte de efectivos de Gendarmer\u00eda y los organismos dependientes de Migraciones, Agencia Federal de Inteligencia y Polic\u00eda de Seguridad Aeroportuaria.<\/p>\n\n\n\n<p>La medida fue informada por la vocera presidencial Gabriela Cerruti en su cuenta de la red social X, donde anunci\u00f3 tambi\u00e9n que el jefe de Estado &#8220;puso a disposici\u00f3n del gobierno de Israel la inmediata ayuda humanitaria&#8221;<\/p>\n\n\n\n<p>El Presidente, por su parte, manifest\u00f3 en su cuenta de la misma red social: &#8220;Expreso mi en\u00e9rgica condena y repudio al brutal ataque terrorista perpetrado por Hamas desde la Franja de Gaza contra el Estado de Israel&#8221; y dijo que se comunic\u00f3 telef\u00f3nicamente con el presidente de Israel, Isaac Herzog y le transmiti\u00f3 &#8220;la solidaridad del pueblo y del Gobierno de Argentina&#8221;.<\/p>\n\n\n\n<p>&#8220;Reciba el pueblo de Israel toda la solidaridad de este presidente y del pueblo argentino&#8221;, a\u00f1adi\u00f3 el mandatario y ratific\u00f3 &#8220;una vez m\u00e1s, el compromiso de la Argentina con la paz y la soluci\u00f3n pac\u00edfica de los conflictos&#8221;, al tiempo que anunci\u00f3 que dispuso &#8220;el inmediato env\u00edo de ayuda humanitaria a Israel para acompa\u00f1arlos en este dif\u00edcil momento&#8221;.<\/p>\n\n\n\n<p>Fuente: Minutouno<\/p>\n","protected":false},"excerpt":{"rendered":"<div class=\"mh-excerpt\"><p>El presidente Alberto Fern\u00e1ndez orden\u00f3 reforzar la seguridad en todos los \u00e1mbitos de la comunidad jud\u00eda en el pa\u00eds y dispuso el alerta en la frontera, por parte de efectivos de Gendarmer\u00eda y los organismos dependientes de Migraciones, Agencia Federal de Inteligencia y Polic\u00eda de Seguridad Aeroportuaria. La medida fue informada por la vocera presidencial Gabriela Cerruti en su cuenta de la red social X, donde anunci\u00f3 tambi\u00e9n que el jefe de Estado &#8220;puso a disposici\u00f3n del gobierno de Israel la inmediata ayuda humanitaria&#8221; El Presidente, por su parte, manifest\u00f3 en su cuenta de la misma red social: &#8220;Expreso mi <a class=\"mh-excerpt-more\" href=\"http:\/\/dsrmedios.com.ar\/diario\/archivos\/40194\" title=\"Guerra entre Israel y Hamas: reforzaron las medidas de seguridad en las embajadas argentinas\">[Leer m\u00e1s]<\/a><\/p>\n<\/div>","protected":false},"author":8,"featured_media":40195,"comment_status":"open","ping_status":"closed","sticky":false,"template":"","format":"standard","meta":{"_jetpack_newsletter_access":""},"categories":[6],"tags":[],"jetpack_featured_media_url":"http:\/\/dsrmedios.com.ar\/diario\/wp-content\/uploads\/2023\/10\/guerr-768x422-1.png","jetpack_sharing_enabled":true,"jetpack_shortlink":"https:\/\/wp.me\/p9fihK-asi","_links":{"self":[{"href":"http:\/\/dsrmedios.com.ar\/diario\/wp-json\/wp\/v2\/posts\/40194"}],"collection":[{"href":"http:\/\/dsrmedios.com.ar\/diario\/wp-json\/wp\/v2\/posts"}],"about":[{"href":"http:\/\/dsrmedios.com.ar\/diario\/wp-json\/wp\/v2\/types\/post"}],"author":[{"embeddable":true,"href":"http:\/\/dsrmedios.com.ar\/diario\/wp-json\/wp\/v2\/users\/8"}],"replies":[{"embeddable":true,"href":"http:\/\/dsrmedios.com.ar\/diario\/wp-json\/wp\/v2\/comments?post=40194"}],"version-history":[{"count":1,"href":"http:\/\/dsrmedios.com.ar\/diario\/wp-json\/wp\/v2\/posts\/40194\/revisions"}],"predecessor-version":[{"id":40196,"href":"http:\/\/dsrmedios.com.ar\/diario\/wp-json\/wp\/v2\/posts\/40194\/revisions\/40196"}],"wp:featuredmedia":[{"embeddable":true,"href":"http:\/\/dsrmedios.com.ar\/diario\/wp-json\/wp\/v2\/media\/40195"}],"wp:attachment":[{"href":"http:\/\/dsrmedios.com.ar\/diario\/wp-json\/wp\/v2\/media?parent=40194"}],"wp:term":[{"taxonomy":"category","embeddable":true,"href":"http:\/\/dsrmedios.com.ar\/diario\/wp-json\/wp\/v2\/categories?post=40194"},{"taxonomy":"post_tag","embeddable":true,"href":"http:\/\/dsrmedios.com.ar\/diario\/wp-json\/wp\/v2\/tags?post=40194"}],"curies":[{"name":"wp","href":"https:\/\/api.w.org\/{rel}","templated":true}]}}