{"id":40177,"date":"2023-10-08T12:29:10","date_gmt":"2023-10-08T15:29:10","guid":{"rendered":"http:\/\/dsrmedios.com.ar\/diario\/?p=40177"},"modified":"2023-10-08T12:29:13","modified_gmt":"2023-10-08T15:29:13","slug":"con-el-contado-con-liqui-a-900-el-dolar-financiero-actual-esta-entre-los-mas-caros-de-los-ultimos-40-anos","status":"publish","type":"post","link":"http:\/\/dsrmedios.com.ar\/diario\/archivos\/40177","title":{"rendered":"Con el \u201ccontado con liqui\u201d a $900, el d\u00f3lar financiero actual est\u00e1 entre los m\u00e1s caros de los \u00faltimos 40 a\u00f1os"},"content":{"rendered":"\n<p>El&nbsp;<a href=\"https:\/\/tn.com.ar\/economia\/2023\/10\/06\/dolar-hoy-a-cuanto-cotizaron-el-oficial-y-las-otras-opciones-cambiarias-este-viernes-6-de-octubre\/\" target=\"_blank\" rel=\"noreferrer noopener\"><strong>contado con liquidaci\u00f3n<\/strong><\/a>(CCL) lleg\u00f3 esta semana&nbsp;<a href=\"https:\/\/tn.com.ar\/economia\/2023\/10\/04\/el-dolar-financiero-salta-7-se-vende-a-900-y-le-marca-el-ritmo-al-blue\/\" target=\"_blank\" rel=\"noreferrer noopener\">por primera vez a los $900<\/a>. De esta manera, el tipo de cambio legal, pero libre -calculado mediante la compra de acciones o bonos en pesos y su posterior venta en d\u00f3lares- marc\u00f3 un&nbsp;<strong>r\u00e9cord nominal.<\/strong><\/p>\n\n\n\n<p>Sin embargo, ese valor tambi\u00e9n se inscribe\u00a0<strong>entre los picos hist\u00f3ricos\u00a0<\/strong>del valor del d\u00f3lar al descontar el efecto de la\u00a0<a rel=\"noreferrer noopener\" href=\"https:\/\/tn.com.ar\/economia\/2023\/10\/06\/la-inflacion-en-caba-fue-de-12-en-septiembre-y-marco-el-registro-mas-alto-en-11-anos\/\" target=\"_blank\"><strong>inflaci\u00f3n<\/strong><\/a>\u00a0acumulada a lo largo de los a\u00f1os. \u201cPor el momento,\u00a0<strong>octubre de 2020 contin\u00faa exhibiendo el d\u00f3lar m\u00e1s alto en t\u00e9rminos reales<\/strong>, equivalente a\u00a0<strong>$1035 a precios de hoy<\/strong>. El pico de finales de agosto de este a\u00f1o tambi\u00e9n representa un valor superior al actual, a una cotizaci\u00f3n de $957\u2033, se\u00f1al\u00f3 un informe de\u00a0<em>GMA Capital.<\/em><\/p>\n\n\n\n<p>\u201cEl CCL alcanz\u00f3 un nuevo m\u00e1ximo nominal y, ajustado por inflaci\u00f3n, se ubic\u00f3 apenas por debajo de la corrida de octubre de 2020\u2033, coincidieron desde&nbsp;<em>Consultatio<\/em>. Y explicaron: \u201cLa&nbsp;<strong>dolarizaci\u00f3n de portafolios&nbsp;<\/strong>en gran parte se explica por la&nbsp;<strong>incertidumbre<\/strong>&nbsp;t\u00edpica del a\u00f1o electoral, pero se ve exacerbada por la aceleraci\u00f3n inflacionaria y la creciente&nbsp;<strong>posibilidad de una&nbsp;<\/strong><a href=\"https:\/\/tn.com.ar\/economia\/2023\/09\/30\/un-banco-internacional-alerto-sobre-los-peligros-de-la-dolarizacion-no-estan-dadas-las-condiciones-previas\/\" target=\"_blank\" rel=\"noreferrer noopener\"><strong>dolarizaci\u00f3n<\/strong><\/a><strong>&nbsp;formal&nbsp;<\/strong>de la econom\u00eda en el corto plazo\u201d.<\/p>\n\n\n\n<figure class=\"wp-block-image\"><img decoding=\"async\" src=\"https:\/\/tn.com.ar\/resizer\/gu-MPpAf0shE7rnbr5oBdr-ga4Y=\/767x0\/smart\/filters:format(webp)\/cloudfront-us-east-1.images.arcpublishing.com\/artear\/YSHELIRF3BENXAJKNO7CBUAH4U.jpg\" alt=\"El contado con liqui a $900 est\u00e1 m\u00e1s caro que en la crisis de mediados del a\u00f1o pasado, cuando renunci\u00f3 Mart\u00edn Guzm\u00e1n al ministerio de Econom\u00eda. (Foto: Ministerio de Economia)\"\/><figcaption class=\"wp-element-caption\">El contado con liqui a $900 est\u00e1 m\u00e1s caro que en la crisis de mediados del a\u00f1o pasado, cuando renunci\u00f3 Mart\u00edn Guzm\u00e1n al ministerio de Econom\u00eda. (Foto: Ministerio de Economia)<\/figcaption><\/figure>\n\n\n\n<p>Dejando de lado la crisis de octubre de 2020 y el m\u00e1ximo registrado a fines de agosto,<em>&nbsp;GMA Capital&nbsp;<\/em>indic\u00f3 que el d\u00f3lar contado con liquidaci\u00f3n a $900 es&nbsp;<strong>m\u00e1s alto que el visto en otros momentos de tensi\u00f3n<\/strong>&nbsp;en el gobierno de&nbsp;<strong>Alberto Fern\u00e1ndez<\/strong>.<\/p>\n\n\n\n<p>\u201cEs mayor que el alcanzado en enero de 2022, cuando peligraba el acuerdo con el FMI y un sector mismo del oficialismo&nbsp;<a href=\"https:\/\/tn.com.ar\/politica\/2022\/03\/11\/maximo-kirchner-voto-en-contra-del-acuerdo-con-el-fmi-y-profundizo-la-division-en-el-frente-de-todos\/\" target=\"_blank\" rel=\"noreferrer noopener\">vot\u00f3 en contra de dicho proyecto<\/a>, en medio de un p\u00e1nico con la brecha cambiaria de 133%. El d\u00f3lar a $900 tambi\u00e9n&nbsp;<strong>supera al vigente en el peor momento de la crisis de junio y julio de 2022<\/strong>: la brecha hab\u00eda alcanzado 159% (r\u00e9cord de la gesti\u00f3n actual), y el tipo de cambio hab\u00eda alcanzado $886 a precios de hoy\u201d, detall\u00f3 el reporte.<\/p>\n\n\n\n<h2>D\u00f3lar a $900: entre los m\u00e1s caros de la historia reciente<\/h2>\n\n\n\n<p>Las crisis cambiarias fueron una constante en el gobierno de<strong>\u00a0Alberto Fern\u00e1ndez.\u00a0<\/strong>Aunque tambi\u00e9n existieron en las gestiones precedentes, la caracter\u00edstica saliente de los \u00faltimos a\u00f1os fue una\u00a0<strong>brecha muy amplia<\/strong>\u00a0entre el d\u00f3lar oficial y el financiero.<\/p>\n\n\n\n<p>En esa l\u00ednea,&nbsp;<em>GMA Capital<\/em>&nbsp;compar\u00f3 el tipo de cambio contado con liquidaci\u00f3n promedio desde 1973 hasta la fecha y concluy\u00f3: \u201cCon una&nbsp;<strong>brecha promedio de 83%<\/strong>&nbsp;(altamente superior a la media de 40% del cepo 2011-2015), los&nbsp;<strong>d\u00f3lares financieros en t\u00e9rminos reales navegaron en torno a los $765&nbsp;<\/strong>entre diciembre de 2019 y octubre de 2023. Este valor representa el nivel de&nbsp;<strong>d\u00f3lar<\/strong>&nbsp;<strong>m\u00e1s caro por presidencia<\/strong>&nbsp;en los \u00faltimos 40 a\u00f1os\u201d.<\/p>\n\n\n\n<figure class=\"wp-block-image\"><img decoding=\"async\" src=\"https:\/\/tn.com.ar\/resizer\/yE9uMWC-LzJxQUuhbeE-jqmJa_g=\/767x0\/smart\/filters:format(webp)\/cloudfront-us-east-1.images.arcpublishing.com\/artear\/7NV3LVZIQVFW3DYYRTBYWVQMSM.png\" alt=\"A precios de hoy, el d\u00f3lar contado con liquidaci\u00f3n de la gesti\u00f3n de Alberto Fern\u00e1ndez es el m\u00e1s alto de los \u00faltimos a\u00f1os. (Foto: GMA Capital).\"\/><figcaption class=\"wp-element-caption\">A precios de hoy, el d\u00f3lar contado con liquidaci\u00f3n de la gesti\u00f3n de Alberto Fern\u00e1ndez es el m\u00e1s alto de los \u00faltimos a\u00f1os. (Foto: GMA Capital).<\/figcaption><\/figure>\n\n\n\n<p>Desde&nbsp;<em>Consultatio<\/em>, en tanto, compararon los $900 actuales con los tipos de cambio que se vieron en otras crisis de las \u00faltimas d\u00e9cadas. A la luz de los resultados, los analistas de la compa\u00f1\u00eda advirtieron que el d\u00f3lar financiero&nbsp;<strong>todav\u00eda tiene margen para subir<\/strong>.<\/p>\n\n\n\n<p>\u201cLos precios actuales del CCL superan con creces a los promedios anuales de los \u00faltimos treinta a\u00f1os, pero tienen margen para aumentar. En\u00a0<strong>1989<\/strong>, a\u00f1o de la \u00faltima hiperinflaci\u00f3n, el tipo de cambio promedi\u00f3 los<strong>\u00a0$1350<\/strong>\u00a0a precios de hoy, aunque lleg\u00f3 a tocar picos de hasta $2000. Y retrocediendo en el tiempo, durante el\u00a0<strong>\u2018Rodrigazo\u2019<\/strong>\u00a0el tipo de cambio paralelo promedi\u00f3 los\u00a0<strong>$2350<\/strong>\u2033, puntualizaron.<\/p>\n\n\n\n<p>Fuente: tn<\/p>\n","protected":false},"excerpt":{"rendered":"<div class=\"mh-excerpt\"><p>El&nbsp;contado con liquidaci\u00f3n(CCL) lleg\u00f3 esta semana&nbsp;por primera vez a los $900. De esta manera, el tipo de cambio legal, pero libre -calculado mediante la compra de acciones o bonos en pesos y su posterior venta en d\u00f3lares- marc\u00f3 un&nbsp;r\u00e9cord nominal. Sin embargo, ese valor tambi\u00e9n se inscribe\u00a0entre los picos hist\u00f3ricos\u00a0del valor del d\u00f3lar al descontar el efecto de la\u00a0inflaci\u00f3n\u00a0acumulada a lo largo de los a\u00f1os. \u201cPor el momento,\u00a0octubre de 2020 contin\u00faa exhibiendo el d\u00f3lar m\u00e1s alto en t\u00e9rminos reales, equivalente a\u00a0$1035 a precios de hoy. El pico de finales de agosto de este a\u00f1o tambi\u00e9n representa un valor superior al <a class=\"mh-excerpt-more\" href=\"http:\/\/dsrmedios.com.ar\/diario\/archivos\/40177\" title=\"Con el \u201ccontado con liqui\u201d a $900, el d\u00f3lar financiero actual est\u00e1 entre los m\u00e1s caros de los \u00faltimos 40 a\u00f1os\">[Leer m\u00e1s]<\/a><\/p>\n<\/div>","protected":false},"author":8,"featured_media":11762,"comment_status":"open","ping_status":"closed","sticky":false,"template":"","format":"standard","meta":{"_jetpack_newsletter_access":""},"categories":[6],"tags":[],"jetpack_featured_media_url":"http:\/\/dsrmedios.com.ar\/diario\/wp-content\/uploads\/2019\/03\/dolar.jpg","jetpack_sharing_enabled":true,"jetpack_shortlink":"https:\/\/wp.me\/p9fihK-as1","_links":{"self":[{"href":"http:\/\/dsrmedios.com.ar\/diario\/wp-json\/wp\/v2\/posts\/40177"}],"collection":[{"href":"http:\/\/dsrmedios.com.ar\/diario\/wp-json\/wp\/v2\/posts"}],"about":[{"href":"http:\/\/dsrmedios.com.ar\/diario\/wp-json\/wp\/v2\/types\/post"}],"author":[{"embeddable":true,"href":"http:\/\/dsrmedios.com.ar\/diario\/wp-json\/wp\/v2\/users\/8"}],"replies":[{"embeddable":true,"href":"http:\/\/dsrmedios.com.ar\/diario\/wp-json\/wp\/v2\/comments?post=40177"}],"version-history":[{"count":1,"href":"http:\/\/dsrmedios.com.ar\/diario\/wp-json\/wp\/v2\/posts\/40177\/revisions"}],"predecessor-version":[{"id":40178,"href":"http:\/\/dsrmedios.com.ar\/diario\/wp-json\/wp\/v2\/posts\/40177\/revisions\/40178"}],"wp:featuredmedia":[{"embeddable":true,"href":"http:\/\/dsrmedios.com.ar\/diario\/wp-json\/wp\/v2\/media\/11762"}],"wp:attachment":[{"href":"http:\/\/dsrmedios.com.ar\/diario\/wp-json\/wp\/v2\/media?parent=40177"}],"wp:term":[{"taxonomy":"category","embeddable":true,"href":"http:\/\/dsrmedios.com.ar\/diario\/wp-json\/wp\/v2\/categories?post=40177"},{"taxonomy":"post_tag","embeddable":true,"href":"http:\/\/dsrmedios.com.ar\/diario\/wp-json\/wp\/v2\/tags?post=40177"}],"curies":[{"name":"wp","href":"https:\/\/api.w.org\/{rel}","templated":true}]}}