{"id":40168,"date":"2023-10-08T12:13:18","date_gmt":"2023-10-08T15:13:18","guid":{"rendered":"http:\/\/dsrmedios.com.ar\/diario\/?p=40168"},"modified":"2023-10-08T12:13:21","modified_gmt":"2023-10-08T15:13:21","slug":"javier-milei-prepara-una-ofensiva-contra-el-kirchnerismo-en-la-provincia-para-quedarse-con-los-votantes-desencantados","status":"publish","type":"post","link":"http:\/\/dsrmedios.com.ar\/diario\/archivos\/40168","title":{"rendered":"Javier Milei prepara una ofensiva contra el kirchnerismo en la Provincia para quedarse con los votantes desencantados"},"content":{"rendered":"\n<p>Mientras&nbsp;<strong>Javier Milei&nbsp;<\/strong>multiplica sus apariciones en los principales medios de comunicaci\u00f3n y dise\u00f1a su estrategia discursiva para el segundo segmento del debate presidencial, que se emitir\u00e1 en vivo esta noche, los alfiles de&nbsp;<strong>La Libertad Avanza&nbsp;<\/strong>(LLA) en la Provincia de Buenos Aires&nbsp;<strong>preparan una<\/strong>&nbsp;<strong>ofensiva&nbsp;<\/strong>en la Justicia contra el gobierno de&nbsp;<strong>Axel Kicillof,&nbsp;<\/strong>que se encuentra en el centro de los cuestionamientos por el&nbsp;<strong>caso Insaurralde.&nbsp;<\/strong>Adem\u00e1s, buscar\u00e1n que se auditen los gastos en la Legislatura bonaerense mientras se ramifica el caso del puntero&nbsp;<strong>Julio \u201cChocolate\u201d Rigau,&nbsp;<\/strong>que afecta principalmente al peronismo pero tambi\u00e9n tiene consecuencias para&nbsp;<strong>Juntos por el Cambio.<\/strong><\/p>\n\n\n\n<p>A dos semanas de las elecciones generales, los libertarios quieren capitalizar el caso del puntero peronista&nbsp;<strong>que fue hallado retirando millones de pesos de un cajero con las tarjetas de empleados legislativos,&nbsp;<\/strong>y, de manera lateral, embestir contra las contrataciones estatales de Kicillof en plena ebullici\u00f3n de la causa que envuelve al -ahora ex- jefe de Gabinete bonaerense,&nbsp;<strong>Mart\u00edn Insaurralde por supuesto enriquecimiento il\u00edcito.<\/strong><\/p>\n\n\n\n<p>Desde la Justicia local y la C\u00e1mara de Diputados bonaerense el l\u00edder de derecha&nbsp;<strong>buscar\u00e1 atacar al kirchnerismo en sus dos puntos d\u00e9biles&nbsp;<\/strong>para cosechar la mayor cantidad de adhesiones en el distrito m\u00e1s poblado, donde los libertarios quedaron relegados al tercer lugar en la PASO y creen que pueden crecer al punto de imponerse en la primera vuelta, una ambici\u00f3n muy dif\u00edcil de alcanzar seg\u00fan las encuestas.<\/p>\n\n\n\n<p>Milei admiti\u00f3 ayer por la tarde, en una entrevista con radio&nbsp;<em>Mitre<\/em>, que las investigaciones de opini\u00f3n p\u00fablica en las que conf\u00eda no le demuestran \u201ctodav\u00eda\u201d la posibilidad de evitar un&nbsp;<em>balotaje.&nbsp;<\/em>Pero asegur\u00f3 que est\u00e1 a s\u00f3lo \u201ctres puntos\u201d, un escenario que tanto desde el oficialismo como desde JxC desechan. En las oficinas del espacio de derecha en la Ciudad y el conurbano est\u00e1n convencidos de que la&nbsp;<strong>pelea dentro de dos semanas ser\u00e1 voto a voto&nbsp;<\/strong>y quieren tomar la delantera sobre la fuerza que comanda Patricia Bullrich a nivel nacional y N\u00e9stor Grindetti en PBA, cuyos legisladores se adelantaron en la cruzada para quedarse con los votos que puedan perder Axel Kicillof y Sergio Massa al avanzar con una serie de denuncias judiciales y proyectos de ley.<\/p>\n\n\n\n<p><img decoding=\"async\" loading=\"lazy\" alt=\"Los casos de Mart\u00edn Insaurralde y &quot;Chocolate&quot; Rigau complican al oficialismo en la provincia de Buenos Aires\" height=\"1080\" width=\"1920\" src=\"https:\/\/www.infobae.com\/new-resizer\/NiE5kKbwawIIcvxH-KItptwysGA=\/arc-anglerfish-arc2-prod-infobae\/public\/KK74ON4M3RC4VAOHX5CAJ6OX7M.jpg\" srcset=\"https:\/\/www.infobae.com\/new-resizer\/3KlykIxsksajKj5YWsWNx6Xnmrg=\/420x236\/filters:format(webp):quality(85)\/cloudfront-us-east-1.images.arcpublishing.com\/infobae\/KK74ON4M3RC4VAOHX5CAJ6OX7M.jpg 420w,https:\/\/www.infobae.com\/new-resizer\/ccEkUt0_OeBL309U_qYuVeJtT-o=\/768x432\/filters:format(webp):quality(85)\/cloudfront-us-east-1.images.arcpublishing.com\/infobae\/KK74ON4M3RC4VAOHX5CAJ6OX7M.jpg 768w,https:\/\/www.infobae.com\/new-resizer\/23sy0zyt8qLwvCNZDW8FtFzAqRA=\/992x558\/filters:format(webp):quality(85)\/cloudfront-us-east-1.images.arcpublishing.com\/infobae\/KK74ON4M3RC4VAOHX5CAJ6OX7M.jpg 992w,https:\/\/www.infobae.com\/new-resizer\/9djfuyYo0KMwIP775DoMvPCyUaE=\/1200x675\/filters:format(webp):quality(85)\/cloudfront-us-east-1.images.arcpublishing.com\/infobae\/KK74ON4M3RC4VAOHX5CAJ6OX7M.jpg 1200w,https:\/\/www.infobae.com\/new-resizer\/LJnGKRfChK5rnwozlaBXODOkajc=\/1440x810\/filters:format(webp):quality(85)\/cloudfront-us-east-1.images.arcpublishing.com\/infobae\/KK74ON4M3RC4VAOHX5CAJ6OX7M.jpg 1440w\">Los casos de Mart\u00edn Insaurralde y &#8220;Chocolate&#8221; Rigau complican al oficialismo en la provincia de Buenos Aires<\/p>\n\n\n\n<p>Los libertarios intentan a toda costa relegar a JxC y se presentan como la \u201c\u00fanica opci\u00f3n\u201d frente al oficialismo, que en la Provincia est\u00e1 complicado por el ostentoso viaje del ex intendente de Lomas de Zamora a Marbella y, en la Naci\u00f3n, por la grave situaci\u00f3n econ\u00f3mica, con una acelerada suba del d\u00f3lar, que esta semana alcanz\u00f3 los 885 pesos, y que seg\u00fan dijo Milei en un almuerzo paralelo al foro de empresarios IDEA, podr\u00eda derivar en una\u00a0<strong>hiperinflaci\u00f3<\/strong>n<\/p>\n\n\n\n<p><strong>Hasta ahora,&nbsp;<\/strong>en el campamento de la extrema derecha se enfocaron principalmente en dos ejes para sumar votos en el distrito. Por un lado,&nbsp;<strong>mejorar la fiscalizaci\u00f3n&nbsp;<\/strong>de boletas, que, dicen, tuvo fallas en la PASO que les hicieron perder hasta cinco puntos. Por otro, abarcar la mayor cantidad de distritos, con visitas de los principales referentes: el propio Milei, su compa\u00f1era de f\u00f3rmula,&nbsp;<strong>Victoria Villarruel,&nbsp;<\/strong>la candidata a gobernadora, P\u00edparo, y varios de los candidatos que aspiran a llegar al&nbsp;<strong>Congreso Nacional.<\/strong><\/p>\n\n\n\n<p>Pero esta semana, P\u00edparo y los diputados provinciales que trabajan con ella dise\u00f1aron un plan para arremeter con acciones concretas contra Kicillof y La C\u00e1mpora, despu\u00e9s de las cr\u00edticas por su tibia reacci\u00f3n tanto al caso Chocolate como al&nbsp;<em>affaire&nbsp;<\/em>Insaurralde. El lunes, la candidata bonaerense presentar\u00e1 una&nbsp;<strong>medida cautelar&nbsp;<\/strong>ante la Justicia bonaerense para frenar las contrataciones en el gobierno de la PBA hasta fin de a\u00f1o, en el mismo sentido en que lo hizo Milei ante la Justicia Federal, a trav\u00e9s de su abogado Diego Spagnuolo, cuando exigi\u00f3 que se ordene al Gobierno \u201cla<strong>&nbsp;inmediata suspensi\u00f3n de todos aquellos actos que comprometan los recursos del Estado Nacional&nbsp;<\/strong>m\u00e1s all\u00e1 del t\u00e9rmino del mandato del actual Presidente\u201d.<\/p>\n\n\n\n<p>\u201cHay que frenar los nombramientos,&nbsp;<strong>est\u00e1n poniendo escritorios hasta en unos pasillos.<\/strong>&nbsp;Es una verg\u00fcenza\u201d, explicaron la decisi\u00f3n en el entorno de la diputada nacional, y se\u00f1alaron que Kicillof est\u00e1 al tanto de la proliferaci\u00f3n de contrataciones. \u201cSabe de eso como sab\u00eda lo de Insaurralde, a pesar de que haga como que si no estuviera enterado. El jefe de Gabinete trabaja codo a codo con el gobernador. Y en todo caso, si se lo impusieron (desde el kirchnerismo duro),&nbsp;<strong>significa que le dio un cargo a alguien que no tiene que ver con \u00e9l. \u00bfPor qu\u00e9 no sale a desligarse, entonces?<\/strong>\u201d, dispararon.<\/p>\n\n\n\n<p><img decoding=\"async\" loading=\"lazy\" alt=\"Milei se mostr\u00f3 anoche por primera vez junto a su novia, F\u00e1tima Florez, en el primer programa del nuevo ciclo de Mirtha Legrand (RS Fotos)\" height=\"1080\" width=\"1920\" src=\"https:\/\/www.infobae.com\/new-resizer\/o11BoAFdvZDysc4L5ZWQJfGTFtw=\/arc-anglerfish-arc2-prod-infobae\/public\/Z3IWONA2W5DHLHLEA434V4H7AY.jpg\" srcset=\"https:\/\/www.infobae.com\/new-resizer\/h1f7Loz9UVeggIrSlxVBqaya6sQ=\/420x236\/filters:format(webp):quality(85)\/cloudfront-us-east-1.images.arcpublishing.com\/infobae\/Z3IWONA2W5DHLHLEA434V4H7AY.jpg 420w,https:\/\/www.infobae.com\/new-resizer\/KUFGJoh1jJokYrli97wZvrqe6pI=\/768x432\/filters:format(webp):quality(85)\/cloudfront-us-east-1.images.arcpublishing.com\/infobae\/Z3IWONA2W5DHLHLEA434V4H7AY.jpg 768w,https:\/\/www.infobae.com\/new-resizer\/Zo50qyeM3RatNGAeXGW3vqEdgJc=\/992x558\/filters:format(webp):quality(85)\/cloudfront-us-east-1.images.arcpublishing.com\/infobae\/Z3IWONA2W5DHLHLEA434V4H7AY.jpg 992w,https:\/\/www.infobae.com\/new-resizer\/FyOKKY82oZZoAriZB0MlTPZjcZo=\/1200x675\/filters:format(webp):quality(85)\/cloudfront-us-east-1.images.arcpublishing.com\/infobae\/Z3IWONA2W5DHLHLEA434V4H7AY.jpg 1200w,https:\/\/www.infobae.com\/new-resizer\/yaV5Ekd6v5owhc-qjJs7AK-Q_zQ=\/1440x810\/filters:format(webp):quality(85)\/cloudfront-us-east-1.images.arcpublishing.com\/infobae\/Z3IWONA2W5DHLHLEA434V4H7AY.jpg 1440w\">Milei se mostr\u00f3 anoche por primera vez junto a su novia, F\u00e1tima Florez, en el primer programa del nuevo ciclo de Mirtha Legrand (RS Fotos)<\/p>\n\n\n\n<p>En un sentido similar, y para accionar en referencia al caso Chocolate, el bloque libertario en la Legislatura present\u00f3 el viernes\u00a0<strong>un proyecto de ley\u00a0<\/strong>para regular las contrataciones en el cuerpo a trav\u00e9s de la eventual creaci\u00f3n de una\u00a0<strong>Comisi\u00f3n Especial Bicameral,\u00a0<\/strong>que llamaron \u201cde\u00a0<strong>Revisi\u00f3n y Reforma del r\u00e9gimen normativo del Personal\u201d,\u00a0<\/strong>y complementar\u00eda a la anual de presupuesto y a la de Estatuto y Escalaf\u00f3n. Seg\u00fan propone, estar\u00eda compuesta por\u00a0<strong>14 miembros\u00a0<\/strong>-siete diputados y siete senadores-, designados por las autoridades de sus respectivos cuerpos, con fuerte \u00e9nfasis en la inclusi\u00f3n de representantes de las minor\u00edas (la bancada de LLA s\u00f3lo tiene dos diputados provinciales).<\/p>\n\n\n\n<p>Estas iniciativas, de alguna manera, buscan competir con la propuesta que ya present\u00f3 Juntos por el Cambio en la misma&nbsp;<strong>para unificar ambas C\u00e1maras y disminuir el gasto estatal en el \u00e1mbito legislativo.&nbsp;<\/strong>Y con las denuncias que hicieron en la Justicia varios referentes de Juntos por el Cambio contra el intendente en uso de licencia de Lomas de Zamora luego de que la modelo Sof\u00eda Clerici publicara fotos con \u00e9l en un yate en el Mar Mediterr\u00e1neo.<\/p>\n\n\n\n<p><img decoding=\"async\" loading=\"lazy\" alt=\"Milei enfrentar\u00e1 hoy la segunda parte del debate presidencial\" height=\"3787\" width=\"5681\" src=\"https:\/\/www.infobae.com\/new-resizer\/ABFm5UqIpnWCaG2hhDsKbeYz5HA=\/arc-anglerfish-arc2-prod-infobae\/public\/QZF3TQQVCP2H25KOLKFB6TN6XI.jpg\" srcset=\"https:\/\/www.infobae.com\/new-resizer\/w2q_-pi75aXs5zOf5LmJCr47jsk=\/420x280\/filters:format(webp):quality(85)\/cloudfront-us-east-1.images.arcpublishing.com\/infobae\/QZF3TQQVCP2H25KOLKFB6TN6XI.jpg 420w,https:\/\/www.infobae.com\/new-resizer\/VttQXYDmk1woY_NIpF8KC5Sa5OQ=\/768x512\/filters:format(webp):quality(85)\/cloudfront-us-east-1.images.arcpublishing.com\/infobae\/QZF3TQQVCP2H25KOLKFB6TN6XI.jpg 768w,https:\/\/www.infobae.com\/new-resizer\/1sHGh9XpZIQtYcfl8YDBlrcxdkc=\/992x661\/filters:format(webp):quality(85)\/cloudfront-us-east-1.images.arcpublishing.com\/infobae\/QZF3TQQVCP2H25KOLKFB6TN6XI.jpg 992w,https:\/\/www.infobae.com\/new-resizer\/2St_fK_CxP0tru1PzbvIAvo4NdA=\/1200x800\/filters:format(webp):quality(85)\/cloudfront-us-east-1.images.arcpublishing.com\/infobae\/QZF3TQQVCP2H25KOLKFB6TN6XI.jpg 1200w,https:\/\/www.infobae.com\/new-resizer\/U5FtRstb5OPKAUwfEMR5KDz2VOI=\/1440x960\/filters:format(webp):quality(85)\/cloudfront-us-east-1.images.arcpublishing.com\/infobae\/QZF3TQQVCP2H25KOLKFB6TN6XI.jpg 1440w\">Milei enfrentar\u00e1 hoy la segunda parte del debate presidencial<\/p>\n\n\n\n<p>Los libertarios adelantaron a&nbsp;<strong>Infobae&nbsp;<\/strong>que m\u00e1s all\u00e1 de las diferencias partidarias apoyar\u00e1n la primera medida, de tipo legislativo, cuando se trate en el recinto, aunque consideraron que Juntos por el Cambio est\u00e1 siendo \u201chip\u00f3crita\u201d al promoverla ahora. \u201cCarolina hablaba de esto desde antes de la PASO. Juntos necesit\u00f3 que apareciera un Chocolate para plantearlo, porque ellos tambi\u00e9n se beneficiaban del presupuesto legislativo. De todas formas, vamos a apoyar la reducci\u00f3n y el control del gasto p\u00fablico como siempre lo hicimos\u201d, dijeron.<\/p>\n\n\n\n<p>Desde hoy restan exactamente\u00a0<strong>14 d\u00edas para las elecciones generales.\u00a0<\/strong>En ese tiempo, Milei s\u00f3lo visitar\u00e1 un basti\u00f3n del interior, Salta, para reconocer a sus referentes locales por el triunfo arrasador que obtuvo en la PASO. Sin embargo, la mayor parte de sus esfuerzos estar\u00e1n dedicados a recorrer los distritos del conurbano y el interior de la Provincia, y, por \u00faltimo, cerrar la campa\u00f1a en la Ciudad de Buenos Aires. Est\u00e1 convencido de que una avanzada sostenida sobre el distrito que concentra al 40 por ciento de la poblaci\u00f3n del pa\u00eds ser\u00e1 la llave para evitar el\u00a0<em>balotaje,\u00a0<\/em>donde podr\u00eda verse m\u00e1s complicado.<\/p>\n\n\n\n<p>Fuente: Infobae<\/p>\n","protected":false},"excerpt":{"rendered":"<div class=\"mh-excerpt\"><p>Mientras&nbsp;Javier Milei&nbsp;multiplica sus apariciones en los principales medios de comunicaci\u00f3n y dise\u00f1a su estrategia discursiva para el segundo segmento del debate presidencial, que se emitir\u00e1 en vivo esta noche, los alfiles de&nbsp;La Libertad Avanza&nbsp;(LLA) en la Provincia de Buenos Aires&nbsp;preparan una&nbsp;ofensiva&nbsp;en la Justicia contra el gobierno de&nbsp;Axel Kicillof,&nbsp;que se encuentra en el centro de los cuestionamientos por el&nbsp;caso Insaurralde.&nbsp;Adem\u00e1s, buscar\u00e1n que se auditen los gastos en la Legislatura bonaerense mientras se ramifica el caso del puntero&nbsp;Julio \u201cChocolate\u201d Rigau,&nbsp;que afecta principalmente al peronismo pero tambi\u00e9n tiene consecuencias para&nbsp;Juntos por el Cambio. A dos semanas de las elecciones generales, los libertarios quieren <a class=\"mh-excerpt-more\" href=\"http:\/\/dsrmedios.com.ar\/diario\/archivos\/40168\" title=\"Javier Milei prepara una ofensiva contra el kirchnerismo en la Provincia para quedarse con los votantes desencantados\">[Leer m\u00e1s]<\/a><\/p>\n<\/div>","protected":false},"author":8,"featured_media":32666,"comment_status":"open","ping_status":"closed","sticky":false,"template":"","format":"standard","meta":{"_jetpack_newsletter_access":""},"categories":[6],"tags":[],"jetpack_featured_media_url":"http:\/\/dsrmedios.com.ar\/diario\/wp-content\/uploads\/2023\/05\/javier-milei.webp","jetpack_sharing_enabled":true,"jetpack_shortlink":"https:\/\/wp.me\/p9fihK-arS","_links":{"self":[{"href":"http:\/\/dsrmedios.com.ar\/diario\/wp-json\/wp\/v2\/posts\/40168"}],"collection":[{"href":"http:\/\/dsrmedios.com.ar\/diario\/wp-json\/wp\/v2\/posts"}],"about":[{"href":"http:\/\/dsrmedios.com.ar\/diario\/wp-json\/wp\/v2\/types\/post"}],"author":[{"embeddable":true,"href":"http:\/\/dsrmedios.com.ar\/diario\/wp-json\/wp\/v2\/users\/8"}],"replies":[{"embeddable":true,"href":"http:\/\/dsrmedios.com.ar\/diario\/wp-json\/wp\/v2\/comments?post=40168"}],"version-history":[{"count":1,"href":"http:\/\/dsrmedios.com.ar\/diario\/wp-json\/wp\/v2\/posts\/40168\/revisions"}],"predecessor-version":[{"id":40169,"href":"http:\/\/dsrmedios.com.ar\/diario\/wp-json\/wp\/v2\/posts\/40168\/revisions\/40169"}],"wp:featuredmedia":[{"embeddable":true,"href":"http:\/\/dsrmedios.com.ar\/diario\/wp-json\/wp\/v2\/media\/32666"}],"wp:attachment":[{"href":"http:\/\/dsrmedios.com.ar\/diario\/wp-json\/wp\/v2\/media?parent=40168"}],"wp:term":[{"taxonomy":"category","embeddable":true,"href":"http:\/\/dsrmedios.com.ar\/diario\/wp-json\/wp\/v2\/categories?post=40168"},{"taxonomy":"post_tag","embeddable":true,"href":"http:\/\/dsrmedios.com.ar\/diario\/wp-json\/wp\/v2\/tags?post=40168"}],"curies":[{"name":"wp","href":"https:\/\/api.w.org\/{rel}","templated":true}]}}