{"id":40167,"date":"2023-10-08T12:14:19","date_gmt":"2023-10-08T15:14:19","guid":{"rendered":"http:\/\/dsrmedios.com.ar\/diario\/?p=40167"},"modified":"2023-10-08T12:14:21","modified_gmt":"2023-10-08T15:14:21","slug":"sergio-massa-recibio-un-fuerte-apoyo-de-maximo-kirchner-y-volvio-a-llamar-a-un-gobierno-de-unidad","status":"publish","type":"post","link":"http:\/\/dsrmedios.com.ar\/diario\/archivos\/40167","title":{"rendered":"Sergio Massa recibi\u00f3 un fuerte apoyo de M\u00e1ximo Kirchner y volvi\u00f3 a llamar a un gobierno de unidad"},"content":{"rendered":"\n<p>A&nbsp;<a rel=\"noreferrer noopener\" href=\"https:\/\/www.infobae.com\/tag\/elecciones-2023-argentina\/\" target=\"_blank\">15 d\u00edas de las elecciones presidenciales<\/a>, el candidato a presidente de Uni\u00f3n por la Patria (UP),&nbsp;<strong>Sergio Massa<\/strong>, cerr\u00f3 hoy un acto de campa\u00f1a en el barrio porte\u00f1o de Flores en el que insisti\u00f3 en conformar un \u201c<strong>gobierno de unidad nacional<\/strong>\u201d junto a dirigentes de la oposici\u00f3n a partir del 10 de diciembre. Lo acompa\u00f1\u00f3 sobre el escenario el l\u00edder de La C\u00e1mpora,&nbsp;<strong>M\u00e1ximo Kirchner<\/strong>, que tambi\u00e9n dijo lo suyo: prometi\u00f3 que lo apoyar\u00e1 \u201c<strong>con la misma convicci\u00f3n\u201d&nbsp;<\/strong>con la que se opuso desde su banca de diputado a la revisi\u00f3n del acuerdo alcanzado con el Fondo Monetario Internacional (FMI) y que&nbsp;<a rel=\"noreferrer noopener\" href=\"https:\/\/www.infobae.com\/politica\/2022\/01\/31\/disconforme-con-el-acuerdo-con-el-fmi-maximo-kirchner-renuncio-a-la-presidencia-del-bloque-de-diputados-del-frente-de-todos\/\" target=\"_blank\">rubric\u00f3 el ex ministro de Econom\u00eda,&nbsp;<strong>Mart\u00edn Guzm\u00e1n en 2022<\/strong><\/a>.<\/p>\n\n\n\n<figure class=\"wp-block-image\"><img decoding=\"async\" src=\"https:\/\/www.infobae.com\/new-resizer\/PC8oxR2iTaAm8U6sS6WDOY_aKoE=\/filters:format(webp):quality(85)\/cloudfront-us-east-1.images.arcpublishing.com\/infobae\/KCJB5MECHJHYLPQI6V26U37JRU.jpg\" alt=\"\"\/><\/figure>\n\n\n\n<p>Te puede interesar:<strong>Axel Kicillof encabezar\u00e1 una caravana por el conurbano bonaerense para recuperar presencia en el territorio<\/strong><\/p>\n\n\n\n<p>En el marco del \u201c<strong>D\u00eda de la Identidad Villera\u201d<\/strong>, el ministro de Econom\u00eda record\u00f3 junto al diputado nacional la visita que hizo en agosto de 2003 el entonces presidente N\u00e9stor Kirchner, poco despu\u00e9s de comenzar su mandato presidencial. En ese marco militante, Massa inst\u00f3 a votar por un \u201cproyecto nacional\u201d y a dejar atr\u00e1s la polarizaci\u00f3n pol\u00edtica que marc\u00f3 la escena pol\u00edtica en los \u00faltimos a\u00f1os.<\/p>\n\n\n\n<p>\u201cTenemos que prepararnos para<strong>&nbsp;abrir los brazos y abrazar a los radicales, socialistas<\/strong>,&nbsp;<strong>a los hombres del mundo del trabajo<\/strong>, a los empresarios que piensan en un proyecto nacional, en un gobierno de unidad nacional.Tenemos la tarea de hacer nacer una nueva etapa en Argentina\u201d, enfatiz\u00f3 Massa.<\/p>\n\n\n\n<p>\u201cArgentina tiene por delante enormes desaf\u00edos. Tenemos que mejorar la distribuci\u00f3n del ingreso, porque todav\u00eda estamos muy atrasados de c\u00f3mo hab\u00eda terminado el \u201850 y 50\u2032 de cuando Cristina entreg\u00f3 el gobierno. Tenemos que trabajar para que los salarios y las jubilaciones aumenten su poder de compra\u201d, sostuvo, y mencion\u00f3 las \u00faltimas medidas implementadas como la devoluci\u00f3n del IVA a los productos de la canasta b\u00e1sica.<\/p>\n\n\n\n<p>Sin mencionarlo, Sergio Massa apunt\u00f3 tambi\u00e9n contra las ideas del candidato presidencial de La Libertad Avanza,&nbsp;<strong>Javier Milei<\/strong>, quien en su plataforma electoral propone desregular la adquisici\u00f3n de&nbsp;<strong>armas de fuego&nbsp;<\/strong>y la&nbsp;<strong>privatizaci\u00f3n&nbsp;<\/strong>de servicios p\u00fablicos.<\/p>\n\n\n\n<p>\u201cQue cada mam\u00e1 de la Argentina sepa que estamos en una elecci\u00f3n que define un modelo de valores como sociedad. Lo que estamos discutiendo es si las vacunas de nuestros hijos son gratuitas o se tienen que pagar. Que le digamos a cada mam\u00e1 que cuando ellos plantean la libre venta de armas, est\u00e1n mandando a nuestros hijos armados al colegio.\u00a0<strong>Queremos a nuestros hijos con una notebook en la mochila, y no con un arma<\/strong>\u201d, dijo, en un mensaje dirigido hacia las mujeres jefas de hogar.<\/p>\n\n\n\n<p>Adem\u00e1s, Massa pidi\u00f3 que lo ayuden para hablarle a los trabajadores, que \u201csi tienen derecho a la indemnizaci\u00f3n o a vacaciones pagas, o \u201csi volvemos 60 a\u00f1os para atr\u00e1s a la esclavitud en la Argentina\u201d, en referencia a los proyectos de la oposici\u00f3n para modificar la legislaci\u00f3n laboral. \u201cCreemos en una sola clase de hombres, creemos en una sola clase de mujeres: los que trabajan, sean formales o informales\u201d, apunt\u00f3.<\/p>\n\n\n\n<p>En el cierre de su discurso, el ministro-candidato hizo un llamado a los votantes porte\u00f1os a respaldar a&nbsp;<strong>Leandro Santoro<\/strong>, aspirante a jefe de Gobierno porte\u00f1o, quien tambi\u00e9n estuvo presente en la actividad. \u201cQuiero pedirles que me ayuden a convencer en estos doce d\u00edas a cada porte\u00f1o y a cada porte\u00f1a que no viven en un reinado.&nbsp;<strong>Que no tienen que resignarse a cambiar al due\u00f1o por el primo como jefe de Gobierno porte\u00f1o<\/strong>\u201d, ironiz\u00f3, al referirse al candidato del PRO,&nbsp;<strong>Jorge Macri<\/strong>, y al ex presidente&nbsp;<strong>Mauricio Macri<\/strong>. \u201cPueden elegir una alternativa: se llama Leandro Santoro, una alternativa que convoque a todos\u201d, convoc\u00f3. \u201c<strong>El 22 de octubre ganamos compa\u00f1eros, ganamos<\/strong>\u201d, concluy\u00f3, confiado.<\/p>\n\n\n\n<p><img decoding=\"async\" loading=\"lazy\" alt=\"&quot;Con la misma convicci\u00f3n con la que me opuse al acuerdo con el Fondo Monetario (FMI) es con la que voy a ir el 22 de octubre a votar a Sergio Massa Presidente\u201d, dijo M\u00e1ximo Kirchner\" height=\"1080\" width=\"1920\" src=\"https:\/\/www.infobae.com\/new-resizer\/n9L8FOmiQP-1tv1IjwHTINy0BdU=\/arc-anglerfish-arc2-prod-infobae\/public\/N7XSSM3JZFBVNNGXMQUYNVW32I.jpeg\" srcset=\"https:\/\/www.infobae.com\/new-resizer\/LrFtLfzUDIPpg1BTHxp2uYmvUkg=\/420x236\/filters:format(webp):quality(85)\/cloudfront-us-east-1.images.arcpublishing.com\/infobae\/N7XSSM3JZFBVNNGXMQUYNVW32I.jpeg 420w,https:\/\/www.infobae.com\/new-resizer\/TOPTw7BKGrdu-iBlvbag0CgaXNo=\/768x432\/filters:format(webp):quality(85)\/cloudfront-us-east-1.images.arcpublishing.com\/infobae\/N7XSSM3JZFBVNNGXMQUYNVW32I.jpeg 768w,https:\/\/www.infobae.com\/new-resizer\/AFyi9JPQvnaMtOy9kfLZ7tWlr6k=\/992x558\/filters:format(webp):quality(85)\/cloudfront-us-east-1.images.arcpublishing.com\/infobae\/N7XSSM3JZFBVNNGXMQUYNVW32I.jpeg 992w,https:\/\/www.infobae.com\/new-resizer\/Yg9U5cXXCEg0TMhOZsTUIPRrUuc=\/1200x675\/filters:format(webp):quality(85)\/cloudfront-us-east-1.images.arcpublishing.com\/infobae\/N7XSSM3JZFBVNNGXMQUYNVW32I.jpeg 1200w,https:\/\/www.infobae.com\/new-resizer\/hI0kuBA6xACZTHNrjdNFiER48dI=\/1440x810\/filters:format(webp):quality(85)\/cloudfront-us-east-1.images.arcpublishing.com\/infobae\/N7XSSM3JZFBVNNGXMQUYNVW32I.jpeg 1440w\">&#8220;Con la misma convicci\u00f3n con la que me opuse al acuerdo con el Fondo Monetario (FMI) es con la que voy a ir el 22 de octubre a votar a Sergio Massa Presidente\u201d, dijo M\u00e1ximo Kirchner<\/p>\n\n\n\n<h2>El apoyo de M\u00e1ximo Kirchner<\/h2>\n\n\n\n<p>Durante la actividad, se present\u00f3 el documental \u201cUn Hermano del Sur\u201d, un proyecto dirigido por el realizador y militante Alejandro Filippini que reconstruye los momentos m\u00e1s significativos de la visita de N\u00e9stor Kirchner al Bajo Flores. Adem\u00e1s de Massa, M\u00e1ximo Kirchner y Santoro, estuvieron presentes otros dirigentes como la diputada nacional,&nbsp;<strong>Paula Penacca<\/strong>, y el ministro de Ciencia y T\u00e9cnica,&nbsp;<strong>Daniel Filmus<\/strong>.<\/p>\n\n\n\n<p>En ese marco, M\u00e1ximo Kirchner hizo una reflexi\u00f3n en la que record\u00f3 las cualidades de su padre. \u201cLlena el alma ver d\u00f3nde est\u00e1bamos parados en ese momento. N\u00e9stor vino ac\u00e1 cuando no ten\u00eda ni 3 meses de Presidente, ya hab\u00eda ido a Entre R\u00edos a levantar el paro docente que no conclu\u00eda m\u00e1s. As\u00ed era todos sus d\u00edas, llegaba a los lugares y era un quilombo atr\u00e1s del otro\u201d, rememor\u00f3. \u201cLa demanda que hab\u00eda de la gente, como los argentinos a lo largo y ancho del pa\u00eds, le hac\u00edan conocer las demandas que por tanto tiempo hab\u00edan sido deso\u00eddas por quienes hab\u00edan ejercido el poder en Argentina\u201d, agreg\u00f3.<\/p>\n\n\n\n<p>\u201cN\u00e9stor ven\u00eda a escuchar a quienes lo hab\u00edan votado, y a quienes no. Empez\u00f3 a colaborar para que ustedes recuperan la autoestima. Realmente, a veces me da mucha tristeza cuando veo que mi pueblo parece haber perdido esa autoestima. No dejen que los quiebren, no dejen que les digan que no merecen, que su trabajo no vale\u201d, dijo Kirchner a la militancia al lamentar la situaci\u00f3n pol\u00edtica que atraviesa el oficialismo. Sin embargo, dio a entender que el legado que dej\u00f3 N\u00e9stor Kirchner ofrece \u201cla ventaja\u201d de que \u201cse puede hacer las cosas diferentes a las que propone el candidato de Macri y a la candidata de Macri\u201d (sic), dijo con sorna el legislador, al referirse tanto a las propuestas de Patricia Bullrich como de Javier Milei.<\/p>\n\n\n\n<p>En otro momento, el diputado nacional record\u00f3 que el d\u00eda anterior a que N\u00e9stor Kirchner visitara el Bajo Flores se hab\u00edan \u201cderogado las&nbsp;<strong>leyes de Obediencia Debida y Punto Final<\/strong>\u201d. \u201cParece mentira que 20 a\u00f1os despu\u00e9s haya algunos que sigan insistiendo que lo que sucedi\u00f3, no sucedi\u00f3\u201d, consider\u00f3 Kirchner, en relaci\u00f3n a los controversiales dichos de Javier Milei sobre la represi\u00f3n ilegal de la dictadura en el bloque de \u201c<a rel=\"noreferrer noopener\" href=\"https:\/\/www.infobae.com\/america\/agencias\/2023\/10\/02\/milei-niega-que-hubiera-30000-desaparecidos-durante-la-dictadura-de-argentina\/\" target=\"_blank\">convivencia democr\u00e1tica y derechos humanos\u201d durante el primer debate presidencial obligatorio del domingo 1 de octubre<\/a>. \u201c<strong>M\u00e1s que gorilas, son inhumanos<\/strong>\u201d, afirm\u00f3 el l\u00edder de La C\u00e1mpora sobre la f\u00f3rmula libertaria.<\/p>\n\n\n\n<p><img decoding=\"async\" loading=\"lazy\" alt=\"M\u00e1ximo Kirchner dio un claro respaldo a Sergio Massa en un acto de campa\u00f1a en el Bajo Flores\" height=\"1080\" width=\"1920\" src=\"https:\/\/www.infobae.com\/new-resizer\/q1a1-n0LGUhlk1ULN10CUpbkcfs=\/arc-anglerfish-arc2-prod-infobae\/public\/KICQPVCJU5APDILMN26XCYVZVY.jpeg\" srcset=\"https:\/\/www.infobae.com\/new-resizer\/0AZxOyAyTkuGbzIakk7OSXmMbPw=\/420x236\/filters:format(webp):quality(85)\/cloudfront-us-east-1.images.arcpublishing.com\/infobae\/KICQPVCJU5APDILMN26XCYVZVY.jpeg 420w,https:\/\/www.infobae.com\/new-resizer\/aOogy0OwYA-O-GxsyeSQpj23hSE=\/768x432\/filters:format(webp):quality(85)\/cloudfront-us-east-1.images.arcpublishing.com\/infobae\/KICQPVCJU5APDILMN26XCYVZVY.jpeg 768w,https:\/\/www.infobae.com\/new-resizer\/nHaF6qyf8FzDMxcPJ2ofogGL85s=\/992x558\/filters:format(webp):quality(85)\/cloudfront-us-east-1.images.arcpublishing.com\/infobae\/KICQPVCJU5APDILMN26XCYVZVY.jpeg 992w,https:\/\/www.infobae.com\/new-resizer\/p9-7gJCvIHPMExYFXWzCJsvnrHA=\/1200x675\/filters:format(webp):quality(85)\/cloudfront-us-east-1.images.arcpublishing.com\/infobae\/KICQPVCJU5APDILMN26XCYVZVY.jpeg 1200w,https:\/\/www.infobae.com\/new-resizer\/wZ4oIIZ3EHkkGV0IVIVwnzVUc9w=\/1440x810\/filters:format(webp):quality(85)\/cloudfront-us-east-1.images.arcpublishing.com\/infobae\/KICQPVCJU5APDILMN26XCYVZVY.jpeg 1440w\">M\u00e1ximo Kirchner dio un claro respaldo a Sergio Massa en un acto de campa\u00f1a en el Bajo Flores<\/p>\n\n\n\n<p>Sobre el final de su intervenci\u00f3n, M\u00e1ximo Kirchner respald\u00f3 a la diputada camporista\u00a0<strong>Paula Penacca<\/strong>\u00a0e hizo un expl\u00edcito apoyo a acompa\u00f1ar a Sergio Massa. \u201cSergio, esto que pasa hoy ac\u00e1 es lo que ten\u00e9s que perseguir. Que veinte a\u00f1os despu\u00e9s, de haber ido a alg\u00fan lugar, te recuerden de esta manera. Hacelo, lo pod\u00e9s hacer\u201d, dijo. Y concluy\u00f3: \u201cQuiero ac\u00e1 que me escuchen bien.\u00a0<strong>Con la misma convicci\u00f3n con la que me opuse al acuerdo con el Fondo Monetario (FMI)\u00a0<\/strong>por las consecuencias actuales, con esa misma decisi\u00f3n,\u00a0<strong>es con la que voy a ir el 22 de octubre a votar a Sergio Massa Presidente<\/strong>\u201d.<\/p>\n\n\n\n<p>Fuente: Infobae<\/p>\n","protected":false},"excerpt":{"rendered":"<div class=\"mh-excerpt\"><p>A&nbsp;15 d\u00edas de las elecciones presidenciales, el candidato a presidente de Uni\u00f3n por la Patria (UP),&nbsp;Sergio Massa, cerr\u00f3 hoy un acto de campa\u00f1a en el barrio porte\u00f1o de Flores en el que insisti\u00f3 en conformar un \u201cgobierno de unidad nacional\u201d junto a dirigentes de la oposici\u00f3n a partir del 10 de diciembre. Lo acompa\u00f1\u00f3 sobre el escenario el l\u00edder de La C\u00e1mpora,&nbsp;M\u00e1ximo Kirchner, que tambi\u00e9n dijo lo suyo: prometi\u00f3 que lo apoyar\u00e1 \u201ccon la misma convicci\u00f3n\u201d&nbsp;con la que se opuso desde su banca de diputado a la revisi\u00f3n del acuerdo alcanzado con el Fondo Monetario Internacional (FMI) y que&nbsp;rubric\u00f3 el <a class=\"mh-excerpt-more\" href=\"http:\/\/dsrmedios.com.ar\/diario\/archivos\/40167\" title=\"Sergio Massa recibi\u00f3 un fuerte apoyo de M\u00e1ximo Kirchner y volvi\u00f3 a llamar a un gobierno de unidad\">[Leer m\u00e1s]<\/a><\/p>\n<\/div>","protected":false},"author":8,"featured_media":31416,"comment_status":"open","ping_status":"closed","sticky":false,"template":"","format":"standard","meta":{"_jetpack_newsletter_access":""},"categories":[6],"tags":[],"jetpack_featured_media_url":"http:\/\/dsrmedios.com.ar\/diario\/wp-content\/uploads\/2023\/04\/CULIKXKBYJ5VYCFKH4L7XKC57Q.jpg","jetpack_sharing_enabled":true,"jetpack_shortlink":"https:\/\/wp.me\/p9fihK-arR","_links":{"self":[{"href":"http:\/\/dsrmedios.com.ar\/diario\/wp-json\/wp\/v2\/posts\/40167"}],"collection":[{"href":"http:\/\/dsrmedios.com.ar\/diario\/wp-json\/wp\/v2\/posts"}],"about":[{"href":"http:\/\/dsrmedios.com.ar\/diario\/wp-json\/wp\/v2\/types\/post"}],"author":[{"embeddable":true,"href":"http:\/\/dsrmedios.com.ar\/diario\/wp-json\/wp\/v2\/users\/8"}],"replies":[{"embeddable":true,"href":"http:\/\/dsrmedios.com.ar\/diario\/wp-json\/wp\/v2\/comments?post=40167"}],"version-history":[{"count":1,"href":"http:\/\/dsrmedios.com.ar\/diario\/wp-json\/wp\/v2\/posts\/40167\/revisions"}],"predecessor-version":[{"id":40170,"href":"http:\/\/dsrmedios.com.ar\/diario\/wp-json\/wp\/v2\/posts\/40167\/revisions\/40170"}],"wp:featuredmedia":[{"embeddable":true,"href":"http:\/\/dsrmedios.com.ar\/diario\/wp-json\/wp\/v2\/media\/31416"}],"wp:attachment":[{"href":"http:\/\/dsrmedios.com.ar\/diario\/wp-json\/wp\/v2\/media?parent=40167"}],"wp:term":[{"taxonomy":"category","embeddable":true,"href":"http:\/\/dsrmedios.com.ar\/diario\/wp-json\/wp\/v2\/categories?post=40167"},{"taxonomy":"post_tag","embeddable":true,"href":"http:\/\/dsrmedios.com.ar\/diario\/wp-json\/wp\/v2\/tags?post=40167"}],"curies":[{"name":"wp","href":"https:\/\/api.w.org\/{rel}","templated":true}]}}