{"id":40162,"date":"2023-10-08T11:51:28","date_gmt":"2023-10-08T14:51:28","guid":{"rendered":"http:\/\/dsrmedios.com.ar\/diario\/?p=40162"},"modified":"2023-10-08T11:51:31","modified_gmt":"2023-10-08T14:51:31","slug":"la-agenda-geopolitica-del-gobierno-puso-a-la-argentina-en-los-brics-junto-a-iran-que-financia-los-ataques-terroristas-de-hamas-contra-israel","status":"publish","type":"post","link":"http:\/\/dsrmedios.com.ar\/diario\/archivos\/40162","title":{"rendered":"La agenda geopol\u00edtica del Gobierno puso a la Argentina en los BRICS junto a Ir\u00e1n, que financia los ataques terroristas de Hamas contra Israel"},"content":{"rendered":"\n<p>A fines de enero de 2022, unos d\u00edas antes de viajar a Mosc\u00fa para encontrarse con Vladimir Putin, Alberto Fern\u00e1ndez recibi\u00f3 informaci\u00f3n clasificada del Departamento de Estado alertando sobre la inminente invasi\u00f3n rusa a Ucrania.&nbsp;<strong>El presidente soslay\u00f3 los datos de inteligencia que llegaron desde Washington<\/strong>&nbsp;y emprendi\u00f3 una gira que coloc\u00f3 en la Argentina en un pantano frente a Europa y Estados Unidos. Fue durante ese c\u00f3nclave en el Kremlin que Alberto Fern\u00e1ndez ofreci\u00f3 a Putin actuar como picaporte de Rusia en Am\u00e9rica Latina. Tres semanas m\u00e1s tarde iniciaba la guerra ilegal en Ucrania, que a\u00fan causa una profunda crisis global.<\/p>\n\n\n\n<p>Alberto Fern\u00e1ndez ya no necesita un informe de inteligencia de la CIA para saber que Hamas atac\u00f3 a Israel y provoc\u00f3 una inmensa tragedia que todav\u00eda est\u00e1 en desarrollo.&nbsp;<strong>La organizaci\u00f3n terrorista es apoyada por Ir\u00e1n<\/strong>&nbsp;y opera desde la Franja Gaza, adonde ahora tiene secuestrado a cientos de israel\u00edes y a un n\u00famero indeterminado de argentinos, que cayeron durante la avanzada fundamentalista iniciada durante el tradicional shabat.<\/p>\n\n\n\n<p>El pr\u00f3ximo 17 de octubre, Alberto Fern\u00e1ndez participar\u00e1 de un banquete oficial organizado por Xi JInping en Beijing. Ese banquete es la antesala del tercer Foro de la Ruta de la Seda, que es un programa de inversiones a nivel global dise\u00f1ado por el l\u00edder comunista para enfrentar a Estados Unidos. Ir\u00e1n integra el Foro, y en la cena protocolar,&nbsp;<strong>Alberto Fern\u00e1ndez compartir\u00e1 la mesa con un representante del r\u00e9gimen de Teher\u00e1n.<\/strong><\/p>\n\n\n\n<p>A\u00fan m\u00e1s: Ir\u00e1n integrar\u00e1 los BRICS junto a la Argentina, que lleg\u00f3 a ese foro multilateral por el apoyo expl\u00edcito de China. Y Alberto Fern\u00e1ndez antes de cenar con Xi se encontrar\u00e1 con Dilma Rousseff en Shangai para negociar las condiciones de ingreso al Nuevo Banco de Desarrollo (NBD), la entidad crediticia de los BRICS que controla Xi desde su despacho en Beijing.<\/p>\n\n\n\n<p><img decoding=\"async\" loading=\"lazy\" alt=\"Alberto Fern\u00e1ndez y Xi Jinping se saludan en la \u00faltima cumbre que protagonizaron durante la cumbre del G20 en Bali\" height=\"1080\" width=\"1920\" src=\"https:\/\/www.infobae.com\/new-resizer\/1b56dXB45JVumO2i08BzGzK1oU0=\/arc-anglerfish-arc2-prod-infobae\/public\/QH7TS4CFEZHRXBW3HYCJRSMXTA.jpg\" srcset=\"https:\/\/www.infobae.com\/new-resizer\/UoSuG_dRfc1UVrUz28uCoG8Tnws=\/420x236\/filters:format(webp):quality(85)\/cloudfront-us-east-1.images.arcpublishing.com\/infobae\/QH7TS4CFEZHRXBW3HYCJRSMXTA.jpg 420w,https:\/\/www.infobae.com\/new-resizer\/ynmGojTCrOLR7Jdqg0Baee5L-fI=\/768x432\/filters:format(webp):quality(85)\/cloudfront-us-east-1.images.arcpublishing.com\/infobae\/QH7TS4CFEZHRXBW3HYCJRSMXTA.jpg 768w,https:\/\/www.infobae.com\/new-resizer\/TuVXnD1mvX4ksnt4ujnWXCbju9M=\/992x558\/filters:format(webp):quality(85)\/cloudfront-us-east-1.images.arcpublishing.com\/infobae\/QH7TS4CFEZHRXBW3HYCJRSMXTA.jpg 992w,https:\/\/www.infobae.com\/new-resizer\/-anr5Wr4wpOj_UF3KVVLeaBsuz8=\/1200x675\/filters:format(webp):quality(85)\/cloudfront-us-east-1.images.arcpublishing.com\/infobae\/QH7TS4CFEZHRXBW3HYCJRSMXTA.jpg 1200w,https:\/\/www.infobae.com\/new-resizer\/YowlswdbZ7Ov2THboT9WZe3gxZw=\/1440x810\/filters:format(webp):quality(85)\/cloudfront-us-east-1.images.arcpublishing.com\/infobae\/QH7TS4CFEZHRXBW3HYCJRSMXTA.jpg 1440w\">Alberto Fern\u00e1ndez y Xi Jinping se saludan en la \u00faltima cumbre que protagonizaron durante la cumbre del G20 en Bali<\/p>\n\n\n\n<p>Si Putin cumple con su palabra, y finalmente llega a Beijing para participar del foro de la Ruta y la Seda, Xi lo sentar\u00e1 a su lado durante la cena oficial del 17 de octubre. Entonces,&nbsp;<strong>Alberto Fern\u00e1ndez compartir\u00eda un id\u00e9ntico espacio de fraternidad geopol\u00edtica&nbsp;<\/strong>junto al dictador ruso que inici\u00f3 la guerra en Ucrania y al l\u00edder comunista que aspira a controlar Am\u00e9rica Latina a trav\u00e9s de cr\u00e9ditos blandos con largos plazos de financiaci\u00f3n.<\/p>\n\n\n\n<p><\/p>\n\n\n\n<p>El ataque terrorista de Hamas a Israel ocup\u00f3 ayer todo el tiempo del jefe de Estado. Alberto Fern\u00e1ndez conden\u00f3 el ataque fundamentalista, mantuvo un contacto formal con el presidente de Israel,&nbsp;<strong>Isaac Herzog<\/strong>,dialog\u00f3 con el hermano de una las v\u00edctimas de la agresi\u00f3n terrorista y orden\u00f3 un despliegue de las fuerzas de seguridad para proteger eventuales blancos de la comunidad jud\u00eda en la Argentina.<\/p>\n\n\n\n<p>Esta iniciativa pol\u00edtica exhibi\u00f3 la preocupaci\u00f3n del jefe de Estado,&nbsp;<strong>pero todo quedar\u00eda reducido a la condici\u00f3n del papel picado<\/strong>&nbsp;si finalmente comparte un \u00e1gape oficial junto a Xi, Putin y el delegado que enviar\u00e1 Teher\u00e1n a Beijing. Si hay condena honesta al acto terrorista ejecutado por Hamas,&nbsp;<strong>no es l\u00f3gico cenar al lado del financista iran\u00ed&nbsp;<\/strong>que se hizo cargo de los gastos de log\u00edstica, armamento e inteligencia militar del ataque sangriento que golpe\u00f3 a Israel y al mundo.<\/p>\n\n\n\n<p><strong>Javier Milei, Sergio Massa y Patricia Bullrich repudiaron el ataque terrorista de Hamas<\/strong>. Ello implica que los candidatos presidenciales con mayor cantidad de votos actuar\u00e1n sin eufemismos pol\u00edticos ante una organizaci\u00f3n terrorista sostenida en las sombras por Ir\u00e1n. Este r\u00e9gimen autoritario provee drones a Rusia, Hamas, Hezbollah, y ya firm\u00f3 un acuerdo de defensa con Bolivia.<\/p>\n\n\n\n<p>El acuerdo entre Teher\u00e1n y La Paz para la provisi\u00f3n de drones explica el tuit de Evo Morales, principal l\u00edder pol\u00edtico de Bolivia y aliado regional del gobierno fundamentalista de Ir\u00e1n. \u201cDesde Bolivia condenamos&nbsp;<strong>las acciones imperialistas y coloniales del gobierno sionista israel\u00ed\u201d<\/strong>, poste\u00f3 Morales en su cuenta oficial de X (exTwitter).<\/p>\n\n\n\n<p><img decoding=\"async\" loading=\"lazy\" alt=\"En su comunicado sobre Israel, Cristina Fern\u00e1ndez de Kirchner excluy\u00f3 el concepto de ataque terrorista y evit\u00f3 mencionar a la organizaci\u00f3n Hamas\" height=\"1714\" width=\"2571\" src=\"https:\/\/www.infobae.com\/new-resizer\/FDJHh7-XD80TlrEdxxCYFs-Sgu4=\/arc-anglerfish-arc2-prod-infobae\/public\/D6RMCOBSANDR5FMBEK66FHY2UI.jpg\" srcset=\"https:\/\/www.infobae.com\/new-resizer\/TV60z7t0A8gL7r0qVQGrigtBRKk=\/420x280\/filters:format(webp):quality(85)\/cloudfront-us-east-1.images.arcpublishing.com\/infobae\/D6RMCOBSANDR5FMBEK66FHY2UI.jpg 420w,https:\/\/www.infobae.com\/new-resizer\/D6sVmCG63wnJtJcyQYnxVRwzkx0=\/768x512\/filters:format(webp):quality(85)\/cloudfront-us-east-1.images.arcpublishing.com\/infobae\/D6RMCOBSANDR5FMBEK66FHY2UI.jpg 768w,https:\/\/www.infobae.com\/new-resizer\/EgVCcbGSz5T0yeAMapv-cadoMuE=\/992x661\/filters:format(webp):quality(85)\/cloudfront-us-east-1.images.arcpublishing.com\/infobae\/D6RMCOBSANDR5FMBEK66FHY2UI.jpg 992w,https:\/\/www.infobae.com\/new-resizer\/p988YGdzLSBVp-YpoYWA8OdbeBg=\/1200x800\/filters:format(webp):quality(85)\/cloudfront-us-east-1.images.arcpublishing.com\/infobae\/D6RMCOBSANDR5FMBEK66FHY2UI.jpg 1200w,https:\/\/www.infobae.com\/new-resizer\/I2pZ-EN2XMwHqA0c7uYRJjDOEgo=\/1440x960\/filters:format(webp):quality(85)\/cloudfront-us-east-1.images.arcpublishing.com\/infobae\/D6RMCOBSANDR5FMBEK66FHY2UI.jpg 1440w\">En su comunicado sobre Israel, Cristina Fern\u00e1ndez de Kirchner excluy\u00f3 el concepto de ataque terrorista y evit\u00f3 mencionar a la organizaci\u00f3n Hamas<\/p>\n\n\n\n<p>Cristina Fern\u00e1ndez de Kirchner\u00a0<em>dilat\u00f3\u00a0<\/em>m\u00e1s de doce horas su reacci\u00f3n personal ante el ataque fundamentalista que conmovi\u00f3 al mundo. Ella utiliz\u00f3 una texto v\u00eda X (exTwitter) que\u00a0<strong>excluy\u00f3 el concepto de ataque terrorista y evit\u00f3 mencionar a la organizaci\u00f3n Hamas.<\/strong>\u00a0CFK conoce la vinculaci\u00f3n semi\u00f3tica entre los significados y los significantes, y sus omisiones deliberadas confirman su perspectiva ideol\u00f3gica respecto al conflicto en Medio Oriente.<\/p>\n\n\n\n<p>\u201cHoy por la ma\u00f1ana las im\u00e1genes de televisi\u00f3n nos devolv\u00edan violencia, muerte y desolaci\u00f3n en territorio de Israel. Nuestra solidaridad incondicional con todas las v\u00edctimas y sus familiares.&nbsp;<strong>No aceptamos y condenamos, como siempre lo hemos hecho, todo tipo de violencia como m\u00e9todo para resolver los conflictos entre pa\u00edses\u201d<\/strong>, escribi\u00f3 la Vicepresidenta.<\/p>\n\n\n\n<p>Alberto Fern\u00e1ndez viaja a China para compartir los \u00faltimos d\u00edas de su mandato junto a Xi, eventualmente Putin, y un representante de Ir\u00e1n, que financia las operaciones terroristas de Hamas y Hezbollah. Mientras tanto, Cristina&nbsp;<strong>cancela<\/strong>&nbsp;las palabras terrorismo y Hamas, dos conceptos que explican la masacre que sufri\u00f3 Israel en Shabat.<\/p>\n\n\n\n<p>Los actos y las palabras\u00a0<strong>siempre definen<\/strong>\u00a0el lugar que se ocupar\u00e1 en la Historia.<\/p>\n\n\n\n<p>Fuente: Infobae<\/p>\n","protected":false},"excerpt":{"rendered":"<div class=\"mh-excerpt\"><p>A fines de enero de 2022, unos d\u00edas antes de viajar a Mosc\u00fa para encontrarse con Vladimir Putin, Alberto Fern\u00e1ndez recibi\u00f3 informaci\u00f3n clasificada del Departamento de Estado alertando sobre la inminente invasi\u00f3n rusa a Ucrania.&nbsp;El presidente soslay\u00f3 los datos de inteligencia que llegaron desde Washington&nbsp;y emprendi\u00f3 una gira que coloc\u00f3 en la Argentina en un pantano frente a Europa y Estados Unidos. Fue durante ese c\u00f3nclave en el Kremlin que Alberto Fern\u00e1ndez ofreci\u00f3 a Putin actuar como picaporte de Rusia en Am\u00e9rica Latina. Tres semanas m\u00e1s tarde iniciaba la guerra ilegal en Ucrania, que a\u00fan causa una profunda crisis global. <a class=\"mh-excerpt-more\" href=\"http:\/\/dsrmedios.com.ar\/diario\/archivos\/40162\" title=\"La agenda geopol\u00edtica del Gobierno puso a la Argentina en los BRICS junto a Ir\u00e1n, que financia los ataques terroristas de Hamas contra Israel\">[Leer m\u00e1s]<\/a><\/p>\n<\/div>","protected":false},"author":8,"featured_media":40165,"comment_status":"open","ping_status":"closed","sticky":false,"template":"","format":"standard","meta":{"_jetpack_newsletter_access":""},"categories":[6],"tags":[],"jetpack_featured_media_url":"http:\/\/dsrmedios.com.ar\/diario\/wp-content\/uploads\/2023\/10\/descarga-28.jpeg","jetpack_sharing_enabled":true,"jetpack_shortlink":"https:\/\/wp.me\/p9fihK-arM","_links":{"self":[{"href":"http:\/\/dsrmedios.com.ar\/diario\/wp-json\/wp\/v2\/posts\/40162"}],"collection":[{"href":"http:\/\/dsrmedios.com.ar\/diario\/wp-json\/wp\/v2\/posts"}],"about":[{"href":"http:\/\/dsrmedios.com.ar\/diario\/wp-json\/wp\/v2\/types\/post"}],"author":[{"embeddable":true,"href":"http:\/\/dsrmedios.com.ar\/diario\/wp-json\/wp\/v2\/users\/8"}],"replies":[{"embeddable":true,"href":"http:\/\/dsrmedios.com.ar\/diario\/wp-json\/wp\/v2\/comments?post=40162"}],"version-history":[{"count":1,"href":"http:\/\/dsrmedios.com.ar\/diario\/wp-json\/wp\/v2\/posts\/40162\/revisions"}],"predecessor-version":[{"id":40166,"href":"http:\/\/dsrmedios.com.ar\/diario\/wp-json\/wp\/v2\/posts\/40162\/revisions\/40166"}],"wp:featuredmedia":[{"embeddable":true,"href":"http:\/\/dsrmedios.com.ar\/diario\/wp-json\/wp\/v2\/media\/40165"}],"wp:attachment":[{"href":"http:\/\/dsrmedios.com.ar\/diario\/wp-json\/wp\/v2\/media?parent=40162"}],"wp:term":[{"taxonomy":"category","embeddable":true,"href":"http:\/\/dsrmedios.com.ar\/diario\/wp-json\/wp\/v2\/categories?post=40162"},{"taxonomy":"post_tag","embeddable":true,"href":"http:\/\/dsrmedios.com.ar\/diario\/wp-json\/wp\/v2\/tags?post=40162"}],"curies":[{"name":"wp","href":"https:\/\/api.w.org\/{rel}","templated":true}]}}