{"id":40161,"date":"2023-10-08T11:49:17","date_gmt":"2023-10-08T14:49:17","guid":{"rendered":"http:\/\/dsrmedios.com.ar\/diario\/?p=40161"},"modified":"2023-10-08T11:49:19","modified_gmt":"2023-10-08T14:49:19","slug":"segundo-debate-presidencial-milei-bullrich-y-massa-se-enfrentaran-hoy-a-todo-o-nada","status":"publish","type":"post","link":"http:\/\/dsrmedios.com.ar\/diario\/archivos\/40161","title":{"rendered":"Segundo debate presidencial: Milei, Bullrich y Massa se enfrentar\u00e1n hoy a todo o nada"},"content":{"rendered":"\n<p>A todo o nada. As\u00ed enfrentar\u00e1n esta noche\u00a0<a rel=\"noreferrer noopener\" href=\"https:\/\/www.infobae.com\/tag\/debate-presidencial\/\" target=\"_blank\">el segundo debate presidencial<\/a>\u00a0los cinco candidatos que competir\u00e1n en las elecciones del 22 de octubre. Hoy, en la Facultad de Derecho de la UBA y en las urnas dentro de dos domingos, la discusi\u00f3n ser\u00e1 por mucho m\u00e1s que la primera magistratura de la Naci\u00f3n. Ser\u00e1 una discusi\u00f3n por valores, visiones de pa\u00eds y miradas sobre el futuro diferentes, antag\u00f3nicas y, en algunos casos, excluyentes<\/p>\n\n\n\n<p><strong>Javier Milei&nbsp;<\/strong>(La Libertad Avanza),&nbsp;<strong>Sergio Massa<\/strong>&nbsp;(Uni\u00f3n por la Patria),&nbsp;<strong>Patricia Bullrich&nbsp;<\/strong>(Juntos por el Cambio),<strong>&nbsp;Juan Schiaretti&nbsp;<\/strong>(Hacemos por Nuestro Pa\u00eds) y<strong>&nbsp;Myriam Bregman<\/strong>&nbsp;(Frente de Izquierda y de los Trabajadores-Unidad), se enfrentar\u00e1n desde las 21 y durante algo m\u00e1s de dos horas, con la misma modalidad que hace una semana. En el debate en el Forum de Santiago del Estero, ninguno de los cinco candidatos sac\u00f3 ventaja sobre el resto. Por eso se descuenta que esta vez se d\u00e9 una pelea m\u00e1s dura y abierta.<\/p>\n\n\n\n<p>Al igual que en la primera ocasi\u00f3n, el debate estar\u00e1 dividido en tres tramos. El primero estar\u00e1 compuesto de una presentaci\u00f3n de cada candidato, el abordaje de dos temas -\u201dSeguridad\u201d y \u201cTrabajo y Producci\u00f3n\u201d- y luego un corte publicitario. En el segundo tramo se abordar\u00e1 el tema elegido por la gente -esta vez es \u201cDesarrollo Humano, vivienda y protecci\u00f3n ambiental\u201d- y se dar\u00e1n las preguntas cruzadas. En el \u00faltimo tramo, se har\u00e1 el mensaje final y el saludo de los cinco. La transmisi\u00f3n estar\u00e1 a cargo de la TV P\u00fablica, mientras que&nbsp;<strong>Infobae&nbsp;<\/strong>har\u00e1 una cobertura exclusiva minuto a minuto con analistas de primer nivel y todos los detalles en tiempo real, partir de las 20.<\/p>\n\n\n\n<p>Entre los datos destacados est\u00e1 que a Massa lo acompa\u00f1ar\u00e1 en el debate<strong>&nbsp;Axel Kicillof,<\/strong>&nbsp;que lo mismo har\u00e1&nbsp;<strong>Mauricio Macri&nbsp;<\/strong>con Bullrich y que a Schiaretti lo escoltar\u00e1 su sucesor y hombre clave del peronismo del futuro,&nbsp;<strong>Mart\u00edn Llaryora<\/strong>.<\/p>\n\n\n\n<p><\/p>\n\n\n\n<p><strong>Gustavo C\u00f3rdoba<\/strong>, de la consultora Zuban C\u00f3rdoba, que hizo&nbsp;<a href=\"https:\/\/www.infobae.com\/encuestas\/2023\/10\/06\/segun-una-encuesta-el-92-de-los-argentinos-no-cambio-su-voto-luego-del-primer-debate-presidencial\/\">una encuesta muy comentada<\/a>&nbsp;sobre el impacto del debate y la traducci\u00f3n en intenci\u00f3n de voto entre los electores, advirti\u00f3 en contacto con Infobae que la confrontaci\u00f3n que tendr\u00e1n los cinco candidatos esta noche no puede entenderse de otro modo que como un cap\u00edtulo m\u00e1s dentro de la campa\u00f1a. Es una instancia clave, pero que seg\u00fan sus datos apenas puede torcer en 1% o 2% la intenci\u00f3n de voto con la que llegan a la competencia.<\/p>\n\n\n\n<p><img decoding=\"async\" loading=\"lazy\" alt=\"Gestos. Los cinco candidatos presidenciales se enfrentar\u00e1n esta noche en el \u00faltimo debate antes de las elecciones\" height=\"440\" width=\"800\" src=\"https:\/\/www.infobae.com\/new-resizer\/Es0dxahLWc6v_wC8_YXwjqZCX7s=\/arc-anglerfish-arc2-prod-infobae\/public\/5CBA6R4OXNHVPOZWND7QQIUMSA.jpg\" srcset=\"https:\/\/www.infobae.com\/new-resizer\/nPx9z2b0qmJBCRAlqYEXNFiExxQ=\/420x236\/filters:format(webp):quality(85)\/cloudfront-us-east-1.images.arcpublishing.com\/infobae\/5CBA6R4OXNHVPOZWND7QQIUMSA.jpg 420w,https:\/\/www.infobae.com\/new-resizer\/8a6h2TaSRCk1BLQksKDLl58hW0I=\/768x432\/filters:format(webp):quality(85)\/cloudfront-us-east-1.images.arcpublishing.com\/infobae\/5CBA6R4OXNHVPOZWND7QQIUMSA.jpg 768w,https:\/\/www.infobae.com\/new-resizer\/PBgrMRtX6fBX-imePzOjzsei35A=\/992x558\/filters:format(webp):quality(85)\/cloudfront-us-east-1.images.arcpublishing.com\/infobae\/5CBA6R4OXNHVPOZWND7QQIUMSA.jpg 992w,https:\/\/www.infobae.com\/new-resizer\/cxDhxmXjufZFg6s-WgVWHLDOS-U=\/1200x675\/filters:format(webp):quality(85)\/cloudfront-us-east-1.images.arcpublishing.com\/infobae\/5CBA6R4OXNHVPOZWND7QQIUMSA.jpg 1200w,https:\/\/www.infobae.com\/new-resizer\/yGJGzj5jdvLuOVdIUN-RokpXVUo=\/1440x810\/filters:format(webp):quality(85)\/cloudfront-us-east-1.images.arcpublishing.com\/infobae\/5CBA6R4OXNHVPOZWND7QQIUMSA.jpg 1440w\">Gestos. Los cinco candidatos presidenciales se enfrentar\u00e1n esta noche en el \u00faltimo debate antes de las elecciones<\/p>\n\n\n\n<p>Para el experto, los cinco contendientes no tendr\u00e1n la misma actitud que la del primer debate, que ocurri\u00f3 en el Forum de Santiago del Estero. Para Gustavo C\u00f3rdoba, el inicial fue un round de estudio, y en este espera una disputa \u201csin fair play, m\u00e1s picante e incluso agresivo\u201d. \u201cLos cruces no van a ser tan conciliadores, se van a administrar las r\u00e9plicas y se va a dejar alguna para el final. En el primer debate se agotaron la mayor\u00eda en el primer tema, que fue Econom\u00eda. En esta oportunidad, creo que habr\u00e1 una dosificaci\u00f3n\u201d, afirm\u00f3 el director de la encuestadora Zuban C\u00f3rdoba.<\/p>\n\n\n\n<p>Pero tambi\u00e9n resalt\u00f3 que tanto el tono, como la estrategia que se exponga en el debate de esta noche ser\u00e1 tambi\u00e9n una incipiente hoja de ruta de c\u00f3mo abordar\u00e1n Milei, Massa, Bullrich, Schiaretti y Bregman el tramo final de sus respectivas campa\u00f1as, de cara a las elecciones del 22 de octubre.<\/p>\n\n\n\n<p>Ser\u00e1, para el analista pol\u00edtica, la \u00faltima oportunidad que tendr\u00e1n los candidatos para exponer sus ideas frente a una audiencia que se espera supere el alto registro de la semana pasada, que lleg\u00f3 a perforar los 42 puntos de rating, un valor infrecuente en la TV argentina. Son n\u00fameros de una dimensi\u00f3n similar a los que se dan ante grandes eventos deportivos. \u201cM\u00e1s all\u00e1 del perfil de los candidatos -algunos pueden verlos m\u00e1s o menos mediocres, m\u00e1s o menos sobresalientes- lo que hay es un contexto dram\u00e1tico, una econom\u00eda en crisis y un nivel de extrema incertidumbre econ\u00f3mica, pol\u00edtica y social, por eso hay tanto inter\u00e9s de la gente\u201d, explic\u00f3 C\u00f3rdoba.<\/p>\n\n\n\n<p>Si bien los candidatos esconden sus cartas, el analista prev\u00e9 que todos van a arriesgar un poco m\u00e1s. Todos menos uno: Javier Milei, el libertario que encabeza todas las encuestas y que se expone a perder m\u00e1s que sus adversarios. \u201c\u00c9l va a necesitar que el tiempo pase m\u00e1s r\u00e1pido\u201d, dice el experto.<\/p>\n\n\n\n<p>De menor a mayor, Bregman -que dej\u00f3 una buena imagen en Santiago del Estero- buscar\u00e1 renovar esos pergaminos, Schiaretti redoblar\u00e1 su cordobesismo expl\u00edcito, para lograr el ingreso de tres diputados propios a la C\u00e1mara baja, mientras que Massa y Bullrich ser\u00e1n los m\u00e1s expuestos al riesgo. Enfrentar\u00e1n un juego de suma cero: lo que gane uno o una lo perder\u00e1 su rival.<\/p>\n\n\n\n<h2>Estrategia libertaria<\/h2>\n\n\n\n<p><img decoding=\"async\" loading=\"lazy\" alt=\"Javier Milei encabeza las encuestas y enfrentar\u00e1 las cr\u00edticas y embestidas del resto de los candidatos a presidentes\" height=\"3080\" width=\"4620\" src=\"https:\/\/www.infobae.com\/new-resizer\/jeyB5E1TESV_xNx2IoQFUN5n52s=\/arc-anglerfish-arc2-prod-infobae\/public\/WQYQI52KHBA7RLS4B6YIL45Y6Q.jpg\" srcset=\"https:\/\/www.infobae.com\/new-resizer\/t8OHdDl-Yj6Wp-JBPj7pTK-ZsiI=\/420x280\/filters:format(webp):quality(85)\/cloudfront-us-east-1.images.arcpublishing.com\/infobae\/WQYQI52KHBA7RLS4B6YIL45Y6Q.jpg 420w,https:\/\/www.infobae.com\/new-resizer\/FRY_wPoaS5xpCk9xvY-LGEm3kK0=\/768x512\/filters:format(webp):quality(85)\/cloudfront-us-east-1.images.arcpublishing.com\/infobae\/WQYQI52KHBA7RLS4B6YIL45Y6Q.jpg 768w,https:\/\/www.infobae.com\/new-resizer\/Qm0ne4uRrFIPza83V4Tm5I7FX28=\/992x661\/filters:format(webp):quality(85)\/cloudfront-us-east-1.images.arcpublishing.com\/infobae\/WQYQI52KHBA7RLS4B6YIL45Y6Q.jpg 992w,https:\/\/www.infobae.com\/new-resizer\/hipIy4TvkwQs07M31fCUIrH3ZzE=\/1200x800\/filters:format(webp):quality(85)\/cloudfront-us-east-1.images.arcpublishing.com\/infobae\/WQYQI52KHBA7RLS4B6YIL45Y6Q.jpg 1200w,https:\/\/www.infobae.com\/new-resizer\/Lp95GKJC9xQAZ8_lc9vo_XqUofU=\/1440x960\/filters:format(webp):quality(85)\/cloudfront-us-east-1.images.arcpublishing.com\/infobae\/WQYQI52KHBA7RLS4B6YIL45Y6Q.jpg 1440w\">Javier Milei encabeza las encuestas y enfrentar\u00e1 las cr\u00edticas y embestidas del resto de los candidatos a presidentes<\/p>\n\n\n\n<p>M\u00e1s all\u00e1 de la especulaci\u00f3n y el an\u00e1lisis, Javier Milei llegar\u00e1 a la Facultad de Derecho de la UBA con la decisi\u00f3n de repetir la performance del domingo pasado. Seg\u00fan pudo saber Infobae, en su equipo entienden que el l\u00edder libertario logr\u00f3 cumplir en Santiago del Estero su doble objetivo: polarizar con el candidato de Uni\u00f3n por la Patria y al mismo tiempo exponer las falencias de Patricia Bullrich, principalmente en materia econ\u00f3mica, pero tambi\u00e9n en un aspecto que sorprendi\u00f3: su actuaci\u00f3n durante los a\u00f1os 70. La definici\u00f3n de \u201cmontonera tirabombas\u201d, que deriv\u00f3 incluso en una denuncia penal, trascendi\u00f3 hasta la semana siguiente.<\/p>\n\n\n\n<p>En materia de Seguridad, que es el primer tema que deber\u00e1n abordar los candidatos, Milei se prepar\u00f3 estos d\u00edas con Victoria Villarruel, su candidata a vicepresidenta y quien asumir\u00e1 la conducci\u00f3n pol\u00edtica de esa \u00e1rea y tambi\u00e9n Defensa, en caso de que accedan a la Presidencia. Sabe que estar\u00e1 expuesto al \u201cbot\u00f3n rojo\u201d del resto de los candidatos, sobre todo en lo que tiene que ver con sus declaraciones previas a ser presidenciable respecto a la libre compra y portaci\u00f3n de armas.<\/p>\n\n\n\n<p>En materia de Trabajo y Producci\u00f3n, el segundo tema que se abordar\u00e1 en el debate, Milei se prepar\u00f3 con Sandra Pettovello, Gustavo Mor\u00f3n y Miguel Ponte, pero no hizo \u201csimulacros\u201d de debate. El candidato de La Libertad Avanza llegar\u00e1 con una semana que estuvo signada por la virtual \u201ccontracumbre\u201d que arm\u00f3 en Mar del Plata, mientras se realizaba el Coloquio de IDEA. Ese encuentro meti\u00f3 un fuerte ruido en el empresariado y dej\u00f3 a Milei en el centro de la escena y rivalizando con el sector privado que est\u00e1 m\u00e1s alineado con las propuestas de Juntos por el Cambio.<\/p>\n\n\n\n<p>Sobre el \u00faltimo tema, Desarrollo Humano, vivienda y protecci\u00f3n ambiental, Milei tambi\u00e9n descuenta que recibir\u00e1 otra andanada de r\u00e9plicas, principalmente por las declaraciones que pronunci\u00f3 el 2 de setiembre, en el cierre del Congreso Econ\u00f3mico Argentino, en La Rural, cuando habl\u00f3 de la responsabilidad que tienen las empresas al \u201ccontaminar un r\u00edo\u201d. Milei, que supo definirse como \u201cfundamentalista de la verdad\u201d, tiene una posici\u00f3n cr\u00edtica sobre los movimientos ambientalistas y ecologistas, por lo que no se descarta que insista con sus cuestionamientos, sobre todo con su escepticismo acerca del cambio clim\u00e1tico.<\/p>\n\n\n\n<p>En Santiago del Estero, el candidato de LLA ya demostr\u00f3 su plasticidad a la hora de evitar temas que puedan debilitarlo pol\u00edticamente. Aunque insisti\u00f3 con su idea de subsidiar la demanda y no la oferta educativa, evit\u00f3 mencionar la palabra \u201cvoucher\u201d, que hab\u00eda generado un impacto negativo en la opini\u00f3n p\u00fablica.<\/p>\n\n\n\n<p>Milei -que anoche por primera vez se mostr\u00f3 en el programa de Mirtha Legrand con su pareja, la capoc\u00f3mica F\u00e1tima Florez- ir\u00e1 al segundo debate con los mismos invitados que al primer encuentro: estar\u00e1n Villarruel, Karina \u201cEl Jefe\u201d Milei, Carolina P\u00edparo, Ramiro Marra, el influyente Nicol\u00e1s Posse, Pettovello, Guillermo Francos, Juan N\u00e1poli, Bertie Benegas Lynch, Marcela Pagano, Carlos Kikuchi, Santiago Or\u00eda, y Santiago Caputo, entre otros.<\/p>\n\n\n\n<h2>El ministro-candidato<\/h2>\n\n\n\n<p><img decoding=\"async\" loading=\"lazy\" alt=\"Sergio Massa buscar\u00e1 polarizar con Milei pero tambi\u00e9n advertir\u00e1 que Bullrich &quot;es el pasado&quot;\" height=\"2647\" width=\"3973\" src=\"https:\/\/www.infobae.com\/new-resizer\/ERv05RHMc8Xq6TjkIj91c1DljCY=\/arc-anglerfish-arc2-prod-infobae\/public\/AN7DHRCGVJDHBMMBNRBZGJMWUE.jpg\" srcset=\"https:\/\/www.infobae.com\/new-resizer\/K_JNA1X9UUDQIvak9DEkCQaLab4=\/420x280\/filters:format(webp):quality(85)\/cloudfront-us-east-1.images.arcpublishing.com\/infobae\/AN7DHRCGVJDHBMMBNRBZGJMWUE.jpg 420w,https:\/\/www.infobae.com\/new-resizer\/U3YMTaIGdOyvgR8NPc3vtLB-RpM=\/768x512\/filters:format(webp):quality(85)\/cloudfront-us-east-1.images.arcpublishing.com\/infobae\/AN7DHRCGVJDHBMMBNRBZGJMWUE.jpg 768w,https:\/\/www.infobae.com\/new-resizer\/3EJ46QBj4vcfyjpWxA0oGIXqhPQ=\/992x661\/filters:format(webp):quality(85)\/cloudfront-us-east-1.images.arcpublishing.com\/infobae\/AN7DHRCGVJDHBMMBNRBZGJMWUE.jpg 992w,https:\/\/www.infobae.com\/new-resizer\/XFXF2yAKvweEvxZfYfx8wLS4_sA=\/1200x800\/filters:format(webp):quality(85)\/cloudfront-us-east-1.images.arcpublishing.com\/infobae\/AN7DHRCGVJDHBMMBNRBZGJMWUE.jpg 1200w,https:\/\/www.infobae.com\/new-resizer\/TNgC4U6VfBmrC7JxIbcZ7nTLthE=\/1440x960\/filters:format(webp):quality(85)\/cloudfront-us-east-1.images.arcpublishing.com\/infobae\/AN7DHRCGVJDHBMMBNRBZGJMWUE.jpg 1440w\">Sergio Massa buscar\u00e1 polarizar con Milei pero tambi\u00e9n advertir\u00e1 que Bullrich &#8220;es el pasado&#8221;<\/p>\n\n\n\n<p>Sergio Massa \u201centren\u00f3\u201d para el debate de hoy en el hotel de Luz y Fuerza de la ciudad de Buenos Aires junto con su equipo m\u00e1s cercano, que integran su esposa, Malena Galmarini, Juan Manuel Olmos, Eduardo \u201cWado\u201d De Pedro, el asesor catal\u00e1n Antoni Guti\u00e9rrez Rub\u00ed, y el vocero Santiago Garc\u00eda V\u00e1zquez.<\/p>\n\n\n\n<p>Llegar\u00e1 al Aula Magna de la Facultad de Derecho despu\u00e9s de una semana de turbulencias pol\u00edticas y econ\u00f3micas que lo obligaron a retomar en plenitud sus dos funciones: la de ministro de Econom\u00eda y candidato a presidente de Uni\u00f3n por la Patria, la coalici\u00f3n de gobierno. Los coletazos del caso Insaurralde y el sacud\u00f3n cambiario le metieron una presi\u00f3n extra y fuera de todo c\u00e1lculo a menos de dos semanas de las elecciones generales.<\/p>\n\n\n\n<p>Desde su rol de ministro, en su equipo creen que logr\u00f3 conjurar una escalada que promet\u00eda llevar la cotizaci\u00f3n de los d\u00f3lares financieros a cerca de mil pesos, y que consigui\u00f3, ya en su faz de candidato, encapsular el inoportuno affaire Insaurralde-Cl\u00e9rici-Cirio a una cuesti\u00f3n que se tramita en el \u00e1mbito de la Justicia.<\/p>\n\n\n\n<p>Seg\u00fan lo que Infobae pudo saber de la previa del debate, Massa presentar\u00e1 \u201cel pa\u00eds que queremos, una Argentina posible, sin fantas\u00edas ni retrocesos\u201d. Esa l\u00ednea ser\u00e1 clave porque ordenar\u00e1 los contrapuntos que buscar\u00e1 mostrar: Milei como portador de ideas impracticables y Bullrich como un regreso a los a\u00f1os del macrismo. As\u00ed como sorprendi\u00f3 en el discurso del primer debate al diferenciar \u201csu gobierno\u201d de \u201ceste gobierno\u201d de Alberto Fern\u00e1ndez y Cristina Kirchner, el candidato de Uni\u00f3n por la Patria insistir\u00e1 con modelar un perfil nuevo, distinto, como representante de la nueva generaci\u00f3n que se reconoce como \u201chija de la democracia\u201d.<\/p>\n\n\n\n<p>Har\u00e1 eje en el trabajo, en destacar la eliminaci\u00f3n de Ganancias, alivios fiscales como la devoluci\u00f3n del IVA, la anulaci\u00f3n de las retenciones para las econom\u00edas regionales y los beneficios otorgados a trabajadores en blanco, informales, planes sociales, entre otros. Har\u00e1 hincapi\u00e9 en materia de trabajo y producci\u00f3n el riesgo de que gane Milei y se desactive el intercambio comercial con China y Brasil, que es una de las ideas de que plante\u00f3 el libertario.<\/p>\n\n\n\n<p>Pero Massa buscar\u00e1, cuando se hable en el bloque Seguridad, poner de ejemplo el modelo Tigre, con m\u00e1s inversi\u00f3n en tecnolog\u00eda, capacitaci\u00f3n de recursos humanos y un nuevo sistema para luchar contra el delito y detener a los delincuentes. En esto, apuntar\u00e1 contra Milei y su propuesta de habilitar que la sociedad se arme. Pero no ser\u00e1 el \u00fanico tema: sin cargar contra los potenciales votantes, Massa hablar\u00e1 sobre los riesgos y consecuencias de ideas mencionadas por el l\u00edder libertario, como armar a los j\u00f3venes, vender \u00f3rganos, cerrar mercados o privatizar la educaci\u00f3n.<\/p>\n\n\n\n<p>A Massa lo van a acompa\u00f1ar Agust\u00edn Rossi, Axel Kicillof, Leandro Santoro, Daniel Scioli, los sindicalistas Gerardo Martinez y H\u00e9ctor Daer, los funcionarios y dirigentes Cecilia Moreau, Jaime Perczyk, Gabriel Katopodis, Victoria Tolosa Paz, Mat\u00edas Lammens, Ayelen Mazzina, Jos\u00e9 Ignacio De Mendiguren, Sebasti\u00e1n Galmarini, Leonardo Madcur, Ricardo Casal, Juan Bahilo, Eduardo Valdez, la camporista Paula Penacca, entre otros. Tiene previsto repasar, hacer algunas consultas y pasar el domingo en familia, antes de ir al barrio de Palermo.<\/p>\n\n\n\n<h2>Bullrich, todo o nada<\/h2>\n\n\n\n<p><img decoding=\"async\" loading=\"lazy\" alt=\"Bullrich es la que m\u00e1s se juega en la noche del segundo debate presidencial\" height=\"2912\" width=\"4367\" src=\"https:\/\/www.infobae.com\/new-resizer\/m_djyK-d-Wy8Q8skl56qRW1IX6E=\/arc-anglerfish-arc2-prod-infobae\/public\/BIPOVQS6FBFXZLMHZSWQLBE2N4.jpg\" srcset=\"https:\/\/www.infobae.com\/new-resizer\/kI0sE-TrJ68VnF-uSULwcm-ixJg=\/420x280\/filters:format(webp):quality(85)\/cloudfront-us-east-1.images.arcpublishing.com\/infobae\/BIPOVQS6FBFXZLMHZSWQLBE2N4.jpg 420w,https:\/\/www.infobae.com\/new-resizer\/IpqjWiKDbJbdT9NBzd5PUPpczlA=\/768x512\/filters:format(webp):quality(85)\/cloudfront-us-east-1.images.arcpublishing.com\/infobae\/BIPOVQS6FBFXZLMHZSWQLBE2N4.jpg 768w,https:\/\/www.infobae.com\/new-resizer\/bJuS-QjbdU6PVL2VF41rpZvq2wQ=\/992x661\/filters:format(webp):quality(85)\/cloudfront-us-east-1.images.arcpublishing.com\/infobae\/BIPOVQS6FBFXZLMHZSWQLBE2N4.jpg 992w,https:\/\/www.infobae.com\/new-resizer\/DjH2dIEBqk8ISFizPrlk3N-Cf-c=\/1200x800\/filters:format(webp):quality(85)\/cloudfront-us-east-1.images.arcpublishing.com\/infobae\/BIPOVQS6FBFXZLMHZSWQLBE2N4.jpg 1200w,https:\/\/www.infobae.com\/new-resizer\/x59Dj3d5uBWnrVpU4_HQ3CfGpa4=\/1440x960\/filters:format(webp):quality(85)\/cloudfront-us-east-1.images.arcpublishing.com\/infobae\/BIPOVQS6FBFXZLMHZSWQLBE2N4.jpg 1440w\">Bullrich es la que m\u00e1s se juega en la noche del segundo debate presidencial<\/p>\n\n\n\n<p>Bullrich llegar\u00e1 al segundo debate con la misi\u00f3n de recobrar algo de la frescura, la naturalidad y la impetuosidad que no se vio en el Forum de Santiago del Estero. M\u00e1s all\u00e1 de la excusa de la gripe y la fiebre, la candidata de Juntos por el Cambio enfrentar\u00e1 el delicado desaf\u00edo de batir en simult\u00e1neo a dos rivales que, en los papeles, parecen aventajarla.<\/p>\n\n\n\n<p>Seg\u00fan anticip\u00f3 ayer&nbsp;<a href=\"https:\/\/www.infobae.com\/politica\/2023\/10\/06\/cual-sera-la-nueva-estrategia-de-patricia-bullrich-para-el-segundo-debate-presidencial-y-quienes-la-acompanaran\/\">Ricardo Carpena en Infobae<\/a>, Patricia Bullrich llegar\u00e1 a la Facultad de Derecho acompa\u00f1ada por Macri, el ex presidente con quien mantuvo un contrapunto por sus gui\u00f1os inconvenientes con Javier Milei. Y tambi\u00e9n estar\u00e1n Jorge Macri, N\u00e9stor Grindetti y Horacio Rodr\u00edguez Larreta. Son las figuras centrales del PRO, que parecen dispuestas a mostrarse unidas, a s\u00f3lo dos domingos de los comicios. Estar\u00e1 tambi\u00e9n otra estrella del nuevo firmamento de Juntos por el Cambio: el futuro gobernador de Santa Fe, Maximiliano Pullaro.<\/p>\n\n\n\n<p>La candidata a presidente opositora tiene previsto endurecer su discurso y fustigar por igual a Milei y Massa. Es un giro casi obligado, de la estrategia previa, donde la prioridad estaba en contraponerse al kirchnerismo. Las descalificaciones y los ataques del candidato libertario en su contra -donde \u201cmontonera tirabomba\u201d fue s\u00f3lo uno de los agravios- la forzaron a equiparar a ambos rivales. Se trata de una decisi\u00f3n que le exigir\u00e1 una concentraci\u00f3n extra, pero que en su equipo entienden que es inevitable para meterse en el balotaje.<\/p>\n\n\n\n<p>La propia candidata de Juntos por el Cambio estuvo durante la semana anticipando este giro. De hecho castig\u00f3 de manera alternativa a Milei y a Massa y empez\u00f3 a plantear la supuesta existencia de un \u201cacuerdo\u201d o un \u201cpacto\u201d. Para Bullrich, ambos coludidos buscar\u00edan sacarla a ella de la segunda vuelta electoral.<\/p>\n\n\n\n<p>En la coalici\u00f3n opositora adem\u00e1s se mostraban confiados en que en este debate, al ser Seguridad el primer tema, Bullrich podr\u00e1 mostrarse en el inicio con una solidez mayor que la vez anterior, cuando tuvo que empezar con Econom\u00eda, un tema que es su tal\u00f3n de Aquiles y oblig\u00f3 a incorporar como rueda de auxilio a Carlos Melconian. Y que Bullrich expondr\u00e1 con m\u00e1s vehemencia la cuesti\u00f3n de la corrupci\u00f3n.<\/p>\n\n\n\n<p>Adem\u00e1s de los mencionados, Bullrich estar\u00e1 acompa\u00f1ada por otros gobernadores de Juntos por el Cambio, el jefe de campa\u00f1a, Juan Pablo Arenaza, el asesor y candidato Dami\u00e1n Arabia, el diputado Hern\u00e1n Lombardi, el asesor Alberto F\u00f6hrig, Laura Alonso y Sabrina Ajmechet, entre otros.<\/p>\n\n\n\n<h2>De C\u00f3rdoba a la Argentina<\/h2>\n\n\n\n<p><img decoding=\"async\" loading=\"lazy\" alt=\"Cordobesismo. Juan Schiaretti insistir\u00e1 con proponer a su provincia como modelo para la Naci\u00f3n\" height=\"2676\" width=\"4013\" src=\"https:\/\/www.infobae.com\/new-resizer\/Ah0et4mtMaeFHEFbEFENXrhvITw=\/arc-anglerfish-arc2-prod-infobae\/public\/JOFWFBNVMJCM3DXRF4Q363JVWY.jpg\" srcset=\"https:\/\/www.infobae.com\/new-resizer\/IYtHLYJVa2mU7Uo2XKG65g8xpE8=\/420x280\/filters:format(webp):quality(85)\/cloudfront-us-east-1.images.arcpublishing.com\/infobae\/JOFWFBNVMJCM3DXRF4Q363JVWY.jpg 420w,https:\/\/www.infobae.com\/new-resizer\/XAqABLKBwekqvRUYDwwgktZpmiE=\/768x512\/filters:format(webp):quality(85)\/cloudfront-us-east-1.images.arcpublishing.com\/infobae\/JOFWFBNVMJCM3DXRF4Q363JVWY.jpg 768w,https:\/\/www.infobae.com\/new-resizer\/3OJKSJBkTzUwj88RHpppGTc_mU4=\/992x661\/filters:format(webp):quality(85)\/cloudfront-us-east-1.images.arcpublishing.com\/infobae\/JOFWFBNVMJCM3DXRF4Q363JVWY.jpg 992w,https:\/\/www.infobae.com\/new-resizer\/YIS_JmDrvJYsnpw-t_7vY0bGYfk=\/1200x800\/filters:format(webp):quality(85)\/cloudfront-us-east-1.images.arcpublishing.com\/infobae\/JOFWFBNVMJCM3DXRF4Q363JVWY.jpg 1200w,https:\/\/www.infobae.com\/new-resizer\/G-MOZ4g6koLVuZ0lyoPIJJSTnP4=\/1440x960\/filters:format(webp):quality(85)\/cloudfront-us-east-1.images.arcpublishing.com\/infobae\/JOFWFBNVMJCM3DXRF4Q363JVWY.jpg 1440w\">Cordobesismo. Juan Schiaretti insistir\u00e1 con proponer a su provincia como modelo para la Naci\u00f3n<\/p>\n\n\n\n<p>En el comando de campa\u00f1a de Schiaretti confirmaron a Infobae que el gobernador cordob\u00e9s ten\u00eda previsto llegar hoy a Buenos Aires junto a su sucesor y hombre clave para el futuro del peronismo, Mart\u00edn Llaryora. Luego ir\u00e1n con su compa\u00f1ero de f\u00f3rmula, Florencio Randazzo, a la Facultad de Derecho para hacer el mismo reconocimiento del \u201cterritorio\u201d del debate que hicieron el s\u00e1bado sus rivales.<\/p>\n\n\n\n<p>Schiaretti insistir\u00e1 con la f\u00f3rmula que tan buen resultado le dio para posicionarse en redes como en la discusi\u00f3n p\u00fablica con su \u201cmodelo C\u00f3rdoba\u201d. En el bloque de Trabajo y Producci\u00f3n, \u201cEl Gringo\u201d volver\u00e1 a presentar a la provincia como ejemplo: mencionar\u00e1 que la sinergia entre el sector p\u00fablico y privado permiti\u00f3 pasar de 4 a 50 parques industriales y construir 3.100 kil\u00f3metros de gasoductos y destacar\u00e1 en materia de medio ambiente que C\u00f3rdoba es l\u00edder en materia de energ\u00eda verde.<\/p>\n\n\n\n<p>En el entorno del gobernador dan por descontado que el debate tendr\u00e1 m\u00e1s tensi\u00f3n y dureza que el de Santiago del Estero, pero no esperaban que Schiaretti asuma una posici\u00f3n distinta a la que tuvo en el primer debate, donde se ocup\u00f3 m\u00e1s de proponer y plantear ideas de gobierno que embestir contra sus rivales.<\/p>\n\n\n\n<p>A Schiaretti lo van a acompa\u00f1ar adem\u00e1s de Randazzo y Llaryora, el jefe de campa\u00f1a, Diego Bossio, y los ministros de C\u00f3rdoba Osvaldo Giordano (Finanzas), Walter Grahovac (Educaci\u00f3n), y Roberto Sposetti (asesor en Comunicaci\u00f3n), y el recientemente ganador de la intendencia de Villa Mar\u00eda, Eduardo Acastello, entre otros.<\/p>\n\n\n\n<h2>M\u00e1s de izquierda<\/h2>\n\n\n\n<p><img decoding=\"async\" loading=\"lazy\" alt=\"Bregman sali\u00f3 fortalecida del primer debate y espera repetir performance en el segundo\" height=\"2272\" width=\"3408\" src=\"https:\/\/www.infobae.com\/new-resizer\/kWa1xzVQtVd8EC_YkgbssStRo1A=\/arc-anglerfish-arc2-prod-infobae\/public\/GQKLEJ4Q3JAIXGBDD2AYWFGR4A.jpg\" srcset=\"https:\/\/www.infobae.com\/new-resizer\/LimfMbZy8b5E04g2VRyasP6ssRU=\/420x280\/filters:format(webp):quality(85)\/cloudfront-us-east-1.images.arcpublishing.com\/infobae\/GQKLEJ4Q3JAIXGBDD2AYWFGR4A.jpg 420w,https:\/\/www.infobae.com\/new-resizer\/RnMWwuZ6NDFBoP_hmAVUfOpTMFI=\/768x512\/filters:format(webp):quality(85)\/cloudfront-us-east-1.images.arcpublishing.com\/infobae\/GQKLEJ4Q3JAIXGBDD2AYWFGR4A.jpg 768w,https:\/\/www.infobae.com\/new-resizer\/HhiNbKMfcOBGTJUpOnej4Jdau8U=\/992x661\/filters:format(webp):quality(85)\/cloudfront-us-east-1.images.arcpublishing.com\/infobae\/GQKLEJ4Q3JAIXGBDD2AYWFGR4A.jpg 992w,https:\/\/www.infobae.com\/new-resizer\/S-XufSBKz8_YtL5w6EqinzSFEw4=\/1200x800\/filters:format(webp):quality(85)\/cloudfront-us-east-1.images.arcpublishing.com\/infobae\/GQKLEJ4Q3JAIXGBDD2AYWFGR4A.jpg 1200w,https:\/\/www.infobae.com\/new-resizer\/s21YIhlGt0Jges8SngKmSmwnLKY=\/1440x960\/filters:format(webp):quality(85)\/cloudfront-us-east-1.images.arcpublishing.com\/infobae\/GQKLEJ4Q3JAIXGBDD2AYWFGR4A.jpg 1440w\">Bregman sali\u00f3 fortalecida del primer debate y espera repetir performance en el segundo<\/p>\n\n\n\n<p>En el Frente de Izquierda y de los Trabajadores Unidad (FIT) explicaron que en el debate de la Facultad de Derecho Bregman tiene previsto redoblar sus cuestionamientos tanto a Milei como a Bullrich, a quienes considera dos expresiones de la \u201cderecha\u201d, aunque tambi\u00e9n se diferenciar\u00e1 de Massa y de Schiaretti: \u201cSomos la \u00fanica fuerza que no plantea un camino de sometimiento y complicidad con el FMI y el poder econ\u00f3mico\u201d, explicaron en el entorno de la diputada nacional que plantear\u00e1 en el debate.<\/p>\n\n\n\n<p>Tras el primer debate en Santiago del Estero, desde la coalici\u00f3n de izquierda celebraron la performance de la candidata y las repercusiones que tuvo en redes sociales cuando eligi\u00f3 confrontar con Milei. Entre ellos, se destacan cuando Bregman se\u00f1al\u00f3 que el postulante de LLA replicaba los argumentos del expresidente Mauricio Macri o atesoraba conceptos extra\u00eddos del sitio \u201cRinc\u00f3n del Vago\u201d luego de que el economista afirmara en un contrapunto que el comunismo \u201cfracas\u00f3 y mat\u00f3 a 150 millones de seres humanos\u201d.<\/p>\n\n\n\n<p>Con el objetivo de sacar provecho de las r\u00e9plicas y las preguntas, y manteniendo una estrategia similar a la probada en Santiago del Estero, Bregman insistir\u00e1 con que en las elecciones del 22 de octubre no se enfrentan solo tres candidatos.<\/p>\n\n\n\n<p>Seg\u00fan confirmaron a Infobae, la candidata estar\u00e1 acompa\u00f1ada por su candidato a vice Nicol\u00e1s del Ca\u00f1o, por Christian Castillo, Alejandro Vilca, Rub\u00e9n \u201cPollo\u201d Sobrero , Andrea D\u2019Atri, Alejandrina Barry, N\u00e9stor Pitrola, Ra\u00fal Godoy, Celeste Fierro, Vanina Biasi, M\u00f3nica Schlothauer, Luana Simioni, Natalia Morales, Laura Vilches, Octavio Crivaro, Javier Hermosilla, Nathalia Gonz\u00e1lez Seligra, Vanina Mancuso, Hern\u00e1n Garc\u00eda, Juan Contrisciani, Juan Carlos Giordano.<\/p>\n\n\n\n<p>Fuente: infobae<\/p>\n","protected":false},"excerpt":{"rendered":"<div class=\"mh-excerpt\"><p>A todo o nada. As\u00ed enfrentar\u00e1n esta noche\u00a0el segundo debate presidencial\u00a0los cinco candidatos que competir\u00e1n en las elecciones del 22 de octubre. Hoy, en la Facultad de Derecho de la UBA y en las urnas dentro de dos domingos, la discusi\u00f3n ser\u00e1 por mucho m\u00e1s que la primera magistratura de la Naci\u00f3n. Ser\u00e1 una discusi\u00f3n por valores, visiones de pa\u00eds y miradas sobre el futuro diferentes, antag\u00f3nicas y, en algunos casos, excluyentes Javier Milei&nbsp;(La Libertad Avanza),&nbsp;Sergio Massa&nbsp;(Uni\u00f3n por la Patria),&nbsp;Patricia Bullrich&nbsp;(Juntos por el Cambio),&nbsp;Juan Schiaretti&nbsp;(Hacemos por Nuestro Pa\u00eds) y&nbsp;Myriam Bregman&nbsp;(Frente de Izquierda y de los Trabajadores-Unidad), se enfrentar\u00e1n desde las <a class=\"mh-excerpt-more\" href=\"http:\/\/dsrmedios.com.ar\/diario\/archivos\/40161\" title=\"Segundo debate presidencial: Milei, Bullrich y Massa se enfrentar\u00e1n hoy a todo o nada\">[Leer m\u00e1s]<\/a><\/p>\n<\/div>","protected":false},"author":8,"featured_media":40163,"comment_status":"open","ping_status":"closed","sticky":false,"template":"","format":"standard","meta":{"_jetpack_newsletter_access":""},"categories":[6],"tags":[],"jetpack_featured_media_url":"http:\/\/dsrmedios.com.ar\/diario\/wp-content\/uploads\/2023\/10\/debate-presidencial-1-940x529-1.jpg","jetpack_sharing_enabled":true,"jetpack_shortlink":"https:\/\/wp.me\/p9fihK-arL","_links":{"self":[{"href":"http:\/\/dsrmedios.com.ar\/diario\/wp-json\/wp\/v2\/posts\/40161"}],"collection":[{"href":"http:\/\/dsrmedios.com.ar\/diario\/wp-json\/wp\/v2\/posts"}],"about":[{"href":"http:\/\/dsrmedios.com.ar\/diario\/wp-json\/wp\/v2\/types\/post"}],"author":[{"embeddable":true,"href":"http:\/\/dsrmedios.com.ar\/diario\/wp-json\/wp\/v2\/users\/8"}],"replies":[{"embeddable":true,"href":"http:\/\/dsrmedios.com.ar\/diario\/wp-json\/wp\/v2\/comments?post=40161"}],"version-history":[{"count":1,"href":"http:\/\/dsrmedios.com.ar\/diario\/wp-json\/wp\/v2\/posts\/40161\/revisions"}],"predecessor-version":[{"id":40164,"href":"http:\/\/dsrmedios.com.ar\/diario\/wp-json\/wp\/v2\/posts\/40161\/revisions\/40164"}],"wp:featuredmedia":[{"embeddable":true,"href":"http:\/\/dsrmedios.com.ar\/diario\/wp-json\/wp\/v2\/media\/40163"}],"wp:attachment":[{"href":"http:\/\/dsrmedios.com.ar\/diario\/wp-json\/wp\/v2\/media?parent=40161"}],"wp:term":[{"taxonomy":"category","embeddable":true,"href":"http:\/\/dsrmedios.com.ar\/diario\/wp-json\/wp\/v2\/categories?post=40161"},{"taxonomy":"post_tag","embeddable":true,"href":"http:\/\/dsrmedios.com.ar\/diario\/wp-json\/wp\/v2\/tags?post=40161"}],"curies":[{"name":"wp","href":"https:\/\/api.w.org\/{rel}","templated":true}]}}