{"id":40149,"date":"2023-10-07T15:49:45","date_gmt":"2023-10-07T18:49:45","guid":{"rendered":"http:\/\/dsrmedios.com.ar\/diario\/?p=40149"},"modified":"2023-10-07T15:49:48","modified_gmt":"2023-10-07T18:49:48","slug":"crece-el-malestar-en-la-ucr-por-los-guinos-de-macri-con-milei-la-interna-portena-y-las-consecuencias-a-nivel-nacional","status":"publish","type":"post","link":"http:\/\/dsrmedios.com.ar\/diario\/archivos\/40149","title":{"rendered":"Crece el malestar en la UCR por los gui\u00f1os de Macri con Milei: la interna porte\u00f1a y las consecuencias a nivel nacional"},"content":{"rendered":"\n<p>El rechazo es rec\u00edproco. En el entorno de Elisa Carri\u00f3 aseguran: \u201cEsta elecci\u00f3n va a terminar y los medios de comunicaci\u00f3n van a decir, una vez m\u00e1s, que\u00a0<em>Lilita\u00a0<\/em>ten\u00eda raz\u00f3n\u201d. En una de sus \u00faltimas entrevistas, expres\u00f3: \u201cSi \u00e9l no gana, no quiere que ganen los otros\u201d. En el GEN coinciden: \u201cTiene el s\u00edndrome de todos los ex mandatarios que no dejan liderar a otros\u201d. Algunos importantes dirigentes de la UCR creen que busc\u00f3 y busca repetir la din\u00e1mica de Cristina Kirchner con Alberto Fern\u00e1ndez, en su caso con Bullrich.<\/p>\n\n\n\n<p>El radical m\u00e1s cr\u00edtico a Macri fue&nbsp;<strong>Emiliano Yacobitti<\/strong>. \u201cTraiciona a Juntos por el Cambio\u201d, respondi\u00f3 el diputado de Evoluci\u00f3n consultado en una entrevista en&nbsp;<em>Radio Continental&nbsp;<\/em>por los coqueteos del ex presidente. Hasta reconoci\u00f3 que su actitud le genera \u201cbronca\u201d. \u201cTengo diferencias gigantescas con el modelo de Milei, creo que el Estado tiene que existir. Me produce preocupaci\u00f3n cuando se habla sobre vouchers para la educaci\u00f3n, porque es algo que ya fracas\u00f3; termina desfinanciando al sistema p\u00fablico. La universidad p\u00fablica es un semillero para la Argentina, hoy por hoy es de las pocas cosas que tiene el Estado que funciona bien\u201d, agreg\u00f3.<\/p>\n\n\n\n<p>Los coqueteos de Macri con Milei se replican en la ciudad de Buenos Aires. Su primo Jorge Macri, candidato a jefe de Gobierno porte\u00f1o, muestra cierta sinton\u00eda con&nbsp;<strong>Ramiro Marra<\/strong>. El ex intendente de Vicente L\u00f3pez gan\u00f3 las PASO por una m\u00ednima diferencia contra<strong>&nbsp;Mart\u00edn Lousteau<\/strong>&nbsp;y en el radicalismo porte\u00f1o alimentan un fuerte malestar por no haberlos sumado en la f\u00f3rmula para la Jefatura de Gobierno. Incluso hay correligionarios que temen que la estrategia se repita a nivel nacional:&nbsp;<strong>\u201c\u00bfPor qu\u00e9 habr\u00eda que confiar en que Bullrich sumar\u00e1 a la UCR si llega a la Casa Rosada?\u201d<\/strong>, se preguntan.<\/p>\n\n\n\n<p>El malestar con Macri atraviesa a todas las patas del radicalismo, pero pocos lo expresan en p\u00fablico.&nbsp;<strong>\u201cNinguno est\u00e1 dispuesto a hacerse cargo de una explosi\u00f3n dentro de Juntos por el Cambio\u201d<\/strong>, analizan algunos dirigentes en di\u00e1logo con este medio. Es que no s\u00f3lo est\u00e1 en juego la unidad de la coalici\u00f3n, sino tambi\u00e9n las bancas en el Congreso de la Naci\u00f3n. En caso de repetirse los resultados de las PASO, la UCR perder\u00e1 8 diputados nacionales y 4 senadores. El propio Yacobitti reconoci\u00f3 en p\u00fablico que, pese a las diferencias con el primo del ex mandatario, su espacio trabaja para un triunfo nacional y local: \u201cTenemos que fiscalizar por nuestros legisladores y diputados. Es nuestro frente pol\u00edtico\u201d.<\/p>\n\n\n\n<p>Con el mismo norte en mente trabajan el resto de los radicales, incluso aquellos que en las PASO se aliaron a\u00a0<strong>Horacio Rodr\u00edguez Larreta<\/strong>. Es que, por ejemplo, en Jujuy se ponen en juego dos bancas y tambi\u00e9n peligra la renovaci\u00f3n de<strong>\u00a0Luis Naidenoff<\/strong>\u00a0por Formosa. Esta semana<strong>\u00a0Gerardo Morales<\/strong>\u00a0organiz\u00f3 un acto en el Comit\u00e9 Nacional de la UCR para conmemorar los 40 a\u00f1os del triunfo del ex presidente Ra\u00fal Alfons\u00edn en 1983 y, acompa\u00f1ado por el resto de los gobernadores del espacio, llam\u00f3 a trabajar para que Juntos por el Cambio vuelva a ser gobierno: \u201cTenemos una candidata a presidente que es Patricia Bullrich por la que vamos a trabajar incansablemente en la Uni\u00f3n C\u00edvica Radical+<\/p>\n\n\n\n<p>Fuente: Infobae<\/p>\n","protected":false},"excerpt":{"rendered":"<div class=\"mh-excerpt\"><p>El rechazo es rec\u00edproco. En el entorno de Elisa Carri\u00f3 aseguran: \u201cEsta elecci\u00f3n va a terminar y los medios de comunicaci\u00f3n van a decir, una vez m\u00e1s, que\u00a0Lilita\u00a0ten\u00eda raz\u00f3n\u201d. En una de sus \u00faltimas entrevistas, expres\u00f3: \u201cSi \u00e9l no gana, no quiere que ganen los otros\u201d. En el GEN coinciden: \u201cTiene el s\u00edndrome de todos los ex mandatarios que no dejan liderar a otros\u201d. Algunos importantes dirigentes de la UCR creen que busc\u00f3 y busca repetir la din\u00e1mica de Cristina Kirchner con Alberto Fern\u00e1ndez, en su caso con Bullrich. El radical m\u00e1s cr\u00edtico a Macri fue&nbsp;Emiliano Yacobitti. \u201cTraiciona a Juntos <a class=\"mh-excerpt-more\" href=\"http:\/\/dsrmedios.com.ar\/diario\/archivos\/40149\" title=\"Crece el malestar en la UCR por los gui\u00f1os de Macri con Milei: la interna porte\u00f1a y las consecuencias a nivel nacional\">[Leer m\u00e1s]<\/a><\/p>\n<\/div>","protected":false},"author":8,"featured_media":33118,"comment_status":"open","ping_status":"closed","sticky":false,"template":"","format":"standard","meta":{"_jetpack_newsletter_access":""},"categories":[6],"tags":[],"jetpack_featured_media_url":"http:\/\/dsrmedios.com.ar\/diario\/wp-content\/uploads\/2023\/05\/macri-empresarios-2jpg.webp","jetpack_sharing_enabled":true,"jetpack_shortlink":"https:\/\/wp.me\/p9fihK-arz","_links":{"self":[{"href":"http:\/\/dsrmedios.com.ar\/diario\/wp-json\/wp\/v2\/posts\/40149"}],"collection":[{"href":"http:\/\/dsrmedios.com.ar\/diario\/wp-json\/wp\/v2\/posts"}],"about":[{"href":"http:\/\/dsrmedios.com.ar\/diario\/wp-json\/wp\/v2\/types\/post"}],"author":[{"embeddable":true,"href":"http:\/\/dsrmedios.com.ar\/diario\/wp-json\/wp\/v2\/users\/8"}],"replies":[{"embeddable":true,"href":"http:\/\/dsrmedios.com.ar\/diario\/wp-json\/wp\/v2\/comments?post=40149"}],"version-history":[{"count":1,"href":"http:\/\/dsrmedios.com.ar\/diario\/wp-json\/wp\/v2\/posts\/40149\/revisions"}],"predecessor-version":[{"id":40150,"href":"http:\/\/dsrmedios.com.ar\/diario\/wp-json\/wp\/v2\/posts\/40149\/revisions\/40150"}],"wp:featuredmedia":[{"embeddable":true,"href":"http:\/\/dsrmedios.com.ar\/diario\/wp-json\/wp\/v2\/media\/33118"}],"wp:attachment":[{"href":"http:\/\/dsrmedios.com.ar\/diario\/wp-json\/wp\/v2\/media?parent=40149"}],"wp:term":[{"taxonomy":"category","embeddable":true,"href":"http:\/\/dsrmedios.com.ar\/diario\/wp-json\/wp\/v2\/categories?post=40149"},{"taxonomy":"post_tag","embeddable":true,"href":"http:\/\/dsrmedios.com.ar\/diario\/wp-json\/wp\/v2\/tags?post=40149"}],"curies":[{"name":"wp","href":"https:\/\/api.w.org\/{rel}","templated":true}]}}