{"id":40146,"date":"2023-10-07T15:20:29","date_gmt":"2023-10-07T18:20:29","guid":{"rendered":"http:\/\/dsrmedios.com.ar\/diario\/?p=40146"},"modified":"2023-10-07T15:20:32","modified_gmt":"2023-10-07T18:20:32","slug":"massa-dejo-atras-el-caso-insaurralde-piensa-en-el-balotaje-y-evalua-cerrar-la-campana-en-una-fecha-simbolica","status":"publish","type":"post","link":"http:\/\/dsrmedios.com.ar\/diario\/archivos\/40146","title":{"rendered":"Massa dej\u00f3 atr\u00e1s el caso Insaurralde, piensa en el balotaje y eval\u00faa cerrar la campa\u00f1a en una fecha simb\u00f3lica"},"content":{"rendered":"\n<p>Lo impensado es una realidad. En el<strong>&nbsp;peronismo<\/strong>&nbsp;se viven horas tranquilas y de actividad electoral intensa, cuando se aproxima el tramo final de la campa\u00f1a.<a rel=\"noreferrer noopener\" href=\"https:\/\/www.infobae.com\/tag\/sergio-massa\/\" target=\"_blank\"><strong>&nbsp;Sergio Massa<\/strong><\/a>&nbsp;traspas\u00f3 sin demasiados sobresaltos los d\u00edas posteriores al esc\u00e1ndalo que desataron las fotos de&nbsp;<strong>Mart\u00edn Insaurralde<\/strong>&nbsp;en Marbella. La crisis pol\u00edtica se aplac\u00f3, pese a la cantidad de investigaciones que se abrieron en la justicia y que mantuvieron el caso con permanente visibilidad.<\/p>\n\n\n\n<p>En el equipo de campa\u00f1a del ministro de Econom\u00eda se vivi\u00f3 una semana complicada, pero est\u00e1n satisfechos porque la dejaron atr\u00e1s sin que el conflicto los haya desbordado. En los tracking diarios que hicieron, el tema no est\u00e1 presente con un alto nivel de importancia y los dirigentes que est\u00e1n en el d\u00eda a d\u00eda de la campa\u00f1a advierten que no se traslad\u00f3 a la calle.&nbsp;<strong>Creen haber amortiguado el golpe.<\/strong><\/p>\n\n\n\n<p><\/p>\n\n\n\n<p>Entienden que la decisi\u00f3n r\u00e1pida de correr al ex intendente de Lomas de Zamora del mapa oficialista los terminar\u00e1 beneficiando.&nbsp;<strong>\u201cEl conflicto qued\u00f3 encapsulado en \u00e9l. Ya est\u00e1\u201d<\/strong>, advirti\u00f3 un importante dirigente que camina con frecuencia los pisos del b\u00fanker ubicado en la calle Mitre. Los elucubraciones del detr\u00e1s de escena de las im\u00e1genes dan vuelta por todas las oficinas oficialistas. El enojo est\u00e1 latente. El temor a que sigan conoci\u00e9ndose detalles de la vida de Insaurralde, tambi\u00e9n.<\/p>\n\n\n\n<p>El s\u00e1bado en que se viralizaron las fotos en Marbella, el ex jefe de Gabinete bonaerense se comunic\u00f3 con Massa como un acto reflejo para dar explicaciones sobre una ola que lo hab\u00eda tapado. Estaba en su casa de Tigre, entrenando para el debate presidencial junto al intendente de San Fernando, Juan Andriotti. En ese di\u00e1logo&nbsp;<strong>le desliz\u00f3 que lo estaban extorsionando&nbsp;<\/strong>y que el viaje hab\u00eda sido algunos d\u00edas atr\u00e1s. El ministro de Econom\u00eda pensaba que a\u00fan estaba en Italia. La respuesta fue contundente.&nbsp;<strong>Le dijo que lo mejor era que renuncie.<\/strong><\/p>\n\n\n\n<p><img decoding=\"async\" loading=\"lazy\" alt=\"En el peronismo consideran que el esc\u00e1ndalo de Insaurralde qued\u00f3 encapsulado y que no los afectar\u00e1 en el momento de la elecci\u00f3n\" height=\"673\" width=\"1024\" src=\"https:\/\/www.infobae.com\/new-resizer\/AtbQkQaaPDxzOY_ENQuW7VnAgtw=\/arc-anglerfish-arc2-prod-infobae\/public\/VP7NEQVKD5FSTIK3XO57DHYZXI.jpg\" srcset=\"https:\/\/www.infobae.com\/new-resizer\/Ie3-p2EHPMSfk-aUiBYPGP335Tw=\/420x280\/filters:format(webp):quality(85)\/cloudfront-us-east-1.images.arcpublishing.com\/infobae\/VP7NEQVKD5FSTIK3XO57DHYZXI.jpg 420w,https:\/\/www.infobae.com\/new-resizer\/0zmDvZWiUG6MhyGA4XktdGAslNs=\/768x512\/filters:format(webp):quality(85)\/cloudfront-us-east-1.images.arcpublishing.com\/infobae\/VP7NEQVKD5FSTIK3XO57DHYZXI.jpg 768w,https:\/\/www.infobae.com\/new-resizer\/GjqkV9TrrO79vna_f7-9j8FgxQU=\/992x661\/filters:format(webp):quality(85)\/cloudfront-us-east-1.images.arcpublishing.com\/infobae\/VP7NEQVKD5FSTIK3XO57DHYZXI.jpg 992w,https:\/\/www.infobae.com\/new-resizer\/05OVVUiEgwXV8QK4mu6bHHkKw2s=\/1200x800\/filters:format(webp):quality(85)\/cloudfront-us-east-1.images.arcpublishing.com\/infobae\/VP7NEQVKD5FSTIK3XO57DHYZXI.jpg 1200w,https:\/\/www.infobae.com\/new-resizer\/7gowsrK1AdYNJd655f3sYlkEPBI=\/1440x960\/filters:format(webp):quality(85)\/cloudfront-us-east-1.images.arcpublishing.com\/infobae\/VP7NEQVKD5FSTIK3XO57DHYZXI.jpg 1440w\">En el peronismo consideran que el esc\u00e1ndalo de Insaurralde qued\u00f3 encapsulado y que no los afectar\u00e1 en el momento de la elecci\u00f3n<\/p>\n\n\n\n<p>Esa tarde de furia Massa habl\u00f3 con Axel Kicillof, Cristina y M\u00e1ximo Kirchner, que lo llam\u00f3, muy enojado por lo que hab\u00eda hecho su socio pol\u00edtico en el peronismo bonaerense. Hab\u00eda confusi\u00f3n y fastidio entrelazado. Le soltaron la mano a Insaurralde con la inmediatez necesaria para despegarse del conflicto y que sea el ex funcionario bonaerense el que pague la mayor parte del costo de su lujoso viaje con una modelo er\u00f3tica. As\u00ed fue, aunque ahora<strong>\u00a0tengan que convivir con la incertidumbre de cu\u00e1l ser\u00e1 el impacto real que tendr\u00e1 en la elecci\u00f3n.<\/strong><\/p>\n\n\n\n<p>En el b\u00fanker de Uni\u00f3n por la Patria (UP) creen que el esc\u00e1ndalo de Insaurralde no generar\u00e1 el mismo da\u00f1o que provoc\u00f3 la foto de la fiesta de Olivos en el 2021. La forma de controlar la crisis y el protagonista del conflicto &#8211; dos a\u00f1os atr\u00e1s fue Alberto Fern\u00e1ndez &#8211; marcan una diferencia respecto al presente. Conf\u00edan en que el impacto real que tenga no ser\u00e1 significativo y que la gente entienda que es un caso aislado.<\/p>\n\n\n\n<p>Si bien el tema estuvo latente toda la semana, en el oficialismo advierten que ya \u201cqued\u00f3 viejo\u201d para que los candidatos de la oposici\u00f3n lo utilicen en el debate presidencial de este domingo. Las respuestas ya est\u00e1n dadas.&nbsp;<strong>\u201cRenunci\u00f3 a su cargo y a su candidatura. Todos dejaron en claro que lo que hizo es inadmisible. Ya est\u00e1. No pueden tirarnos con eso\u201d<\/strong>, indicaron en el entorno de Massa.<\/p>\n\n\n\n<p>Conf\u00edan en que el candidato de UP tendr\u00e1 buenos resultados en el debate que se har\u00e1 en la Facultad de Abogac\u00eda de la Ciudad de Buenos Aires. De los tres temas que se tratar\u00e1n &#8211; Seguridad, Trabajo y producci\u00f3n, y Desarrollo humano, vivienda y protecci\u00f3n del medio ambiente -, en los primeros dos Massa tiene una larga experiencia. Son temas de su agenda de campa\u00f1a de la \u00faltima d\u00e9cada. Es su fuerte.<\/p>\n\n\n\n<p><img decoding=\"async\" loading=\"lazy\" alt=\"Sergio Massa tiene planeado viajar a Santa Cruz en el tramo final de la campa\u00f1a \" height=\"1080\" width=\"1920\" src=\"https:\/\/www.infobae.com\/new-resizer\/4kx4lKSAFq_WtiglCsPKOJyciCY=\/arc-anglerfish-arc2-prod-infobae\/public\/7NUHNDUTUVB45LXEOW2EKIVUWM.jpg\" srcset=\"https:\/\/www.infobae.com\/new-resizer\/sEYgjODJnDe2DjczcV2mlvzTO8c=\/420x236\/filters:format(webp):quality(85)\/cloudfront-us-east-1.images.arcpublishing.com\/infobae\/7NUHNDUTUVB45LXEOW2EKIVUWM.jpg 420w,https:\/\/www.infobae.com\/new-resizer\/jSosnkgZJaJLXkpkwWueXZcN6YI=\/768x432\/filters:format(webp):quality(85)\/cloudfront-us-east-1.images.arcpublishing.com\/infobae\/7NUHNDUTUVB45LXEOW2EKIVUWM.jpg 768w,https:\/\/www.infobae.com\/new-resizer\/Ou4LdQ9HmN9-vL5b3HMjmNan5JI=\/992x558\/filters:format(webp):quality(85)\/cloudfront-us-east-1.images.arcpublishing.com\/infobae\/7NUHNDUTUVB45LXEOW2EKIVUWM.jpg 992w,https:\/\/www.infobae.com\/new-resizer\/XSnwkHZRUM_kahhYBBj-uZCJErE=\/1200x675\/filters:format(webp):quality(85)\/cloudfront-us-east-1.images.arcpublishing.com\/infobae\/7NUHNDUTUVB45LXEOW2EKIVUWM.jpg 1200w,https:\/\/www.infobae.com\/new-resizer\/ilke2zxCG4nQnNy27BmUxiWC65E=\/1440x810\/filters:format(webp):quality(85)\/cloudfront-us-east-1.images.arcpublishing.com\/infobae\/7NUHNDUTUVB45LXEOW2EKIVUWM.jpg 1440w\">Sergio Massa tiene planeado viajar a Santa Cruz en el tramo final de la campa\u00f1a<\/p>\n\n\n\n<p><strong>\u201cLo peor ya pas\u00f3\u201d<\/strong>, reconocen en el b\u00fanker peronista respecto al cara a cara del debate. El eje que m\u00e1s preocupaba era el econ\u00f3mico y qued\u00f3 anclado en tierras santiague\u00f1as. Sostienen que Massa sali\u00f3 airoso de los cuestionamientos que le hicieron los candidatos opositores y pudo dejar en claro sus propuestas. Advierten tambi\u00e9n que el debate de ma\u00f1ana lo ayudar\u00e1 a posicionarse en temas importantes para la gente. La seguridad y la generaci\u00f3n empleo figuran en la lista de prioridades de los argentinos. Necesitan respuestas y propuestas.<\/p>\n\n\n\n<p>En el peronismo sorprendi\u00f3 los 40 puntos de rating que tuvo el debate del \u00faltimo fin de semana. La gente lo mir\u00f3 y se interes\u00f3.&nbsp;<strong>\u00bfSe puede eso traducir en votos?<\/strong>&nbsp;No. Lo que est\u00e1 claro es que hay gente prestando atenci\u00f3n. Aunque sea por unos minutos. No hay claridad sobre si se recuperan votos en el debate, pero es importante salir bien parado y evitar traspi\u00e9s en las intervenciones.<\/p>\n\n\n\n<p>Despu\u00e9s del debate arrancar\u00e1 el sprint final de la campa\u00f1a. Los \u00faltimos once d\u00edas. Massa tiene proyectado viajar a<strong>&nbsp;Mendoza, San Juan y Entre R\u00edos<\/strong>, en b\u00fasqueda de votos del sector productivo, concentrado en el centro del pa\u00eds. Provincias en las que a Javier Milei le fue muy bien en las PASO y al peronismo le cost\u00f3 hacer pie.<\/p>\n\n\n\n<p>En la provincia de Buenos Aires har\u00e1 hincapi\u00e9 en los municipios de la primera y tercera secci\u00f3n electoral. Los m\u00e1s poblados y los que son determinantes en t\u00e9rminos electorales, como es el caso de La Matanza, donde tiene pensado ir el pr\u00f3ximo fin de semana. Adem\u00e1s,&nbsp;<strong>viajar\u00eda a Bah\u00eda Blanca<\/strong>, uno de los distritos m\u00e1s grandes del interior bonaerense.<\/p>\n\n\n\n<p><img decoding=\"async\" loading=\"lazy\" alt=\"En el b\u00fanker de UP creen que en el debate de ma\u00f1ana Massa va a poder hacerte en ejes tem\u00e1ticos en los que trabaja hace a\u00f1os (REUTERS)\" height=\"4000\" width=\"6000\" src=\"https:\/\/www.infobae.com\/new-resizer\/iVK9z97-Z9QGgTy99xuYUnYZafg=\/arc-anglerfish-arc2-prod-infobae\/public\/EILCC4YYMXPW4JGURTK4TKM2PE.jpg\" srcset=\"https:\/\/www.infobae.com\/new-resizer\/ehoupvsfOIh3k7b7pDjJoGmGtr0=\/420x280\/filters:format(webp):quality(85)\/cloudfront-us-east-1.images.arcpublishing.com\/infobae\/EILCC4YYMXPW4JGURTK4TKM2PE.jpg 420w,https:\/\/www.infobae.com\/new-resizer\/cZOHCsK1xrQ5N7xDNo-6VL92fhQ=\/768x512\/filters:format(webp):quality(85)\/cloudfront-us-east-1.images.arcpublishing.com\/infobae\/EILCC4YYMXPW4JGURTK4TKM2PE.jpg 768w,https:\/\/www.infobae.com\/new-resizer\/cwIq8g29AhJjh14f0CPUl-1gPnw=\/992x661\/filters:format(webp):quality(85)\/cloudfront-us-east-1.images.arcpublishing.com\/infobae\/EILCC4YYMXPW4JGURTK4TKM2PE.jpg 992w,https:\/\/www.infobae.com\/new-resizer\/xK_xkve24-TbSUUpVGAJkxR2gkw=\/1200x800\/filters:format(webp):quality(85)\/cloudfront-us-east-1.images.arcpublishing.com\/infobae\/EILCC4YYMXPW4JGURTK4TKM2PE.jpg 1200w,https:\/\/www.infobae.com\/new-resizer\/tCUtYaOdOD1uoghBnWpVQvt5ZJk=\/1440x960\/filters:format(webp):quality(85)\/cloudfront-us-east-1.images.arcpublishing.com\/infobae\/EILCC4YYMXPW4JGURTK4TKM2PE.jpg 1440w\">En el b\u00fanker de UP creen que en el debate de ma\u00f1ana Massa va a poder hacerte en ejes tem\u00e1ticos en los que trabaja hace a\u00f1os (REUTERS)<\/p>\n\n\n\n<p><strong>El viernes 13 de octubre el ministro de Econom\u00eda tiene agendado viajar a Santa Cruz, la tierra K.<\/strong>&nbsp;A\u00fan no se sabe si M\u00e1ximo Kirchner lo acompa\u00f1ar\u00e1, pero lo seguro es que ser\u00e1 recibido por la gobernadora Alicia Kirchner. Seg\u00fan las encuestas que manejan en el b\u00fanker, Massa mide cerca de 38 puntos en esa provincia, por lo que es importante reforzar su presencia en el territorio.<\/p>\n\n\n\n<p>En la etapa final tambi\u00e9n se volcar\u00e1 a hacer alguna participaci\u00f3n en streaming en los canales m\u00e1s populares. Es una forma de tratar de llegar al p\u00fablico m\u00e1s joven, aunque en el oficialismo saben que es complejo entrar con el mensaje en ese universo, capturado por el fen\u00f3meno libertario que ya est\u00e1 muy instalado en las redes sociales.<\/p>\n\n\n\n<p>Tal es as\u00ed, que dentro del espacio pol\u00edtico asumen que el fuerte de la campa\u00f1a en este tiempo debe ser el territorio.&nbsp;<strong>\u201cEs lo que el peronismo siempre supo hacer y lo distingue\u201d<\/strong>, indicaron. Hace pocos d\u00edas M\u00e1ximo Kirchner fue categ\u00f3rico respecto a la necesidad de visitar a la gente. \u201cEl tik tok est\u00e1 bueno. Pero nos hace falta m\u00e1s toc toc\u201d, sostuvo, haciendo referencia a golpear las puertas de los vecinos.<\/p>\n\n\n\n<p>A\u00fan no est\u00e1 definido cuando ser\u00e1 el&nbsp;<strong>cierre de la campa\u00f1a<\/strong>. Una posibilidad es que sea el&nbsp;<strong>martes 17 de octubre, d\u00eda de la lealtad peronista<\/strong>. Una fecha m\u00edstica en el calendario oficialista. La principal opci\u00f3n que se maneja es hacerlo en Avellaneda, aunque a\u00fan no est\u00e1 definido. La agenda de campa\u00f1a es din\u00e1mica y sufre modificaciones permanentes.<\/p>\n\n\n\n<p>Uni\u00f3n por la Patria y Sergio Massa afrontan los \u00faltimos d\u00edas de la campa\u00f1a con la convicci\u00f3n, y los n\u00fameros, de que entrar\u00e1n en el balotaje. No quieren proyectar todav\u00eda ese hipot\u00e9tico mano a mano con Milei, pero creen que si se da, la gente tendr\u00e1 que decidir, por \u00faltima vez, qui\u00e9n est\u00e1 en condiciones de gobernar. Otra vez plantear\u00e1n la inviabilidad del proyecto libertario y la estabilidad de plan peronismo. \u201cMassa o el abismo\u201d, suelen decir. Pero para eso falta. Deben ir partido a partido, como en el f\u00fatbol.<\/p>\n\n\n\n<p>Fuente: Infobae<\/p>\n","protected":false},"excerpt":{"rendered":"<div class=\"mh-excerpt\"><p>Lo impensado es una realidad. En el&nbsp;peronismo&nbsp;se viven horas tranquilas y de actividad electoral intensa, cuando se aproxima el tramo final de la campa\u00f1a.&nbsp;Sergio Massa&nbsp;traspas\u00f3 sin demasiados sobresaltos los d\u00edas posteriores al esc\u00e1ndalo que desataron las fotos de&nbsp;Mart\u00edn Insaurralde&nbsp;en Marbella. La crisis pol\u00edtica se aplac\u00f3, pese a la cantidad de investigaciones que se abrieron en la justicia y que mantuvieron el caso con permanente visibilidad. En el equipo de campa\u00f1a del ministro de Econom\u00eda se vivi\u00f3 una semana complicada, pero est\u00e1n satisfechos porque la dejaron atr\u00e1s sin que el conflicto los haya desbordado. En los tracking diarios que hicieron, el <a class=\"mh-excerpt-more\" href=\"http:\/\/dsrmedios.com.ar\/diario\/archivos\/40146\" title=\"Massa dej\u00f3 atr\u00e1s el caso Insaurralde, piensa en el balotaje y eval\u00faa cerrar la campa\u00f1a en una fecha simb\u00f3lica\">[Leer m\u00e1s]<\/a><\/p>\n<\/div>","protected":false},"author":8,"featured_media":31416,"comment_status":"open","ping_status":"closed","sticky":false,"template":"","format":"standard","meta":{"_jetpack_newsletter_access":""},"categories":[6],"tags":[],"jetpack_featured_media_url":"http:\/\/dsrmedios.com.ar\/diario\/wp-content\/uploads\/2023\/04\/CULIKXKBYJ5VYCFKH4L7XKC57Q.jpg","jetpack_sharing_enabled":true,"jetpack_shortlink":"https:\/\/wp.me\/p9fihK-arw","_links":{"self":[{"href":"http:\/\/dsrmedios.com.ar\/diario\/wp-json\/wp\/v2\/posts\/40146"}],"collection":[{"href":"http:\/\/dsrmedios.com.ar\/diario\/wp-json\/wp\/v2\/posts"}],"about":[{"href":"http:\/\/dsrmedios.com.ar\/diario\/wp-json\/wp\/v2\/types\/post"}],"author":[{"embeddable":true,"href":"http:\/\/dsrmedios.com.ar\/diario\/wp-json\/wp\/v2\/users\/8"}],"replies":[{"embeddable":true,"href":"http:\/\/dsrmedios.com.ar\/diario\/wp-json\/wp\/v2\/comments?post=40146"}],"version-history":[{"count":1,"href":"http:\/\/dsrmedios.com.ar\/diario\/wp-json\/wp\/v2\/posts\/40146\/revisions"}],"predecessor-version":[{"id":40147,"href":"http:\/\/dsrmedios.com.ar\/diario\/wp-json\/wp\/v2\/posts\/40146\/revisions\/40147"}],"wp:featuredmedia":[{"embeddable":true,"href":"http:\/\/dsrmedios.com.ar\/diario\/wp-json\/wp\/v2\/media\/31416"}],"wp:attachment":[{"href":"http:\/\/dsrmedios.com.ar\/diario\/wp-json\/wp\/v2\/media?parent=40146"}],"wp:term":[{"taxonomy":"category","embeddable":true,"href":"http:\/\/dsrmedios.com.ar\/diario\/wp-json\/wp\/v2\/categories?post=40146"},{"taxonomy":"post_tag","embeddable":true,"href":"http:\/\/dsrmedios.com.ar\/diario\/wp-json\/wp\/v2\/tags?post=40146"}],"curies":[{"name":"wp","href":"https:\/\/api.w.org\/{rel}","templated":true}]}}