{"id":40143,"date":"2023-10-08T11:41:38","date_gmt":"2023-10-08T14:41:38","guid":{"rendered":"http:\/\/dsrmedios.com.ar\/diario\/?p=40143"},"modified":"2023-10-08T11:41:39","modified_gmt":"2023-10-08T14:41:39","slug":"francisco-pidio-que-cesen-los-ataques-en-israel-el-terrorismo-y-la-guerra-no-llevan-a-ninguna-solucion","status":"publish","type":"post","link":"http:\/\/dsrmedios.com.ar\/diario\/archivos\/40143","title":{"rendered":"Francisco pidi\u00f3 que &#8220;cesen los ataques&#8221; en Israel: &#8220;El terrorismo y la guerra no llevan a ninguna soluci\u00f3n&#8221;"},"content":{"rendered":"\n<p>El papa Francisco pidi\u00f3 que &#8220;cesen los ataques&#8221; en Israel y afirm\u00f3 que &#8220;el terrorismo y la guerra no llevan a ninguna soluci\u00f3n&#8221;.<\/p>\n\n\n\n<p><strong>&#8220;Sigo con aprehensi\u00f3n y dolor lo que est\u00e1 ocurriendo en Israel&#8221;<\/strong>, declar\u00f3 tras la oraci\u00f3n del \u00c1ngelus desde la plaza de San Pedro del Vaticano.<\/p>\n\n\n\n<p>&#8220;Traslado mi cercan\u00eda a las familias de las v\u00edctimas&#8221;, prosigui\u00f3, inform\u00f3 la agencia de noticias AFP<\/p>\n\n\n\n<blockquote class=\"wp-block-quote\">\n<p>&#8220;El terrorismo y la guerra no llevan a ninguna soluci\u00f3n, s\u00f3lo a la muerte y el sufrimiento de tantos inocentes. La guerra es una derrota. Toda guerra es una derrota. Recemos para que haya paz en Israel y en Palestina&#8221;<\/p>\n<\/blockquote>\n\n\n\n<p>&#8220;Que cesen los ataques y las armas, les pido por favor&#8221;, dijo a los fieles congregados.<\/p>\n\n\n\n<p>&#8220;El terrorismo y la guerra no llevan a ninguna soluci\u00f3n, s\u00f3lo a la muerte y el sufrimiento de tantos inocentes&#8221;, asegur\u00f3.<\/p>\n\n\n\n<p>&#8220;La guerra es una derrota. Toda guerra es una derrota. Recemos para que haya paz en Israel y en Palestina&#8221;, dijo el Papa.<\/p>\n\n\n\n<p>Fuente: telam<\/p>\n","protected":false},"excerpt":{"rendered":"<div class=\"mh-excerpt\"><p>El papa Francisco pidi\u00f3 que &#8220;cesen los ataques&#8221; en Israel y afirm\u00f3 que &#8220;el terrorismo y la guerra no llevan a ninguna soluci\u00f3n&#8221;. &#8220;Sigo con aprehensi\u00f3n y dolor lo que est\u00e1 ocurriendo en Israel&#8221;, declar\u00f3 tras la oraci\u00f3n del \u00c1ngelus desde la plaza de San Pedro del Vaticano. &#8220;Traslado mi cercan\u00eda a las familias de las v\u00edctimas&#8221;, prosigui\u00f3, inform\u00f3 la agencia de noticias AFP &#8220;El terrorismo y la guerra no llevan a ninguna soluci\u00f3n, s\u00f3lo a la muerte y el sufrimiento de tantos inocentes. La guerra es una derrota. Toda guerra es una derrota. Recemos para que haya paz en <a class=\"mh-excerpt-more\" href=\"http:\/\/dsrmedios.com.ar\/diario\/archivos\/40143\" title=\"Francisco pidi\u00f3 que &#8220;cesen los ataques&#8221; en Israel: &#8220;El terrorismo y la guerra no llevan a ninguna soluci\u00f3n&#8221;\">[Leer m\u00e1s]<\/a><\/p>\n<\/div>","protected":false},"author":8,"featured_media":4561,"comment_status":"open","ping_status":"closed","sticky":false,"template":"","format":"standard","meta":{"_jetpack_newsletter_access":""},"categories":[6],"tags":[],"jetpack_featured_media_url":"http:\/\/dsrmedios.com.ar\/diario\/wp-content\/uploads\/2018\/03\/papa.jpg","jetpack_sharing_enabled":true,"jetpack_shortlink":"https:\/\/wp.me\/p9fihK-art","_links":{"self":[{"href":"http:\/\/dsrmedios.com.ar\/diario\/wp-json\/wp\/v2\/posts\/40143"}],"collection":[{"href":"http:\/\/dsrmedios.com.ar\/diario\/wp-json\/wp\/v2\/posts"}],"about":[{"href":"http:\/\/dsrmedios.com.ar\/diario\/wp-json\/wp\/v2\/types\/post"}],"author":[{"embeddable":true,"href":"http:\/\/dsrmedios.com.ar\/diario\/wp-json\/wp\/v2\/users\/8"}],"replies":[{"embeddable":true,"href":"http:\/\/dsrmedios.com.ar\/diario\/wp-json\/wp\/v2\/comments?post=40143"}],"version-history":[{"count":1,"href":"http:\/\/dsrmedios.com.ar\/diario\/wp-json\/wp\/v2\/posts\/40143\/revisions"}],"predecessor-version":[{"id":40160,"href":"http:\/\/dsrmedios.com.ar\/diario\/wp-json\/wp\/v2\/posts\/40143\/revisions\/40160"}],"wp:featuredmedia":[{"embeddable":true,"href":"http:\/\/dsrmedios.com.ar\/diario\/wp-json\/wp\/v2\/media\/4561"}],"wp:attachment":[{"href":"http:\/\/dsrmedios.com.ar\/diario\/wp-json\/wp\/v2\/media?parent=40143"}],"wp:term":[{"taxonomy":"category","embeddable":true,"href":"http:\/\/dsrmedios.com.ar\/diario\/wp-json\/wp\/v2\/categories?post=40143"},{"taxonomy":"post_tag","embeddable":true,"href":"http:\/\/dsrmedios.com.ar\/diario\/wp-json\/wp\/v2\/tags?post=40143"}],"curies":[{"name":"wp","href":"https:\/\/api.w.org\/{rel}","templated":true}]}}