{"id":40142,"date":"2023-10-07T15:18:48","date_gmt":"2023-10-07T18:18:48","guid":{"rendered":"http:\/\/dsrmedios.com.ar\/diario\/?p=40142"},"modified":"2023-10-07T15:18:51","modified_gmt":"2023-10-07T18:18:51","slug":"nuevo-ife-quienes-pueden-cobrarlo-como-se-pide-y-que-dia-empieza-a-pagarse","status":"publish","type":"post","link":"http:\/\/dsrmedios.com.ar\/diario\/archivos\/40142","title":{"rendered":"\u201cNuevo IFE\u201d: qui\u00e9nes pueden cobrarlo, c\u00f3mo se pide y qu\u00e9 d\u00eda empieza a pagarse"},"content":{"rendered":"\n<p>El Gobierno nacional anunci\u00f3 la semana pasada el pago de un\u00a0<strong>bono de $94.000 para trabajadores informales<\/strong><em><strong>,\u00a0<\/strong><\/em>tambi\u00e9n conocido como\u00a0<strong>\u201cNuevo IFE\u201d,\u00a0<\/strong>en referencia al Ingreso Familiar de Emergencia otorgado durante la pandemia. Ya se hizo p\u00fablica la reglamentaci\u00f3n y hay fecha de pago asignada.<a rel=\"noreferrer noopener\" href=\"https:\/\/www.infobae.com\/economia\/2023\/06\/05\/como-es-el-nuevo-billete-de-1000-con-la-imagen-de-san-martin-que-prepara-el-gobierno\/\" target=\"_blank\"><\/a><a rel=\"noreferrer noopener\" href=\"https:\/\/www.infobae.com\/economia\/2023\/10\/07\/dano-irreparable-a-la-poblacion-la-argentina-pidio-que-la-eximan-de-la-garantia-de-usd-16000-millones-durante-la-apelacion-del-fallo-por-la-expropiacion-de-ypf\/\" target=\"_blank\"><\/a><\/p>\n\n\n\n<p>El dinero se pagar\u00e1 en<strong>&nbsp;dos cuotas mensuales de $47.000&nbsp;<\/strong>cada una, a cobrarse en octubre y en noviembre. La primera mitad se pagar\u00e1 desde el pr\u00f3ximo lunes, seg\u00fan terminaci\u00f3n de DNI.<\/p>\n\n\n\n<p>Seg\u00fan lo dispuesto, el bono ser\u00e1 otorgado a personas que se encuentren en \u201csituaci\u00f3n de extrema vulnerabilidad, sobre la base de los criterios objetivos establecidos en el presente decreto y en las normas complementarias y aclaratorias que se dicten para tal fin\u201d.<\/p>\n\n\n\n<h2>Cu\u00e1ndo se paga<\/h2>\n\n\n\n<p>Las inscripciones para acceder al nuevo IFE siguen habilitadas de lunes a viernes de 14 a 22 en anses.gob.ar o la app para celular Mi Anses. En ambos casos se debe ingresar con CUIL y Clave de la Seguridad Social.<\/p>\n\n\n\n<p>De acuerdo a lo informado por Anses, los pagos se realizar\u00e1n de la siguiente manera:<\/p>\n\n\n\n<p>&#8211; DNI terminados en 0, 1 y 2: cobrar\u00e1n el 9 de octubre.<\/p>\n\n\n\n<p>&#8211; DNI terminados en 3, 4 y 5: 10 de octubre.<\/p>\n\n\n\n<p>&#8211; DNI terminados en 6 y 7: 11 de octubre.<\/p>\n\n\n\n<p>&#8211; DNI terminados en 8 y 9: 12 de octubre<\/p>\n\n\n\n<h2>C\u00f3mo solicitar el bono<\/h2>\n\n\n\n<p>Para pedir el beneficio, se debe seguir una serie de pasos simples a trav\u00e9s del sistema online de Anses:<\/p>\n\n\n\n<ul>\n<li><strong>Inscripci\u00f3n en la Web<\/strong>: Los interesados deben inscribirse en la p\u00e1gina web oficial de la Anses o a trav\u00e9s de la aplicaci\u00f3n Mi Anses.<\/li>\n\n\n\n<li><strong>Horario de Inscripci\u00f3n<\/strong>: El tr\u00e1mite se puede realizar todos los d\u00edas, de 14 a 24 horas.<\/li>\n\n\n\n<li><strong>Requisitos Previos<\/strong>: Antes de iniciar el tr\u00e1mite, es necesario contar con la Clave de la Seguridad Social y una cuenta bancaria a nombre del solicitante.<\/li>\n\n\n\n<li><strong>Evaluaci\u00f3n de Elegibilidad<\/strong>: Una vez enviado el formulario de inscripci\u00f3n, la Anses realizar\u00e1 una evaluaci\u00f3n socioecon\u00f3mica y patrimonial para determinar qui\u00e9nes pueden acceder al beneficio.<\/li>\n<\/ul>\n\n\n\n<h2>Qui\u00e9nes cobran el \u201cnuevo IFE\u201d<\/h2>\n\n\n\n<p>Para recibir el bono, los postulantes deben cumplir con los siguientes requisitos b\u00e1sicos:<\/p>\n\n\n\n<ul>\n<li>Tener&nbsp;<strong>18 a\u00f1os de edad o m\u00e1s y no haber cumplido los 65&nbsp;<\/strong>a\u00f1os al 30 de septiembre de 2023.<\/li>\n\n\n\n<li>No estar recibiendo ninguna otra prestaci\u00f3n o asistencia del Estado.<\/li>\n\n\n\n<li>No tener empleo formal.<\/li>\n\n\n\n<li>Ser argentinas o nativas, por opci\u00f3n o naturalizadas, o extranjeras, estas \u00faltimas con una residencia no inferior a dos a\u00f1os anteriores a la fecha que se establezca en la normativa complementaria; debiendo todas ellas habitar en el territorio de la Rep\u00fablica Argentina durante todo el per\u00edodo citado.<\/li>\n\n\n\n<li>Encontrarse en situaci\u00f3n de vulnerabilidad econ\u00f3mica y patrimonial. Las condiciones objetivas de la situaci\u00f3n econ\u00f3mica y patrimonial indicada fueron establecidas por la normativa complementaria.<\/li>\n\n\n\n<li>Completar la solicitud, de conformidad con lo establecido en la normativa complementaria correspondiente.<\/li>\n<\/ul>\n\n\n\n<p><img decoding=\"async\" loading=\"lazy\" alt=\"El tr\u00e1mite se debe realizar de manera online, a trav\u00e9s de la APP o el sitio de Anses. (Getty)\" height=\"1414\" width=\"2121\" src=\"https:\/\/www.infobae.com\/new-resizer\/fYVjpaBAvu-BykqZCafplIIdIOE=\/arc-anglerfish-arc2-prod-infobae\/public\/UOBJB6ICDVGWFORRBYBLWN4JSU.jpg\" srcset=\"https:\/\/www.infobae.com\/new-resizer\/EtakJfXpZkl3PXz9-Mp672zp0hI=\/420x280\/filters:format(webp):quality(85)\/cloudfront-us-east-1.images.arcpublishing.com\/infobae\/UOBJB6ICDVGWFORRBYBLWN4JSU.jpg 420w,https:\/\/www.infobae.com\/new-resizer\/GI4kNEnX-0ryrfbYcbpNzl0QNA4=\/768x512\/filters:format(webp):quality(85)\/cloudfront-us-east-1.images.arcpublishing.com\/infobae\/UOBJB6ICDVGWFORRBYBLWN4JSU.jpg 768w,https:\/\/www.infobae.com\/new-resizer\/wsE7HEgSCZg8-d9HYgvm7lOAlbQ=\/992x661\/filters:format(webp):quality(85)\/cloudfront-us-east-1.images.arcpublishing.com\/infobae\/UOBJB6ICDVGWFORRBYBLWN4JSU.jpg 992w,https:\/\/www.infobae.com\/new-resizer\/pKWP858ULywmiltH-iQJksz7V5I=\/1200x800\/filters:format(webp):quality(85)\/cloudfront-us-east-1.images.arcpublishing.com\/infobae\/UOBJB6ICDVGWFORRBYBLWN4JSU.jpg 1200w,https:\/\/www.infobae.com\/new-resizer\/Wavxc6bPiJaT7iIQyHu0_cUi9lc=\/1440x960\/filters:format(webp):quality(85)\/cloudfront-us-east-1.images.arcpublishing.com\/infobae\/UOBJB6ICDVGWFORRBYBLWN4JSU.jpg 1440w\">El tr\u00e1mite se debe realizar de manera online, a trav\u00e9s de la APP o el sitio de Anses. (Getty)<\/p>\n\n\n\n<p>Adem\u00e1s, quienes soliciten el refuerzo&nbsp;<strong>no deber\u00e1n encontrarse<\/strong>:<\/p>\n\n\n\n<ul>\n<li>Percibiendo ingresos formales de ning\u00fan tipo.<\/li>\n\n\n\n<li>Bajo relaci\u00f3n de dependencia registrada en el Sector P\u00fablico Nacional, Provincial, Municipal y\/o de la Ciudad Aut\u00f3noma de Buenos Aires o en el Sector Privado.<\/li>\n\n\n\n<li>Inscripta en el R\u00e9gimen Simplificado para Peque\u00f1os Contribuyentes ni en el R\u00e9gimen de Aut\u00f3nomos.<\/li>\n\n\n\n<li>Como titular de jubilaciones, pensiones, planes, programas, prestaciones de la seguridad social, o retiros de car\u00e1cter contributivo o no contributivo, sean Nacionales, Provinciales, Municipales o de la Ciudad Aut\u00f3noma de Buenos Aires.<\/li>\n\n\n\n<li>Incluida en el Sistema de Servicios de Salud, conforme lo establezca la AFIP.<\/li>\n\n\n\n<li>Registrada como activa en el Registro de Trabajadores de Casas Particulares.<\/li>\n\n\n\n<li>Como titular de Prestaci\u00f3n por Desempleo, Programas de Empleo o Planes Sociales.<\/li>\n\n\n\n<li>Privada de la libertad, bajo cualquier modalidad.<\/li>\n\n\n\n<li>Como persona que tiene a cargo a ni\u00f1os, ni\u00f1as, adolescentes o personas mayores de edad con discapacidad titulares de alguna de las prestaciones establecidas por el R\u00e9gimen de Asignaciones Familiares, consider\u00e1ndose tambi\u00e9n, en igual medida, a la otra persona integrante del grupo familiar.<\/li>\n\n\n\n<li>Percibiendo ingresos provenientes de la Asignaci\u00f3n Universal por Hijo para Protecci\u00f3n Social, o de la Asignaci\u00f3n por Embarazo para Protecci\u00f3n Social, o del Programa de Respaldo a Estudiantes Argentinos (PROGRESAR), o del Programa Nacional de Inclusi\u00f3n Socioproductiva y Desarrollo Local \u201cPotenciar Trabajo\u201d.<\/li>\n<\/ul>\n\n\n\n<p>En tanto, las personas de entre 18 y 24 a\u00f1os podr\u00e1n acceder al bono cuando el grupo familiar supere la<strong>&nbsp;evaluaci\u00f3n socioecon\u00f3mica&nbsp;<\/strong>que se establezca a tal efecto en la normativa complementaria.<\/p>\n\n\n\n<p>El Poder Ejecutivo estableci\u00f3 tambi\u00e9n que el beneficio deber\u00e1 solicitarse ante la ANSeS, y que \u00e9sta realizar\u00e1 intercambios de informaci\u00f3n con aquellas bases de datos que administran los organismos competentes en las materias espec\u00edficas y vinculadas al cumplimiento de los requisitos, y establecer\u00e1 las normas aclaratorias y complementarias que resultaren necesarias para la administraci\u00f3n, otorgamiento, pago, control y supervisi\u00f3n.<\/p>\n\n\n\n<p>Para el Gobierno, \u201cresulta imprescindible abordar una medida que acompa\u00f1e a los sectores informales sin ingresos que no se vieron beneficiados por diferentes acciones, de manera de ayudarlos a sortear el aceleramiento de precios y el abrupto encarecimiento del costo de vida\u201d.<\/p>\n\n\n\n<p>Fuente: Infobae<\/p>\n","protected":false},"excerpt":{"rendered":"<div class=\"mh-excerpt\"><p>El Gobierno nacional anunci\u00f3 la semana pasada el pago de un\u00a0bono de $94.000 para trabajadores informales,\u00a0tambi\u00e9n conocido como\u00a0\u201cNuevo IFE\u201d,\u00a0en referencia al Ingreso Familiar de Emergencia otorgado durante la pandemia. Ya se hizo p\u00fablica la reglamentaci\u00f3n y hay fecha de pago asignada. El dinero se pagar\u00e1 en&nbsp;dos cuotas mensuales de $47.000&nbsp;cada una, a cobrarse en octubre y en noviembre. La primera mitad se pagar\u00e1 desde el pr\u00f3ximo lunes, seg\u00fan terminaci\u00f3n de DNI. Seg\u00fan lo dispuesto, el bono ser\u00e1 otorgado a personas que se encuentren en \u201csituaci\u00f3n de extrema vulnerabilidad, sobre la base de los criterios objetivos establecidos en el presente decreto <a class=\"mh-excerpt-more\" href=\"http:\/\/dsrmedios.com.ar\/diario\/archivos\/40142\" title=\"\u201cNuevo IFE\u201d: qui\u00e9nes pueden cobrarlo, c\u00f3mo se pide y qu\u00e9 d\u00eda empieza a pagarse\">[Leer m\u00e1s]<\/a><\/p>\n<\/div>","protected":false},"author":8,"featured_media":40144,"comment_status":"open","ping_status":"closed","sticky":false,"template":"","format":"standard","meta":{"_jetpack_newsletter_access":""},"categories":[6],"tags":[],"jetpack_featured_media_url":"http:\/\/dsrmedios.com.ar\/diario\/wp-content\/uploads\/2023\/10\/TJ62TF7T7WQWUN6EFMFWZGC7QY.jpg","jetpack_sharing_enabled":true,"jetpack_shortlink":"https:\/\/wp.me\/p9fihK-ars","_links":{"self":[{"href":"http:\/\/dsrmedios.com.ar\/diario\/wp-json\/wp\/v2\/posts\/40142"}],"collection":[{"href":"http:\/\/dsrmedios.com.ar\/diario\/wp-json\/wp\/v2\/posts"}],"about":[{"href":"http:\/\/dsrmedios.com.ar\/diario\/wp-json\/wp\/v2\/types\/post"}],"author":[{"embeddable":true,"href":"http:\/\/dsrmedios.com.ar\/diario\/wp-json\/wp\/v2\/users\/8"}],"replies":[{"embeddable":true,"href":"http:\/\/dsrmedios.com.ar\/diario\/wp-json\/wp\/v2\/comments?post=40142"}],"version-history":[{"count":1,"href":"http:\/\/dsrmedios.com.ar\/diario\/wp-json\/wp\/v2\/posts\/40142\/revisions"}],"predecessor-version":[{"id":40145,"href":"http:\/\/dsrmedios.com.ar\/diario\/wp-json\/wp\/v2\/posts\/40142\/revisions\/40145"}],"wp:featuredmedia":[{"embeddable":true,"href":"http:\/\/dsrmedios.com.ar\/diario\/wp-json\/wp\/v2\/media\/40144"}],"wp:attachment":[{"href":"http:\/\/dsrmedios.com.ar\/diario\/wp-json\/wp\/v2\/media?parent=40142"}],"wp:term":[{"taxonomy":"category","embeddable":true,"href":"http:\/\/dsrmedios.com.ar\/diario\/wp-json\/wp\/v2\/categories?post=40142"},{"taxonomy":"post_tag","embeddable":true,"href":"http:\/\/dsrmedios.com.ar\/diario\/wp-json\/wp\/v2\/tags?post=40142"}],"curies":[{"name":"wp","href":"https:\/\/api.w.org\/{rel}","templated":true}]}}