{"id":40138,"date":"2023-10-07T15:14:55","date_gmt":"2023-10-07T18:14:55","guid":{"rendered":"http:\/\/dsrmedios.com.ar\/diario\/?p=40138"},"modified":"2023-10-07T15:14:57","modified_gmt":"2023-10-07T18:14:57","slug":"en-comodoro-py-denunciaron-a-alberto-fernandez-por-firmar-el-decreto-que-nombro-a-figueroa-como-jueza-de-casacion","status":"publish","type":"post","link":"http:\/\/dsrmedios.com.ar\/diario\/archivos\/40138","title":{"rendered":"En Comodoro Py denunciaron a Alberto Fern\u00e1ndez por firmar el decreto que nombr\u00f3 a Figueroa como jueza de Casaci\u00f3n"},"content":{"rendered":"\n<p><strong>El presidente Alberto Fern\u00e1ndez fue denunciado<\/strong>\u00a0por los delitos de<strong>\u00a0abuso de autoridad y violaci\u00f3n de los deberes\u00a0<\/strong>por haber firmado esta semana el\u00a0<a rel=\"noreferrer noopener\" href=\"https:\/\/www.infobae.com\/politica\/2023\/10\/04\/el-gobierno-publico-el-decreto-para-que-ana-maria-figueroa-siga-siendo-jueza-por-cinco-anos-mas\/\" target=\"_blank\">decreto\u00a0<\/a>que, de manera retroactiva, dispone que<strong>\u00a0Ana Mar\u00eda Figueroa\u00a0<\/strong>siga siendo jueza en la C\u00e1mara Federal de Casaci\u00f3n pese a que el 9 de agosto pasado hab\u00eda cumplido 75 a\u00f1os y que la\u00a0<strong>Corte Suprema de Justicia<\/strong>\u00a0inform\u00f3 que hab\u00eda cesado en su cargo por alcanzar el l\u00edmite fijado en la\u00a0<strong>Constituci\u00f3n Nacional,\u00a0<\/strong>sin tener para esa fecha un nuevo nombramiento del Senado. Tambi\u00e9n aparecen acusados el ministro de Justicia\u00a0<strong>Mart\u00edn Soria\u00a0<\/strong>y el jefe de Gabinete\u00a0<strong>Jorge Rossi,<\/strong>\u00a0candidato a vicepresidente, ya que tambi\u00e9n firman el decreto que se public\u00f3 el martes pasado en el Bolet\u00edn Oficial.<a rel=\"noreferrer noopener\" href=\"https:\/\/www.infobae.com\/judiciales\/2023\/10\/07\/la-camara-del-crimen-portena-ordeno-que-todo-su-personal-vuelva-a-la-presencialidad\/\" target=\"_blank\"><\/a><a rel=\"noreferrer noopener\" href=\"https:\/\/www.infobae.com\/judiciales\/2023\/07\/17\/a-tres-anos-de-la-fiesta-en-olivos-el-juez-espera-una-definicion-de-la-corte-para-firmar-el-sobreseimiento-de-alberto-fernandez\/\" target=\"_blank\"><\/a><\/p>\n\n\n\n<p>La primera denuncia la formularon los diputados de Juntos por el Cambio&nbsp;<strong>Fernando Carbajal y Pedro Galimberti,<\/strong>&nbsp;el jueves pasado y qued\u00f3 radicada en el juzgado deJuli\u00e1n Ercolini y el fiscal Eduardo Taiano. \u201cNombrar a una persona que ya no posee los requisitos legales para ser Jueza es ilegal y delictivo. Tambi\u00e9n lo es la designaci\u00f3n retroactiva en un cargo ya extinguido. Las nuevas designaciones son para \u2018mantener\u2019 en el cargo a quien lo viene ejerciendo, no para reinstalar en el mismo a quien ya ha cesado, como es el caso de Figueroa\u201d, sostuvieron.<\/p>\n\n\n\n<p>Este viernes, una nueva denuncia por parte del abogado&nbsp;<strong>Pedro Pablo Pusineri<\/strong>, que es profesor de UCEMA y USAL, fue asesor en la C\u00e1mara de Diputados y es consejero del Colegio P\u00fablico de Abogados de la Capital Federal. Ya hab\u00eda denunciado el 10 de agosto a Figueroa por&nbsp;<strong>\u201cusurpaci\u00f3n de t\u00edtulos y honores\u201d.<\/strong>&nbsp;\u201cLa denuncia es como ciudadano y hombre de derecho. Esto es un hecho grav\u00edsimo porque es un poder del Estado que desconoce de un resoluci\u00f3n del m\u00e1s alto tribunal en materia constitucional que es la Corte Suprema\u201d, dijo a&nbsp;<strong>Infobae<\/strong>. Este expediente fue sorteado en el juzgado de&nbsp;<strong>Sebasti\u00e1n Ramos,<\/strong>&nbsp;con la intervenci\u00f3n de&nbsp;<strong>Carlos Stornelli.<\/strong><\/p>\n\n\n\n<p>El objeto de la denuncia es el mismo: el decreto 502\/2023 que Alberto Fern\u00e1ndez, Soria y Rossi firmaron y que reza:&nbsp;<strong>\u201cN\u00f3mbrase, por el t\u00e9rmino de CINCO (5) a\u00f1os a partir del 9 de agosto de 2023, VOCAL DE LA C\u00c1MARA FEDERAL DE CASACI\u00d3N PENAL a la doctora Ana Mar\u00eda FIGUEROA (D.N.I. N\u00ba 4.677.857), quien oportunamente fue nombrada por el PODER EJECUTIVO NACIONAL para desempe\u00f1ar dicho cargo<\/strong>&nbsp;mediante el Decreto N\u00b0 1896 del 21 de noviembre de 2011 y trasladada mediante el Decreto N\u00b0 143 del 4 de febrero de 2013\u2033.<\/p>\n\n\n\n<p><img decoding=\"async\" loading=\"lazy\" alt=\"Ana Mar\u00eda Figueroa\" height=\"1080\" width=\"1920\" src=\"https:\/\/www.infobae.com\/new-resizer\/rVkyitKp85gzLs88ePvulbP81SY=\/arc-anglerfish-arc2-prod-infobae\/public\/4VHEWFGEVBDXZLNPBC4SDPLIK4.jpg\" srcset=\"https:\/\/www.infobae.com\/new-resizer\/_-RJGG-lsrNb6KaDvffSfY4G99I=\/420x236\/filters:format(webp):quality(85)\/cloudfront-us-east-1.images.arcpublishing.com\/infobae\/4VHEWFGEVBDXZLNPBC4SDPLIK4.jpg 420w,https:\/\/www.infobae.com\/new-resizer\/OtDTGpal2YZQILpKnaSADbAYgG4=\/768x432\/filters:format(webp):quality(85)\/cloudfront-us-east-1.images.arcpublishing.com\/infobae\/4VHEWFGEVBDXZLNPBC4SDPLIK4.jpg 768w,https:\/\/www.infobae.com\/new-resizer\/-Louqq3SJBpjqV30YsWinv0eDtg=\/992x558\/filters:format(webp):quality(85)\/cloudfront-us-east-1.images.arcpublishing.com\/infobae\/4VHEWFGEVBDXZLNPBC4SDPLIK4.jpg 992w,https:\/\/www.infobae.com\/new-resizer\/1bR72-_cvKmL3iPotiV2xXaDNUY=\/1200x675\/filters:format(webp):quality(85)\/cloudfront-us-east-1.images.arcpublishing.com\/infobae\/4VHEWFGEVBDXZLNPBC4SDPLIK4.jpg 1200w,https:\/\/www.infobae.com\/new-resizer\/03O6rdaUYHT-gArJxkxlSQPpM74=\/1440x810\/filters:format(webp):quality(85)\/cloudfront-us-east-1.images.arcpublishing.com\/infobae\/4VHEWFGEVBDXZLNPBC4SDPLIK4.jpg 1440w\">Ana Mar\u00eda Figueroa<\/p>\n\n\n\n<p>Figueroa era la presidenta de la C\u00e1mara de Casaci\u00f3n Penal y ten\u00eda bajo su \u00f3rbita la revisi\u00f3n de dos fallos claves para la pol\u00edtica: resolver si mandaba a juicio a Cristina Kirchner en las causas Los Sauces-Hotesur y Memor\u00e1ndum con Ir\u00e1n, porque los tribunales orales que interven\u00edan resolvieron a fines de 2021 sobreseerla. El 9 de agosto pasado, cumpli\u00f3 75 a\u00f1os. Durante todo este a\u00f1o, el oficialismo intent\u00f3 aprobar su pliego en el Senado para mantenerla durante cinco a\u00f1os m\u00e1s, pero las cosas se complicaron porque se perdi\u00f3 el qu\u00f3rum en el Senado.<\/p>\n\n\n\n<p>Figueroa sigui\u00f3 yendo a su despacho, aunque no firm\u00f3 fallos. En sinton\u00eda con el viceministro de Justicia Juan Mart\u00edn Mena, dijo que hab\u00eda que esperar que el Senado completara el a\u00f1o parlamentario porque se trataba de un acto complejo y exist\u00edan otros casos cuyos pliegos se aprobaron despu\u00e9s de los 75. Pero para esa altura Casaci\u00f3n ya hab\u00eda enviado copias a la Corte y al Consejo de la Magistratura advirtiendo que Figueroa podr\u00eda haber cesado en sus funciones aquel 9 de agosto.<\/p>\n\n\n\n<p>El 5 de septiembre, Casaci\u00f3n llam\u00f3 a un plenario que encabez\u00f3 la propia Figueroa. Ella dijo que evaluaba pedir licencia. El debate era si para esa altura pod\u00eda hacerlo: \u00bfera a\u00fan jueza? Postergaron la reuni\u00f3n para el dia siguiente. Hubo un cuarto intermedio.<\/p>\n\n\n\n<p>En ese inter\u00edn, la Corte Suprema, con la firma de los jueces&nbsp;<strong>Horacio Rosatti, Carlos Rosenkrantz, Juan Carlos Maqueda y Ricardo Lorenzetti,<\/strong>&nbsp;sac\u00f3 una resoluci\u00f3n dando por cerrado el tema: dijo que Figueroa ya hab\u00eda cesado en su cargo. \u201cAl no prever la norma plazo de gracia alguno,&nbsp;<strong>el nombramiento debe ser anterior al d\u00eda en que el magistrado alcance la edad referida; de lo contrario, no habr\u00eda l\u00edmite temporal para la realizaci\u00f3n de ese nuevo nombramiento<\/strong>, con la absurda consecuencia de que el l\u00edmite etario se tornar\u00eda inoperante\u201d, dijeron el 6 de septiembre pasado. Figueroa se retir\u00f3 ese mismo d\u00eda del edificio.<\/p>\n\n\n\n<p>Pero casi 50 d\u00edas despu\u00e9s, el oficialismo en el Senado decidi\u00f3 aprobar el pliego de Figueroa, con un enfrentamiento abierto a la Corte Suprema a quien a inicios de a\u00f1o le inici\u00f3 juicio pol\u00edtico. Fue en una pol\u00e9mica votaci\u00f3n 35 a 35, en donde la senadora\u00a0<strong>Claudia Abdala<\/strong>, que ocupaba en ese momento la presidencia provisional del Senado porque\u00a0<strong>Cristina Kirchner<\/strong>\u00a0no estaba en ese momento presente, desempat\u00f3 con doble voto.<\/p>\n\n\n\n<p>Para esa altura, los jueces&nbsp;<strong>Diego Barroeteva\u00f1a y Daniel Petrone&nbsp;<\/strong>ya hab\u00edan ordenado las reparturas de las causas&nbsp;<strong>Hotesur-Los Sauces y Memor\u00e1ndum<\/strong>, aunque la apelaci\u00f3n de la vicepresidenta apunta a la nulidad de esa decisi\u00f3n porque entienden que deb\u00eda haber votado un tercer magistrado. Si Figueroa era jueza, para esa altura, debi\u00f3 haber sido ella, se interpret\u00f3.<\/p>\n\n\n\n<p><img decoding=\"async\" loading=\"lazy\" alt=\"Esta semana, los jueces de Casaci\u00f3n en un plenario\" height=\"1080\" width=\"1920\" src=\"https:\/\/www.infobae.com\/new-resizer\/lnqEYd_zi5MJFRIW8qEsWaUMZrw=\/arc-anglerfish-arc2-prod-infobae\/public\/4RTAS2Z2RVEHVKBD5WKRRVQJ4Q.jpg\" srcset=\"https:\/\/www.infobae.com\/new-resizer\/5T0ThROKl7_BInukGO14r6hcKxM=\/420x236\/filters:format(webp):quality(85)\/cloudfront-us-east-1.images.arcpublishing.com\/infobae\/4RTAS2Z2RVEHVKBD5WKRRVQJ4Q.jpg 420w,https:\/\/www.infobae.com\/new-resizer\/K3LafQUikKw1iGZGNlcAisHOMko=\/768x432\/filters:format(webp):quality(85)\/cloudfront-us-east-1.images.arcpublishing.com\/infobae\/4RTAS2Z2RVEHVKBD5WKRRVQJ4Q.jpg 768w,https:\/\/www.infobae.com\/new-resizer\/yqxuHOYZocE0TXf4TTwYDqtRu-E=\/992x558\/filters:format(webp):quality(85)\/cloudfront-us-east-1.images.arcpublishing.com\/infobae\/4RTAS2Z2RVEHVKBD5WKRRVQJ4Q.jpg 992w,https:\/\/www.infobae.com\/new-resizer\/0ZfEqKiXixgX8JYKBxZbwdT1Yvc=\/1200x675\/filters:format(webp):quality(85)\/cloudfront-us-east-1.images.arcpublishing.com\/infobae\/4RTAS2Z2RVEHVKBD5WKRRVQJ4Q.jpg 1200w,https:\/\/www.infobae.com\/new-resizer\/eZXDr4PUYReXKBUoIzpTYTNpBvI=\/1440x810\/filters:format(webp):quality(85)\/cloudfront-us-east-1.images.arcpublishing.com\/infobae\/4RTAS2Z2RVEHVKBD5WKRRVQJ4Q.jpg 1440w\">Esta semana, los jueces de Casaci\u00f3n en un plenario<\/p>\n\n\n\n<p>El presidente no firm\u00f3 el decreto inmediatamente. Reci\u00e9n lo hizo el 4 de octubre. En tribunales, tal como detall\u00f3&nbsp;<strong>Infobae<\/strong>,&nbsp;<a rel=\"noreferrer noopener\" href=\"https:\/\/www.infobae.com\/judiciales\/2023\/10\/05\/sin-ana-maria-figueroa-casacion-repartio-una-silla-vacante-y-hay-sospechas-de-una-jugada-detras-del-decreto\/\" target=\"_blank\">sospechan de esa demora y tambi\u00e9n de la redacci\u00f3n del texto.<\/a>&nbsp;\u201cEst\u00e1 mal hecho, fue a prop\u00f3sito\u201d, deslizaban. Figueroa a\u00fan no se present\u00f3 en Comodoro Py, como se especulaba, para retomar su cargo. En un plenario del jueves pasado, Casaci\u00f3n reparti\u00f3 una vocal\u00eda y el nombre de Figueroa juran que ni se pronunci\u00f3.<\/p>\n\n\n\n<p>Pero a la misma hora en que esa reuni\u00f3n suced\u00eda en el primer piso del edificio de Retiro, en el segundo piso de esos tribunales, aparec\u00eda la primera denuncia penal contra Alberto Fern\u00e1ndez por el decreto firmado, junto a sus funcionarios.<\/p>\n\n\n\n<p>\u201cLa actuaci\u00f3n de la mayor\u00eda del Honorable Senado de \u2018prestar el acuerdo\u2019 luego que la magistrada ces\u00f3 en el cargo, la decisi\u00f3n del Presidente del proceder igualmente al nombramiento con pleno y efectivo conocimiento del texto constitucional y la interpretaci\u00f3n de la Corte, demuestra el actuar doloso de los funcionarios intervinientes, quienes con plena y acabada conciencia de la ilicitud de su acci\u00f3n, proceden a efectuar la designaci\u00f3n ilegal, violando la norma penal\u201d, dijeron los diputados de JxC Carbajal y Galimberti.<\/p>\n\n\n\n<p>Seg\u00fan subrayaron, \u201cka acci\u00f3n reprochada se refiere exclusivamente al \u201cnombramiento\u201d; y no alcanza acci\u00f3n de \u201cproponer\u201d que la antecede, pues la misma fue legal atento que en esa oportunidad la ciudadana a\u00fan era jueza. Sin embargo si es ilegal y delictiva la acci\u00f3n de nombrarla, cuando hab\u00eda ya perdido dicho car\u00e1cter\u201d. Tambi\u00e9n apuntaron a \u201cla designaci\u00f3n con car\u00e1cter&nbsp;<strong>\u2018retroactivo<\/strong>\u2019 al d\u00eda 9 de agosto de 2023, pretendiendo conceder a la ciudadana el ejercicio de un cargo ya extinguido\u201d. &#8221;&nbsp;<strong>El Presidente ni siquiera intenta un esbozo de fundamentaci\u00f3n de semejante decisi\u00f3n,&nbsp;<\/strong>lo cual adem\u00e1s de la nulidad evidente el acto administrativo, demuestra el \u00e1nimo doloso de violar la ley\u201d, se a\u00f1adi\u00f3<\/p>\n\n\n\n<p>La denuncia de Pusineri, en tanto, sostiene que \u201cel objeto de esta denuncia penal es que el mism\u00edsimo Presidente de la Naci\u00f3n ha deso\u00eddo una decisi\u00f3n del Superior Tribunal de Justicia, que m\u00e1s all\u00e1 de la autoridad que la misma presenta por quien la dict\u00f3, no ha sido objetada formalmente, por lo tanto ha adquirido el car\u00e1cter de cosa juzgada, y por lo tanto es asimilable en sus efectos y autoridad a la ley misma, ya que la Jurisprudencia es una de las fuentes inobjetables del derecho, m\u00e1xime, en casos como el presente, cuando un Tribunal Superior , interpreta la Constituci\u00f3n Nacional\u201d.<\/p>\n\n\n\n<p>\u201cLo grave del decreto recientemente firmado por el Presidente Fern\u00e1ndez, el Titular del Poder Ejecutivo Nacional, con la intervenci\u00f3n necesaria de la Secretar\u00eda Legal y T\u00e9cnica de la Presidencia de la Naci\u00f3n y sublev\u00e1ndose a un fallo firme, concreto y especifico de la Corte, ha prorrogado la funci\u00f3n como Juez de la C\u00e1mara Federal de Casaci\u00f3n Penal, a la Dra. Ana Mar\u00eda Figueroa, pese a que cumpli\u00f3 75 a\u00f1os de edad, edad l\u00edmite impuesta por la nuestra ley fundamental, ratificada por precedentes de la Corte\u201d, asegur\u00f3.<\/p>\n\n\n\n<p>\u201cEn definitiva, a trav\u00e9s de este ardid, ut supra expuesto, y con posterioridad al fallo de la Corte que ordenaba que Figueroa hab\u00eda cesado en el cargo de Juez de la Casaci\u00f3n, el Presidente de la Naci\u00f3n, mediante un decreto ilegitimo, designa a la Dra. Figueroa en un cargo que no ya no detentaba m\u00e1s, y por lo tanto, a partir del fallo de la Corte Suprema, toda actuaci\u00f3n jurisdiccional de la nombrada podr\u00eda ser irregular, afect\u00e1ndose as\u00ed la Seguridad Jur\u00eddica de la Rep\u00fablica\u201d, se a\u00f1adi\u00f3.<\/p>\n\n\n\n<p>Fuente: Infobae<\/p>\n","protected":false},"excerpt":{"rendered":"<div class=\"mh-excerpt\"><p>El presidente Alberto Fern\u00e1ndez fue denunciado\u00a0por los delitos de\u00a0abuso de autoridad y violaci\u00f3n de los deberes\u00a0por haber firmado esta semana el\u00a0decreto\u00a0que, de manera retroactiva, dispone que\u00a0Ana Mar\u00eda Figueroa\u00a0siga siendo jueza en la C\u00e1mara Federal de Casaci\u00f3n pese a que el 9 de agosto pasado hab\u00eda cumplido 75 a\u00f1os y que la\u00a0Corte Suprema de Justicia\u00a0inform\u00f3 que hab\u00eda cesado en su cargo por alcanzar el l\u00edmite fijado en la\u00a0Constituci\u00f3n Nacional,\u00a0sin tener para esa fecha un nuevo nombramiento del Senado. Tambi\u00e9n aparecen acusados el ministro de Justicia\u00a0Mart\u00edn Soria\u00a0y el jefe de Gabinete\u00a0Jorge Rossi,\u00a0candidato a vicepresidente, ya que tambi\u00e9n firman el decreto que se <a class=\"mh-excerpt-more\" href=\"http:\/\/dsrmedios.com.ar\/diario\/archivos\/40138\" title=\"En Comodoro Py denunciaron a Alberto Fern\u00e1ndez por firmar el decreto que nombr\u00f3 a Figueroa como jueza de Casaci\u00f3n\">[Leer m\u00e1s]<\/a><\/p>\n<\/div>","protected":false},"author":8,"featured_media":16319,"comment_status":"open","ping_status":"closed","sticky":false,"template":"","format":"standard","meta":{"_jetpack_newsletter_access":""},"categories":[6],"tags":[],"jetpack_featured_media_url":"http:\/\/dsrmedios.com.ar\/diario\/wp-content\/uploads\/2019\/12\/Alberto-Fern\u00e1ndez-presidente.jpeg","jetpack_sharing_enabled":true,"jetpack_shortlink":"https:\/\/wp.me\/p9fihK-aro","_links":{"self":[{"href":"http:\/\/dsrmedios.com.ar\/diario\/wp-json\/wp\/v2\/posts\/40138"}],"collection":[{"href":"http:\/\/dsrmedios.com.ar\/diario\/wp-json\/wp\/v2\/posts"}],"about":[{"href":"http:\/\/dsrmedios.com.ar\/diario\/wp-json\/wp\/v2\/types\/post"}],"author":[{"embeddable":true,"href":"http:\/\/dsrmedios.com.ar\/diario\/wp-json\/wp\/v2\/users\/8"}],"replies":[{"embeddable":true,"href":"http:\/\/dsrmedios.com.ar\/diario\/wp-json\/wp\/v2\/comments?post=40138"}],"version-history":[{"count":1,"href":"http:\/\/dsrmedios.com.ar\/diario\/wp-json\/wp\/v2\/posts\/40138\/revisions"}],"predecessor-version":[{"id":40139,"href":"http:\/\/dsrmedios.com.ar\/diario\/wp-json\/wp\/v2\/posts\/40138\/revisions\/40139"}],"wp:featuredmedia":[{"embeddable":true,"href":"http:\/\/dsrmedios.com.ar\/diario\/wp-json\/wp\/v2\/media\/16319"}],"wp:attachment":[{"href":"http:\/\/dsrmedios.com.ar\/diario\/wp-json\/wp\/v2\/media?parent=40138"}],"wp:term":[{"taxonomy":"category","embeddable":true,"href":"http:\/\/dsrmedios.com.ar\/diario\/wp-json\/wp\/v2\/categories?post=40138"},{"taxonomy":"post_tag","embeddable":true,"href":"http:\/\/dsrmedios.com.ar\/diario\/wp-json\/wp\/v2\/tags?post=40138"}],"curies":[{"name":"wp","href":"https:\/\/api.w.org\/{rel}","templated":true}]}}