{"id":40136,"date":"2023-10-07T15:16:33","date_gmt":"2023-10-07T18:16:33","guid":{"rendered":"http:\/\/dsrmedios.com.ar\/diario\/?p=40136"},"modified":"2023-10-07T15:16:35","modified_gmt":"2023-10-07T18:16:35","slug":"javier-milei-patricia-bullrich-y-sergio-massa-condenaron-el-ataque-del-grupo-terrorista-hamas-contra-israel","status":"publish","type":"post","link":"http:\/\/dsrmedios.com.ar\/diario\/archivos\/40136","title":{"rendered":"Javier Milei, Patricia Bullrich y Sergio Massa condenaron el ataque del grupo terrorista Hamas contra Israel"},"content":{"rendered":"\n<p>Los principales<strong>&nbsp;candidatos presidenciales&nbsp;<\/strong>para las pr\u00f3ximas elecciones,&nbsp;<strong>Javier Milei, Patricia Bullrich y Sergio Massa,<\/strong>&nbsp;salieron esta ma\u00f1ana a condenar p\u00fablicamente la&nbsp;<strong>ola de ataques a\u00e9reos<\/strong>&nbsp;que lanz\u00f3 esta madrugada contra Israel el grupo terrorista Hamas, desde la&nbsp;<a rel=\"noreferrer noopener\" href=\"https:\/\/www.infobae.com\/tag\/franja-de-gaza\/\" target=\"_blank\"><strong>Franja de Gaza<\/strong><\/a>, luego de que el primer ministro anuncie que se encuentra en \u201cestado de preparativo de&nbsp;<strong>guerra<\/strong>\u201d y que moviliz\u00f3 a sus reservistas. Se sumaron al contundente rechazo que expres\u00f3 el gobierno nacional que conduce&nbsp;<strong>Alberto Fern\u00e1ndez,&nbsp;<\/strong>quien&nbsp;<strong>orden\u00f3 reforzar la seguridad de todos los \u00e1mbitos de la comunidad jud\u00eda.<\/strong><\/p>\n\n\n\n<p>La aspirante de Juntos por el Cambio, public\u00f3 un mensaje titulado, en may\u00fasculas:<em>&nbsp;\u201cCondena absoluta al&nbsp;<\/em><a rel=\"noreferrer noopener\" href=\"https:\/\/www.infobae.com\/tag\/israel\/\" target=\"_blank\"><em>ataque contra Israel<\/em><\/a><em>\u201d<\/em>. \u201cOtra vez el terrorismo est\u00e1 atacando masivamente a la poblaci\u00f3n en Israel. Por aire, por tierra y por mar, el pa\u00eds se encuentra bajo una ola de condenables atentados. La Argentina debe sumar ya mismo su repudio a este&nbsp;<strong>ataque indiscriminado.&nbsp;<\/strong>Mi coraz\u00f3n est\u00e1 con todos los israel\u00edes que sufren este bombardeo cobarde. Los violentos jam\u00e1s van a ganar\u201d, dijo la referente opositora.<\/p>\n\n\n\n<figure class=\"wp-block-image\"><img decoding=\"async\" src=\"https:\/\/www.infobae.com\/new-resizer\/wfMjYLVuS4mSe70E6e75r2M8Rio=\/arc-anglerfish-arc2-prod-infobae\/public\/VMNTHJYW2FHFJAXWMBH6IW5VY4.jpg\" alt=\"infobae\"\/><\/figure>\n\n\n\n<p>Mientras que el postulante de La Libertad Avanza (LLA),&nbsp;<strong>Javier Milei, que durante su campa\u00f1a marc\u00f3 en repetidas ocasiones su alineamiento con Israel, reposte\u00f3 el video donde el primer ministro israel\u00ed, Benjamin Netanyahu,&nbsp;<\/strong>anunci\u00f3 dr\u00e1sticas medidas para frenar la incursi\u00f3n en su territorio, que dej\u00f3, seg\u00fan las primeras cifras, 100 ciudadanos israel\u00edes muertos y cientos de heridos.\u201cMi m\u00e1s total y absoluta solidaridad para con Israel y su pleno derecho a defenderse del terrorismo\u201d, dijo el l\u00edder de los libertarios.<\/p>\n\n\n\n<figure class=\"wp-block-image\"><img decoding=\"async\" src=\"https:\/\/www.infobae.com\/new-resizer\/1rFjOAtgvAfnZQgLUeOYQheYKd0=\/arc-anglerfish-arc2-prod-infobae\/public\/CSIPIRYOFRCH5CATMEMGDBKACU.jpg\" alt=\"infobae\"\/><\/figure>\n\n\n\n<p>El candidato del oficialismo,&nbsp;<strong>Sergio Massa,&nbsp;<\/strong>difundi\u00f3 en un comunicado: \u201cCondenamos en\u00e9rgicamente los ataques terroristas que est\u00e1 sufriendo el Estado de Israel. Nos solidarizamos con el gobierno y el pueblo israel\u00ed y llamamos a un inmediato cese de la violencia. Nuestros corazones est\u00e1n con las v\u00edctimas y sus familias. Ofrecemos nuestro ayuda humanitaria a Israel y reiteramos que la paz es el \u00fanico camino\u201d.<\/p>\n\n\n\n<figure class=\"wp-block-image\"><img decoding=\"async\" src=\"https:\/\/www.infobae.com\/new-resizer\/HwsDt7fTnERWL12CSAX2zVe5kuk=\/arc-anglerfish-arc2-prod-infobae\/public\/AMFETELJ4JAXPG32VMWY4Q3LTA.jpg\" alt=\"infobae\"\/><\/figure>\n\n\n\n<p>El gobernador de C\u00f3rdoba,&nbsp;<strong>Juan Schiaretti,&nbsp;<\/strong>que se postula por&nbsp;<strong>Hacemos por Argentina,<\/strong>&nbsp;dio su visi\u00f3n poco antes de las 11.30. \u201cRepudio en\u00e9rgicamente el ataque contra Israel. Me solidarizo con el pueblo israel\u00ed que est\u00e1 sufriendo. La violencia en cualquiera de sus manifestaciones debe ser rechazada siempre. Pido por la paz, la convivencia y el cese de los ataques\u201d, desliz\u00f3.<\/p>\n\n\n\n<figure class=\"wp-block-image\"><img decoding=\"async\" src=\"https:\/\/www.infobae.com\/new-resizer\/e0UsKGKlj47fUoUsQ-gwqfzRV2U=\/arc-anglerfish-arc2-prod-infobae\/public\/Q65CYY45ONELBML57XAXXWQUBY.jpg\" alt=\"infobae\"\/><\/figure>\n\n\n\n<p>Esta ma\u00f1ana, mientras las alarmas antimisiles sonaban en el norte y sur del pa\u00eds, incluido Tel Aviv y Jerusal\u00e9n, un vocero militar del gobierno de Israel anunci\u00f3 mediante un comunicado: \u201c<strong>El Ej\u00e9rcito israel\u00ed declara el estado de alerta de guerra\u201d. Y revel\u00f3 que Ham\u00e1s hab\u00eda iniciado \u201cun lanzamiento masivo de cohetes\u201d y que \u201clos terroristas se infiltraron en territorio israel\u00ed en varios lugares&nbsp;<\/strong>\u201c. Hasta ahora, ordenaron a los civiles de la zona central y sur que permanezcan en los refugios.<\/p>\n\n\n\n<p><img decoding=\"async\" loading=\"lazy\" alt=\"Smoke rises following Israeli strikes in Gaza, October 7, 2023. REUTERS\/Mohammed Salem\" height=\"3667\" width=\"5500\" src=\"https:\/\/www.infobae.com\/new-resizer\/P_CEXhYMjIx9v7o1nqzdcy_BeuQ=\/arc-anglerfish-arc2-prod-infobae\/public\/GRQQAUAVTDP5RKPRF3ENIFUPEM.jpg\" srcset=\"https:\/\/www.infobae.com\/new-resizer\/xzltL8lm6VSbk_C4avxa_Ap0FK8=\/420x280\/filters:format(webp):quality(85)\/cloudfront-us-east-1.images.arcpublishing.com\/infobae\/GRQQAUAVTDP5RKPRF3ENIFUPEM.jpg 420w,https:\/\/www.infobae.com\/new-resizer\/zK6ipZQQZt2N75vyzTNlbMvcCpA=\/768x512\/filters:format(webp):quality(85)\/cloudfront-us-east-1.images.arcpublishing.com\/infobae\/GRQQAUAVTDP5RKPRF3ENIFUPEM.jpg 768w,https:\/\/www.infobae.com\/new-resizer\/JnZcxVy0czojqr5ndktKvVAY59s=\/992x661\/filters:format(webp):quality(85)\/cloudfront-us-east-1.images.arcpublishing.com\/infobae\/GRQQAUAVTDP5RKPRF3ENIFUPEM.jpg 992w,https:\/\/www.infobae.com\/new-resizer\/bpMnRHrXF_3mjV_45m37fFYR3rc=\/1200x800\/filters:format(webp):quality(85)\/cloudfront-us-east-1.images.arcpublishing.com\/infobae\/GRQQAUAVTDP5RKPRF3ENIFUPEM.jpg 1200w,https:\/\/www.infobae.com\/new-resizer\/9DqJtbxilvt09NQor4HF32AUnbA=\/1440x960\/filters:format(webp):quality(85)\/cloudfront-us-east-1.images.arcpublishing.com\/infobae\/GRQQAUAVTDP5RKPRF3ENIFUPEM.jpg 1440w\">Smoke rises following Israeli strikes in Gaza, October 7, 2023. REUTERS\/Mohammed Salem<\/p>\n\n\n\n<p>Adem\u00e1s de los principales candidatos presidenciales, el\u00a0<strong>Gobierno\u00a0<\/strong>tambi\u00e9n se expres\u00f3 de manera condenatoria. \u201cLa Canciller\u00eda argentina deplora los ataques armados provenientes de la Franja de Gaza contra el sur de Israel. El Gobierno argentino condena las acciones terroristas de Hamas contra el territorio israel\u00ed y hace un llamamiento para que se ponga fin a la violencia y se garantice la protecci\u00f3n de la poblaci\u00f3n civil. La Argentina manifiesta su solidaridad con el pueblo israel\u00ed y expresa sus sentidas condolencias a los familiares de las v\u00edctimas\u201d, public\u00f3 el Ministerio de Relaciones Exteriores que conduce\u00a0<strong>Santiago Cafiero<\/strong>.<\/p>\n\n\n\n<p>El presidente&nbsp;<strong>Alberto Fern\u00e1ndez&nbsp;<\/strong>replic\u00f3 el mensaje en su cuenta de la red social X. Y despu\u00e9s la portavoz presidencial, Gabriela Cerruti, inform\u00f3 que el primer mandatario orden\u00f3 \u201c<strong>reforzar la seguridad de todos los \u00e1mbitos de la comunidad jud\u00eda y dispuso el alerta en la frontera de la gendarmer\u00eda y los organismos dependientes de Migraciones, Agencia Federal de Inteligencia y PSA\u201d.<\/strong><\/p>\n\n\n\n<p>En tanto, otros dirigentes de las distintas fuerzas se sumaron con m\u00e1s mensajes de repudio contra Hamas y solidaridad con Israel. El candidato a diputado nacional por JxC,\u00a0<strong>Cristian Ritondo,\u00a0<\/strong>dijo que condena de manera \u201cabsoluta\u201d el \u201cmiserable y cobarde ataque a Israel\u201d. Y agreg\u00f3: \u201cEstamos junto al pueblo de ese querido pa\u00eds y exigimos al gobierno nacional y al presidente Alberto Fern\u00e1ndez su inmediata condena internacional\u201d.<\/p>\n\n\n\n<p>De la misma fuerza pol\u00edtica, habl\u00f3 el diputado nacional&nbsp;<strong>Ricardo L\u00f3pez Murphy:&nbsp;<\/strong>\u201cHay una guerra. La civilizaci\u00f3n de un lado, el terrorismo del otro.&nbsp;<strong>Nadie puede equivocarse de bando.&nbsp;<\/strong>Voy a defender siempre la democracia republicana. Viva Israel. Viva el mundo libre\u201d, dijo. Y m\u00e1s tarde a\u00f1adi\u00f3: \u201cYo no me olvido que el kirchnerismo firm\u00f3 el pacto con Ir\u00e1n. No me olvido que son responsables del asesinato del fiscal Nisman, ni de cada uno de sus actos en apoyo a Palestina. El kirchnerismo es enemigo de la comunidad jud\u00eda. Hoy m\u00e1s que nunca, juntos contra el terrorismo\u201d.<\/p>\n\n\n\n<p>Mientras que el candidato liberal&nbsp;<strong>Jos\u00e9 Luis Espert,&nbsp;<\/strong>que se uni\u00f3 a JxC este a\u00f1o, a\u00f1adi\u00f3: \u201cIsrael agredido por terroristas. Mi total solidaridad con el pueblo israel\u00ed y mi m\u00e1s en\u00e9rgico repudio al accionar asesino de los que est\u00e1n atacando a los civiles. Espero una urgente y contundente condena por parte del gobierno argentino\u201d, sostuvo.<\/p>\n\n\n\n<p>\u201cEn el 50 aniversario de la guerra de Yom Kippur, el terrorismo lanza sobre el Estado de Israel&nbsp;<strong>un ataque masivo y con objetivos civiles.<\/strong>&nbsp;Solidaridad con la poblaci\u00f3n de Israel y condena absoluta a la violencia terrorista. El Estado argentino deber\u00eda pronunciarse en forma categ\u00f3rica\u201d, a\u00f1adi\u00f3 el secretario de Relaciones Internacionales de la Ciudad de Buenos Aires,&nbsp;<strong>Fernando Straface.&nbsp;<\/strong>El referente de JxC en La Matanza, candidato a diputado nacional por la PBA y ex ministro de Educaci\u00f3n de Mauricio Macri,&nbsp;<strong>Alejandro Finocchiaro,&nbsp;<\/strong>a\u00f1adi\u00f3:&nbsp;<strong>\u201c<\/strong>Mi m\u00e1s amplio apoyo al Estado de Israel y a sus ciudadanos ante el brutal ataque de Hamas. Espero que \u201clos progres antisionistas\u201d (moderna forma de antisemitismo) esta vez no apoyen a los asesinos terroristas\u201d.<\/p>\n\n\n\n<p>\u201cQuiero expresar mi solidaridad con Israel frente al terrible accionar del terrorismo. La violencia nunca ser\u00e1 el camino, la paz se consigue con di\u00e1logo y sensatez\u201d, a\u00f1adi\u00f3 senador y el gobernador electo por la UCR en Mendoza,&nbsp;<strong>Alfredo Cornejo.<\/strong><a href=\"https:\/\/twitter.com\/alfredocornejo\/status\/1710659246323294687\">&nbsp;<\/a>Mientras que el radical porte\u00f1o&nbsp;<strong>Mart\u00edn Lousteau,&nbsp;<\/strong>que compiti\u00f3 por la jefatura de Gobierno en la PASO, expres\u00f3: \u201cCondenamos en\u00e9rgicamente el ataque de Hamas al Estado de Israel. Nuestra solidaridad para con las v\u00edctimas, sus familias y la totalidad del pueblo israel\u00ed. Abogamos por una amplio y total repudio frente a este nuevo acto de terrorismo que agrede el derecho a existir del Estado de Israel y lesiona el orden internacional\u201d.<\/p>\n\n\n\n<p>El secretario de Asuntos P\u00fablicos del gobierno porte\u00f1o,&nbsp;<strong>Waldo Wolff&nbsp;<\/strong>expres\u00f3 su consternaci\u00f3n por la situaci\u00f3n. \u201cMi solidaridad con el Estado de Israel, su poblaci\u00f3n, y mi pleno apoyo a su leg\u00edtimo derecho a defenderse\u201d, public\u00f3 en su cuenta personal de la red social X. Wolff tiene familiares directos en la zona de conflicto. Desde hace dos a\u00f1os, su hijo,<strong>&nbsp;Marco Wolff<\/strong>, es arquero en el club de f\u00fatbol de primera divisi\u00f3n, el&nbsp;<strong>Maccabi Petah Tikva<\/strong>.<\/p>\n\n\n\n<figure class=\"wp-block-image\"><img decoding=\"async\" src=\"https:\/\/www.infobae.com\/new-resizer\/-AT_wh77est1Si2bwUi6BsuTEyI=\/arc-anglerfish-arc2-prod-infobae\/public\/DILT62ZLPJE35AYUNCWU4M6HHI.jpg\" alt=\"infobae\"\/><\/figure>\n\n\n\n<p>La compa\u00f1era de f\u00f3rmula de Milei,&nbsp;<strong>Victoria Villarruel,&nbsp;<\/strong>se sum\u00f3 a las declaraciones de su l\u00edder: \u201cRepudio los ataques terroristas ocurridos hoy sobre las ciudades de Israel.<strong>&nbsp;Rechazo toda agresi\u00f3n contra la poblaci\u00f3n civil.&nbsp;<\/strong>Abogo por el respeto a los DDHH y la protecci\u00f3n especial a los civiles del conflicto en Medio Oriente que lleva d\u00e9cadas. Mis condolencias a las familias de los asesinados y heridos\u201d, dijo. De la misma fuerza pol\u00edtica tambi\u00e9n habl\u00f3 el primer candidato a diputado nacional por CABA,&nbsp;<strong>Alberto \u201cBertie\u201d Benegas Lynch:&nbsp;<\/strong>\u201cDespu\u00e9s de los actos terroristas de Hamas sobre Israel y su poblaci\u00f3n civil, todo el mundo civilizado debe hacer un frente com\u00fan para actuar en la b\u00fasqueda de los responsables y ejercer una&nbsp;<strong>r\u00e9plica implacable que siente un firme precedente&nbsp;<\/strong>de que estas cosas jam\u00e1s ser\u00e1n aceptadas\u201d.<\/p>\n\n\n\n<p>La empresaria&nbsp;<strong>Diana Mondino,&nbsp;<\/strong>que ser\u00eda canciller si Milei ganara las elecciones, agreg\u00f3: \u201cEspero que desde Canciller\u00eda ya est\u00e9n arbitrando los medios para ayudar a los argentinos en Ofakim y otros kibbutzim. Llegan noticias de que habr\u00eda rehenes argentinos. Hay resoluciones de Naciones Unidas que se deben cumplir. Estamos para ayudar en lo que sea necesario\u201d.<\/p>\n\n\n\n<p>Del oficialismo fueron pocos los referentes que se expresaron, m\u00e1s all\u00e1 del principal candidato, Massa, y el jefe de Estado,&nbsp;<strong>Alberto Fern\u00e1ndez.<\/strong>&nbsp;El ministro de Seguridad,&nbsp;<strong>An\u00edbal Fern\u00e1ndez&nbsp;<\/strong>se limit\u00f3 a describir: \u201cIsrael declar\u00f3 el estado de guerra tras el ataque masivo del grupo terrorista Hamas desde la Franja de Gaza. El ministro de Defensa israel\u00ed, Yoav Gallant, expres\u00f3 que el grupo rebelde \u201ccometi\u00f3 un grave error y cargar\u00e1 con las consecuencias\u201d. Y pasadas las 12.30 el candidato a jefe de gobierno porte\u00f1o por UP, de origen radical,&nbsp;<strong>Leandro Santoro<\/strong>, escribi\u00f3 en X: \u201cLas im\u00e1genes que llegan desde Israel son espeluznantes. Mi m\u00e1s en\u00e9rgico repudio al terrorismo de Ham\u00e1s y toda mi solidaridad para el pueblo Israel\u00ed en este horrendo momento. Solo la paz garantiza el orden democr\u00e1tico y el estado de derecho, nunca la violencia\u201d.<\/p>\n\n\n\n<p>Pero la vicepresidenta, Cristina Kirchner, se manten\u00eda en silencio, al igual que el ministro del Interior,&nbsp;<strong>Eduardo \u201cWado\u201d de Pedro.<\/strong>&nbsp;En tanto, el gobernador bonaerense,&nbsp;<strong>Axel Kicillof,<\/strong>&nbsp;y el diputado nacional&nbsp;<strong>M\u00e1ximo Kirchner&nbsp;<\/strong>siguieron con sus actividades de campa\u00f1a en el conurbano sin hacer menci\u00f3n alguna a la guerra ni en sus discursos ni en sus redes sociales.<\/p>\n\n\n\n<p>Por su parte, la\u00a0<strong>Organizaci\u00f3n Sionista Argentina (OSA)\u00a0<\/strong>exhibi\u00f3 que \u201ccondena en\u00e9rgicamente y en su m\u00e1xima expresi\u00f3n la incursi\u00f3n terrorista de Hamas hacia aldeas fronterizas, ciudades y kibutzim, y el lanzamiento indiscriminado de cohetes hacia todo el\u00a0<strong>territorio soberano de Israel\u201d.\u00a0<\/strong>Y exigieron a las autoridades y a todo el \u00e1mbito pol\u00edtico argentino \u201cel repudio expreso y sin condiciones respecto de esta agresi\u00f3n y tambi\u00e9n en los organismos internacionales\u201d. \u201cDesde nuestra entidad defenderemos cualquier accionar del Estado de Israel en defensa de sus ciudadanos ante este criminal accionar de los grupos terroristas. Siempre Con Israel\u201d, dijeron.<\/p>\n\n\n\n<p>Fuente: Infobae<\/p>\n","protected":false},"excerpt":{"rendered":"<div class=\"mh-excerpt\"><p>Los principales&nbsp;candidatos presidenciales&nbsp;para las pr\u00f3ximas elecciones,&nbsp;Javier Milei, Patricia Bullrich y Sergio Massa,&nbsp;salieron esta ma\u00f1ana a condenar p\u00fablicamente la&nbsp;ola de ataques a\u00e9reos&nbsp;que lanz\u00f3 esta madrugada contra Israel el grupo terrorista Hamas, desde la&nbsp;Franja de Gaza, luego de que el primer ministro anuncie que se encuentra en \u201cestado de preparativo de&nbsp;guerra\u201d y que moviliz\u00f3 a sus reservistas. Se sumaron al contundente rechazo que expres\u00f3 el gobierno nacional que conduce&nbsp;Alberto Fern\u00e1ndez,&nbsp;quien&nbsp;orden\u00f3 reforzar la seguridad de todos los \u00e1mbitos de la comunidad jud\u00eda. La aspirante de Juntos por el Cambio, public\u00f3 un mensaje titulado, en may\u00fasculas:&nbsp;\u201cCondena absoluta al&nbsp;ataque contra Israel\u201d. \u201cOtra vez el terrorismo <a class=\"mh-excerpt-more\" href=\"http:\/\/dsrmedios.com.ar\/diario\/archivos\/40136\" title=\"Javier Milei, Patricia Bullrich y Sergio Massa condenaron el ataque del grupo terrorista Hamas contra Israel\">[Leer m\u00e1s]<\/a><\/p>\n<\/div>","protected":false},"author":8,"featured_media":40140,"comment_status":"open","ping_status":"closed","sticky":false,"template":"","format":"standard","meta":{"_jetpack_newsletter_access":""},"categories":[6],"tags":[],"jetpack_featured_media_url":"http:\/\/dsrmedios.com.ar\/diario\/wp-content\/uploads\/2023\/10\/images-20.jpeg","jetpack_sharing_enabled":true,"jetpack_shortlink":"https:\/\/wp.me\/p9fihK-arm","_links":{"self":[{"href":"http:\/\/dsrmedios.com.ar\/diario\/wp-json\/wp\/v2\/posts\/40136"}],"collection":[{"href":"http:\/\/dsrmedios.com.ar\/diario\/wp-json\/wp\/v2\/posts"}],"about":[{"href":"http:\/\/dsrmedios.com.ar\/diario\/wp-json\/wp\/v2\/types\/post"}],"author":[{"embeddable":true,"href":"http:\/\/dsrmedios.com.ar\/diario\/wp-json\/wp\/v2\/users\/8"}],"replies":[{"embeddable":true,"href":"http:\/\/dsrmedios.com.ar\/diario\/wp-json\/wp\/v2\/comments?post=40136"}],"version-history":[{"count":1,"href":"http:\/\/dsrmedios.com.ar\/diario\/wp-json\/wp\/v2\/posts\/40136\/revisions"}],"predecessor-version":[{"id":40141,"href":"http:\/\/dsrmedios.com.ar\/diario\/wp-json\/wp\/v2\/posts\/40136\/revisions\/40141"}],"wp:featuredmedia":[{"embeddable":true,"href":"http:\/\/dsrmedios.com.ar\/diario\/wp-json\/wp\/v2\/media\/40140"}],"wp:attachment":[{"href":"http:\/\/dsrmedios.com.ar\/diario\/wp-json\/wp\/v2\/media?parent=40136"}],"wp:term":[{"taxonomy":"category","embeddable":true,"href":"http:\/\/dsrmedios.com.ar\/diario\/wp-json\/wp\/v2\/categories?post=40136"},{"taxonomy":"post_tag","embeddable":true,"href":"http:\/\/dsrmedios.com.ar\/diario\/wp-json\/wp\/v2\/tags?post=40136"}],"curies":[{"name":"wp","href":"https:\/\/api.w.org\/{rel}","templated":true}]}}