{"id":40130,"date":"2023-10-06T12:00:25","date_gmt":"2023-10-06T15:00:25","guid":{"rendered":"http:\/\/dsrmedios.com.ar\/diario\/?p=40130"},"modified":"2023-10-06T12:00:28","modified_gmt":"2023-10-06T15:00:28","slug":"horacio-rodriguez-larreta-hablo-de-su-derrota-frente-a-bullrich-en-la-interna-de-jxc-fue-un-golpe-muy-duro-no-la-vi-venir","status":"publish","type":"post","link":"http:\/\/dsrmedios.com.ar\/diario\/archivos\/40130","title":{"rendered":"Horacio Rodr\u00edguez Larreta habl\u00f3 de su derrota frente a Bullrich en la interna de JxC: \u201cFue un golpe muy duro, no la vi venir\u201d"},"content":{"rendered":"\n<p><strong>Horacio Rodr\u00edguez Larreta\u00a0<\/strong>habl\u00f3 sobre c\u00f3mo atraves\u00f3<strong>\u00a0\u201cel duelo\u201d<\/strong>, la desilusi\u00f3n, de haber sido derrotado en las<strong>\u00a0PASO<\/strong>\u00a0frente a\u00a0<strong>Patricia Bullrich<\/strong>: \u201cFue un golpe muy duro, no la vi venir\u201d<\/p>\n\n\n\n<p>\u201cEstoy recuper\u00e1ndome del golpe, tuve unos primeros d\u00edas muy duros, muy golpeado, estuve hecho mierda al principio\u201d, admiti\u00f3 el jefe de Gobierno de la Ciudad de Buenos Aires en di\u00e1logo con Luis Novaresio en&nbsp;<em>LN+<\/em>.<\/p>\n\n\n\n<p>Larreta cont\u00f3 que&nbsp;<strong>\u201cten\u00eda mucha ilusi\u00f3n\u201d<\/strong>&nbsp;de llegar a la Presidencia de la Naci\u00f3n: \u201cYo me prepar\u00e9 mucho, estudi\u00e9; m\u00e1s all\u00e1 de mi experiencia p\u00fablica, muchos a\u00f1os de conocer el Estado, los \u00faltimos a\u00f1os estudi\u00e9, me met\u00ed, aprend\u00ed, conoc\u00ed el pa\u00eds, fui a lugar donde nunca hab\u00eda estado\u201d.<\/p>\n\n\n\n<p>\u201cHasta el domingo a las 18 pens\u00e9 que pod\u00eda ganar la interna y llevar adelante el plan que tenia para la Argentina\u201d, continu\u00f3 y relat\u00f3 que esa noche \u201centre las 19 y las 21 empez\u00f3 un proceso en el que no sab\u00e9s si en tu equipo te dicen la verdad, de buena onda, tal vez no te dan el dato porque esperan mejores resultados de otras mesas&#8230;\u201d. \u201c<strong>No la vi venir y no hay encuesta que valga<\/strong>\u201d, reconoci\u00f3.<\/p>\n\n\n\n<p><\/p>\n\n\n\n<p>\u201cFue fuerte,&nbsp;<strong>me hac\u00edan sentir que iba a ser el pr\u00f3ximo presidente.<\/strong>&nbsp;Es dif\u00edcil a veces no cre\u00e9rtelo\u201d, declar\u00f3 sobre la expectativa que ten\u00eda como \u201ccandidato favorito\u201d dos a\u00f1os antes de las elecciones.<\/p>\n\n\n\n<p>Tras la derrota el pasado 13 de agosto, manifest\u00f3 que \u201ces bueno pasar el duelo, sanamente, constructivamente. Sufrir, entender\u201d. \u201cTen\u00eda esa sensaci\u00f3n de angustia, de opresi\u00f3n en el pecho que sent\u00eds que<strong>&nbsp;no quer\u00e9s levantarte de la cama, que pens\u00e1s que todo el futuro es negro<\/strong>\u201d, describi\u00f3 sus sentimientos posteriores y asegur\u00f3 que ahora est\u00e1 \u201csaliendo\u201d y \u201ctratando de entender qu\u00e9 pas\u00f3\u201d y \u201cqu\u00e9 hicimos mal\u201d.<\/p>\n\n\n\n<p><\/p>\n\n\n\n<p>\u201cCuando caes es una especie de terremoto emocional de toda la ilusi\u00f3n que tuviste, para todo lo que te preparaste, laburaste\u201d, insisti\u00f3 Larreta, quien record\u00f3 que fue \u201cmuy duro\u201d ir al b\u00fanker de Juntos por el Cambio y&nbsp;<strong>\u201crecibir un aplauso de compasi\u00f3n\u201d<\/strong>. Todo eso tras decirle a Bullrich:<strong>&nbsp;\u201cPatricia te felicito, ganaste, vamos a trabajar juntos, todo bien\u201d.<\/strong><\/p>\n\n\n\n<p><img decoding=\"async\" loading=\"lazy\" alt=\"Larreta dijo que &quot;fue muy duro&quot; ir al b\u00fanker de Juntos por el Cambio el d\u00eda de su derrota en las PASO y &quot;recibir un aplauso de compasi\u00f3n&quot; (AP Foto\/Daniel Jayo)\" height=\"1467\" width=\"2200\" src=\"https:\/\/www.infobae.com\/new-resizer\/QXDJUavp150y6Y9b2pHgSVCvrtw=\/arc-anglerfish-arc2-prod-infobae\/public\/GYCQBDLHZODWH6TDRV4PEC4YO4.jpg\" srcset=\"https:\/\/www.infobae.com\/new-resizer\/oFhNvncX0Nu7lYeVwVJ2mpvdUhc=\/420x280\/filters:format(webp):quality(85)\/cloudfront-us-east-1.images.arcpublishing.com\/infobae\/GYCQBDLHZODWH6TDRV4PEC4YO4.jpg 420w,https:\/\/www.infobae.com\/new-resizer\/GOqtq_euKS1og52qqsHzEVX4lt8=\/768x512\/filters:format(webp):quality(85)\/cloudfront-us-east-1.images.arcpublishing.com\/infobae\/GYCQBDLHZODWH6TDRV4PEC4YO4.jpg 768w,https:\/\/www.infobae.com\/new-resizer\/ic4ugvqkjGEy5kpOOtIJMu8h52E=\/992x661\/filters:format(webp):quality(85)\/cloudfront-us-east-1.images.arcpublishing.com\/infobae\/GYCQBDLHZODWH6TDRV4PEC4YO4.jpg 992w,https:\/\/www.infobae.com\/new-resizer\/mUX5ZdjhcZ-ZDuJGL_iirnrb-9w=\/1200x800\/filters:format(webp):quality(85)\/cloudfront-us-east-1.images.arcpublishing.com\/infobae\/GYCQBDLHZODWH6TDRV4PEC4YO4.jpg 1200w,https:\/\/www.infobae.com\/new-resizer\/5S6lWuzXjVVPiqs2sDd8Bw2V9Ck=\/1440x960\/filters:format(webp):quality(85)\/cloudfront-us-east-1.images.arcpublishing.com\/infobae\/GYCQBDLHZODWH6TDRV4PEC4YO4.jpg 1440w\">Larreta dijo que &#8220;fue muy duro&#8221; ir al b\u00fanker de Juntos por el Cambio el d\u00eda de su derrota en las PASO y &#8220;recibir un aplauso de compasi\u00f3n&#8221; (AP Foto\/Daniel Jayo)<\/p>\n\n\n\n<p>El jefe de Gobierno dijo que los \u201ctres d\u00edas\u201d posteriores a las Primarias recibi\u00f3 \u201cmil llamados de p\u00e9sames\u201d. No obstante, asegur\u00f3 que su carrera pol\u00edtica no termin\u00f3 pero que debe \u201creordenar objetivos\u201d: \u201cSer presidente es un medio, no un objetivo en s\u00ed mismo. Uno a veces confunde cu\u00e1l es el medio y cu\u00e1l es el fin\u201d.<\/p>\n\n\n\n<p>Consultado por el rol de&nbsp;<strong>Mauricio Macri&nbsp;<\/strong>en la interna y c\u00f3mo jug\u00f3 a favor de Bullrich, contest\u00f3: \u201cNo me cag\u00f3; tom\u00f3 una posici\u00f3n producto de lo que \u00e9l piensa que el pa\u00eds necesita y yo pienso algo diferente\u201d.<\/p>\n\n\n\n<p>Y asegur\u00f3 que no est\u00e1 \u201cen una caza de brujas interna\u201d para saber si alguien de su espacio celebr\u00f3 su derrota.<\/p>\n\n\n\n<p>De cara a los comicios del pr\u00f3ximo 22 de octubre, el alcalde porte\u00f1o ratific\u00f3 que votar\u00e1 a Bullrich: \u201cElla va a entrar al ballotage, estoy convencido. Es la mejor candidata a presidenta que tiene la Argentina\u201d.<\/p>\n\n\n\n<p>Larreta admiti\u00f3 tambi\u00e9n que no venir \u201cen la magnitud que fue\u201d la performance electoral de Javier Milei: \u201cLa concepci\u00f3n de los m\u00e9todos tradicionales que uno ten\u00eda de la pol\u00edtica hay que cuestionarlos todos\u201d, analiz\u00f3 y puso el foco en \u201cel nivel de angustia, miedo y hartazgo\u201d de la gente.<\/p>\n\n\n\n<p>Sobre el candidato libertario, sostuvo que no se imagina un pa\u00eds gobernador por \u00e9l: \u201cNo es lo que quiero para gobernar la Argentina\u201d. \u201cLo he dicho: no a la violencia, no a la agresi\u00f3n, no creo en eso\u201d, agreg\u00f3. \u201cYo propongo el acuerdo y viene el otro que propone pisarlo. Es exactamente lo contrario\u201d, remarc\u00f3.<\/p>\n\n\n\n<p>Por \u00faltimo fue consultado sobre el esc\u00e1ndalo del ex jefe de Gabinete bonaerense, Mart\u00edn Insaurralde, con la modelo Sof\u00eda Cl\u00e9rici: \u201cFue una verg\u00fcenza, un papel\u00f3n\u201d. \u201cMe lo encontr\u00e9 en Ezeiza, de casualidad total el d\u00eda que viaj\u00f3, lo vi de lejos, pero no lo salud\u00e9. Yo estaba por ir al encuentro mundial de alcaldes\u201d, cont\u00f3.<\/p>\n\n\n\n<p>Fuente: Infobae<\/p>\n","protected":false},"excerpt":{"rendered":"<div class=\"mh-excerpt\"><p>Horacio Rodr\u00edguez Larreta\u00a0habl\u00f3 sobre c\u00f3mo atraves\u00f3\u00a0\u201cel duelo\u201d, la desilusi\u00f3n, de haber sido derrotado en las\u00a0PASO\u00a0frente a\u00a0Patricia Bullrich: \u201cFue un golpe muy duro, no la vi venir\u201d \u201cEstoy recuper\u00e1ndome del golpe, tuve unos primeros d\u00edas muy duros, muy golpeado, estuve hecho mierda al principio\u201d, admiti\u00f3 el jefe de Gobierno de la Ciudad de Buenos Aires en di\u00e1logo con Luis Novaresio en&nbsp;LN+. Larreta cont\u00f3 que&nbsp;\u201cten\u00eda mucha ilusi\u00f3n\u201d&nbsp;de llegar a la Presidencia de la Naci\u00f3n: \u201cYo me prepar\u00e9 mucho, estudi\u00e9; m\u00e1s all\u00e1 de mi experiencia p\u00fablica, muchos a\u00f1os de conocer el Estado, los \u00faltimos a\u00f1os estudi\u00e9, me met\u00ed, aprend\u00ed, conoc\u00ed el pa\u00eds, fui <a class=\"mh-excerpt-more\" href=\"http:\/\/dsrmedios.com.ar\/diario\/archivos\/40130\" title=\"Horacio Rodr\u00edguez Larreta habl\u00f3 de su derrota frente a Bullrich en la interna de JxC: \u201cFue un golpe muy duro, no la vi venir\u201d\">[Leer m\u00e1s]<\/a><\/p>\n<\/div>","protected":false},"author":8,"featured_media":30592,"comment_status":"open","ping_status":"closed","sticky":false,"template":"","format":"standard","meta":{"_jetpack_newsletter_access":""},"categories":[6],"tags":[],"jetpack_featured_media_url":"http:\/\/dsrmedios.com.ar\/diario\/wp-content\/uploads\/2023\/04\/larreta.png","jetpack_sharing_enabled":true,"jetpack_shortlink":"https:\/\/wp.me\/p9fihK-arg","_links":{"self":[{"href":"http:\/\/dsrmedios.com.ar\/diario\/wp-json\/wp\/v2\/posts\/40130"}],"collection":[{"href":"http:\/\/dsrmedios.com.ar\/diario\/wp-json\/wp\/v2\/posts"}],"about":[{"href":"http:\/\/dsrmedios.com.ar\/diario\/wp-json\/wp\/v2\/types\/post"}],"author":[{"embeddable":true,"href":"http:\/\/dsrmedios.com.ar\/diario\/wp-json\/wp\/v2\/users\/8"}],"replies":[{"embeddable":true,"href":"http:\/\/dsrmedios.com.ar\/diario\/wp-json\/wp\/v2\/comments?post=40130"}],"version-history":[{"count":1,"href":"http:\/\/dsrmedios.com.ar\/diario\/wp-json\/wp\/v2\/posts\/40130\/revisions"}],"predecessor-version":[{"id":40131,"href":"http:\/\/dsrmedios.com.ar\/diario\/wp-json\/wp\/v2\/posts\/40130\/revisions\/40131"}],"wp:featuredmedia":[{"embeddable":true,"href":"http:\/\/dsrmedios.com.ar\/diario\/wp-json\/wp\/v2\/media\/30592"}],"wp:attachment":[{"href":"http:\/\/dsrmedios.com.ar\/diario\/wp-json\/wp\/v2\/media?parent=40130"}],"wp:term":[{"taxonomy":"category","embeddable":true,"href":"http:\/\/dsrmedios.com.ar\/diario\/wp-json\/wp\/v2\/categories?post=40130"},{"taxonomy":"post_tag","embeddable":true,"href":"http:\/\/dsrmedios.com.ar\/diario\/wp-json\/wp\/v2\/tags?post=40130"}],"curies":[{"name":"wp","href":"https:\/\/api.w.org\/{rel}","templated":true}]}}