{"id":40127,"date":"2023-10-07T15:09:30","date_gmt":"2023-10-07T18:09:30","guid":{"rendered":"http:\/\/dsrmedios.com.ar\/diario\/?p=40127"},"modified":"2023-10-07T15:09:34","modified_gmt":"2023-10-07T18:09:34","slug":"por-el-bombardeo-a-israel-argentina-reforzo-la-seguridad-de-la-comunidad-judia-en-el-pais","status":"publish","type":"post","link":"http:\/\/dsrmedios.com.ar\/diario\/archivos\/40127","title":{"rendered":"Por el bombardeo a Israel, Argentina reforz\u00f3 la seguridad de la comunidad jud\u00eda en el pa\u00eds"},"content":{"rendered":"\n<p>Tras el impacto mundial que generaron los ataques armados provenientes de la Franja de Gaza contra el sur de&nbsp;<strong>Israel<\/strong>, el presidente&nbsp;<strong>Alberto Fern\u00e1ndez&nbsp;<\/strong>orden\u00f3 reforzar la seguridad de la comunidad jud\u00eda en el pa\u00eds.<\/p>\n\n\n\n<p><strong>&#8220;El Gobierno argentino condena las acciones terroristas de Hamas contra el territorio israel\u00ed y hace un llamamiento para que se ponga fin a la violencia y se garantice la protecci\u00f3n de la poblaci\u00f3n civil&#8221;<\/strong>, se\u00f1al\u00f3 la Canciller\u00eda en un comunicado.<\/p>\n\n\n\n<p>En ese plano, el ministerio de Exteriores manifest\u00f3 &#8220;su solidaridad con el pueblo israel\u00ed y expresa sus sentidas condolencias a los familiares de las v\u00edctimas&#8221;.<\/p>\n\n\n\n<p>La vocera de la Presidencia,&nbsp;<strong>Gabriela Cerruti<\/strong>, confirm\u00f3 que el presidente&nbsp;<strong>&#8220;orden\u00f3 hoy reforzar la seguridad de todos los \u00e1mbitos de la comunidad jud\u00eda&#8221;.<\/strong><\/p>\n\n\n\n<figure class=\"wp-block-image\"><img decoding=\"async\" src=\"https:\/\/media.infocielo.com\/p\/739a18d3c4c8033385bc4cbfbc81ce7a\/adjuntos\/299\/imagenes\/001\/728\/0001728551\/887x0\/smart\/israeljpg.jpg\" alt=\"Desde Franja de Gaza se bombarde\u00f3 el sur de Israel. \" title=\"Desde Franja de Gaza se bombarde\u00f3 el sur de Israel. \"\/><\/figure>\n\n\n\n<p>Desde Franja de Gaza se bombarde\u00f3 el sur de Israel.<\/p>\n\n\n\n<p>Asimismo, dispuso el alerta en la frontera de la Gendarmer\u00eda y los organismos dependientes de Migraciones, Agencia Federal de Inteligencia y Polic\u00eda de Seguridad Aeroportuaria, al tiempo que&nbsp;<strong>&#8220;puso a disposici\u00f3n del gobierno de Israel la inmediata ayuda humanitaria&#8221;.<\/strong><\/p>\n\n\n\n<p>&#8220;En mi condici\u00f3n de Ministro de Seguridad de la Naci\u00f3n, hago saber que, por expresas instrucciones del presidente, pusimos en alerta general a todas las instituciones de la comunidad jud\u00eda y una alerta m\u00e1xima en fronteras&#8221;, dijo el titular del \u00e1rea, An\u00edbal Fern\u00e1ndez.<\/p>\n\n\n\n<p><strong>&#8220;He convocado a los Jefes de las Fuerzas Federales y a la Direcci\u00f3n de inteligencia criminal para mantener un seguimiemto con agencias internacionales. Alerta general a todos los objetivos israel\u00edes&#8221;,<\/strong>&nbsp;asever\u00f3.<\/p>\n\n\n\n<blockquote class=\"wp-block-quote\">\n<p>Expreso mi en\u00e9rgica condena y repudio al brutal ataque terrorista perpetrado por Ham\u00e1s desde la Franja de Gaza contra el Estado de Israel.<br><br>Reciba el pueblo de Israel toda la solidaridad de este presidente y del pueblo argentino.\u2014 Alberto Fern\u00e1ndez (@alferdez)&nbsp;<a href=\"https:\/\/twitter.com\/alferdez\/status\/1710658324784439619?ref_src=twsrc%5Etfw\">October 7, 2023<\/a><\/p>\n<\/blockquote>\n\n\n\n<p>Por los antecedentes, este ataque no es un dato menor para la Argentina.&nbsp;<strong>El 18 de julio de 1994 se produjo el mayor atentado terrorista de la historia del pa\u00eds, el ataque a la AMIA.<\/strong><\/p>\n\n\n\n<p>Aquel d\u00eda, un coche bomba se estrell\u00f3 contra la Asociaci\u00f3n Mutual Israelita Argentina, dejando un saldo de 85 muertos y 300 heridos. Adem\u00e1s, en 1992 ya se hab\u00eda producido otro episodio similar, cuando un furg\u00f3n cargado con explosivos se estrell\u00f3 contra el frente del edificio de la Embajada de Israel, dajando 22 muertes y 242 personas heridas.<\/p>\n\n\n\n<p>Fuente: Infocielo<\/p>\n","protected":false},"excerpt":{"rendered":"<div class=\"mh-excerpt\"><p>Tras el impacto mundial que generaron los ataques armados provenientes de la Franja de Gaza contra el sur de&nbsp;Israel, el presidente&nbsp;Alberto Fern\u00e1ndez&nbsp;orden\u00f3 reforzar la seguridad de la comunidad jud\u00eda en el pa\u00eds. &#8220;El Gobierno argentino condena las acciones terroristas de Hamas contra el territorio israel\u00ed y hace un llamamiento para que se ponga fin a la violencia y se garantice la protecci\u00f3n de la poblaci\u00f3n civil&#8221;, se\u00f1al\u00f3 la Canciller\u00eda en un comunicado. En ese plano, el ministerio de Exteriores manifest\u00f3 &#8220;su solidaridad con el pueblo israel\u00ed y expresa sus sentidas condolencias a los familiares de las v\u00edctimas&#8221;. La vocera de <a class=\"mh-excerpt-more\" href=\"http:\/\/dsrmedios.com.ar\/diario\/archivos\/40127\" title=\"Por el bombardeo a Israel, Argentina reforz\u00f3 la seguridad de la comunidad jud\u00eda en el pa\u00eds\">[Leer m\u00e1s]<\/a><\/p>\n<\/div>","protected":false},"author":8,"featured_media":40132,"comment_status":"open","ping_status":"closed","sticky":false,"template":"","format":"standard","meta":{"_jetpack_newsletter_access":""},"categories":[6],"tags":[],"jetpack_featured_media_url":"http:\/\/dsrmedios.com.ar\/diario\/wp-content\/uploads\/2023\/10\/israel2jpg.webp","jetpack_sharing_enabled":true,"jetpack_shortlink":"https:\/\/wp.me\/p9fihK-ard","_links":{"self":[{"href":"http:\/\/dsrmedios.com.ar\/diario\/wp-json\/wp\/v2\/posts\/40127"}],"collection":[{"href":"http:\/\/dsrmedios.com.ar\/diario\/wp-json\/wp\/v2\/posts"}],"about":[{"href":"http:\/\/dsrmedios.com.ar\/diario\/wp-json\/wp\/v2\/types\/post"}],"author":[{"embeddable":true,"href":"http:\/\/dsrmedios.com.ar\/diario\/wp-json\/wp\/v2\/users\/8"}],"replies":[{"embeddable":true,"href":"http:\/\/dsrmedios.com.ar\/diario\/wp-json\/wp\/v2\/comments?post=40127"}],"version-history":[{"count":1,"href":"http:\/\/dsrmedios.com.ar\/diario\/wp-json\/wp\/v2\/posts\/40127\/revisions"}],"predecessor-version":[{"id":40133,"href":"http:\/\/dsrmedios.com.ar\/diario\/wp-json\/wp\/v2\/posts\/40127\/revisions\/40133"}],"wp:featuredmedia":[{"embeddable":true,"href":"http:\/\/dsrmedios.com.ar\/diario\/wp-json\/wp\/v2\/media\/40132"}],"wp:attachment":[{"href":"http:\/\/dsrmedios.com.ar\/diario\/wp-json\/wp\/v2\/media?parent=40127"}],"wp:term":[{"taxonomy":"category","embeddable":true,"href":"http:\/\/dsrmedios.com.ar\/diario\/wp-json\/wp\/v2\/categories?post=40127"},{"taxonomy":"post_tag","embeddable":true,"href":"http:\/\/dsrmedios.com.ar\/diario\/wp-json\/wp\/v2\/tags?post=40127"}],"curies":[{"name":"wp","href":"https:\/\/api.w.org\/{rel}","templated":true}]}}