{"id":40124,"date":"2023-10-06T11:58:55","date_gmt":"2023-10-06T14:58:55","guid":{"rendered":"http:\/\/dsrmedios.com.ar\/diario\/?p=40124"},"modified":"2023-10-06T11:59:03","modified_gmt":"2023-10-06T14:59:03","slug":"el-boletin-de-calificaciones-de-boca-juniors-ante-palmeiras-chiquito-romero-superlativo-y-un-almiron-que-dejo-dudas","status":"publish","type":"post","link":"http:\/\/dsrmedios.com.ar\/diario\/archivos\/40124","title":{"rendered":"El bolet\u00edn de calificaciones de Boca Juniors ante Palmeiras: Chiquito Romero superlativo y un Almir\u00f3n que dej\u00f3 dudas"},"content":{"rendered":"\n<p>Boca Juniors se clasific\u00f3 a la final de la Copa Libertadores despu\u00e9s de eliminar a Palmeiras en San Pablo. Luego del 1-1 en tiempo reglamentario,\u00a0<a rel=\"noreferrer noopener\" href=\"https:\/\/www.infobae.com\/deportes\/2023\/10\/05\/boca-juniors-y-palmeiras-definen-en-brasil-el-segundo-finalista-de-la-copa-libertadores-en-vivo-hora-tv-y-formaciones\/\" target=\"_blank\"><em><strong>Chiquito\u00a0<\/strong><\/em><strong>Romero volvi\u00f3 a lucirse en la tanda de penales<\/strong><\/a>, ataj\u00f3 dos y meti\u00f3 al equipo de la Ribera en el cotejo decisivo del 4 de noviembre en el\u00a0<em>Maracan\u00e1<\/em>, donde se medir\u00e1 con el carioca Fluminense. El arquero misionero fue el gran destacado en la noche brasile\u00f1a, mientras que hubo varios puntos altos. Por su parte,\u00a0<strong>Jorge Almir\u00f3n<\/strong>\u00a0gener\u00f3 dudas con sus cambios y no termin\u00f3 de convencer con el plan de juego adoptado en el segundo tiempo.<a rel=\"noreferrer noopener\" href=\"https:\/\/www.infobae.com\/deportes\/2023\/09\/10\/estallaron-los-memes-por-el-triunfo-de-boca-ante-almagro-el-doble-9-de-almiron-chiquito-romero-y-los-benditos-los-penales\/\" target=\"_blank\"><\/a><\/p>\n\n\n\n<p><strong>Sergio Romero (10):<\/strong>&nbsp;Descomunal, impactante, deslumbrante. Actuaci\u00f3n hist\u00f3rica que quedar\u00e1 para la posteridad. Despu\u00e9s de una primera parte en la que mostr\u00f3 firmeza, Chiquito se luci\u00f3 una y otra vez en el complemento, donde fue peloteado. Sobre todo cuando Palmeiras qued\u00f3 con superioridad num\u00e9rica por la expulsi\u00f3n de Rojo. Aunque pareci\u00f3 que pudo haber hecho algo m\u00e1s en el empate de Piquerez, la repetici\u00f3n mostr\u00f3 que el tiro se desvi\u00f3 en Equi Fern\u00e1ndez y el arquero qued\u00f3 tapado por Valdez. La cachete\u00f3, pero no lleg\u00f3 a desviarla. En tiempo de descuento, le sac\u00f3 una chilena infernal a Rony y m\u00e1s tarde le ahog\u00f3 el tanto del triunfo a Endrick. En los penales, hizo lo tuyo: les prometi\u00f3 a los compa\u00f1eros que atajar\u00eda dos penales y contuvo las ejecuciones de Raphael Veiga y Gustavo G\u00f3mez. Memorable.<\/p>\n\n\n\n<p><strong>Luis Adv\u00edncula (6):&nbsp;<\/strong>El peruano estuvo algo contenido por necesidad y planteo t\u00e1ctico. No fue utilizado de extremo y se dedic\u00f3 m\u00e1s al orden defensivo que al ataque, que es su principal caracter\u00edstica. Correcto en la marca, no sufri\u00f3 la velocidad de los atacantes de Palmeiras salvo en alguna oportunidad aislada. En el segundo tiempo se salv\u00f3 de una amarilla que lo hubiera dejado sin final de Copa.<\/p>\n\n\n\n<p><strong>Nicol\u00e1s Figal (8):\u00a0<\/strong>Aunque no ven\u00eda en buen nivel, el defensor cumpli\u00f3 con su mejor actuaci\u00f3n de los \u00faltimos partidos. Hab\u00eda llegado con lo justo en lo f\u00edsico y fue estandarte en la defensa, sobre todo luego de que su compa\u00f1ero de zaga Marcos Rojo fuera expulsado.Amonestado a los 75 por protestar luego de cometerle infracci\u00f3n a Weverton en ataque. Convirti\u00f3 su penal en la tanda.<\/p>\n\n\n\n<p><strong>Marcos Rojo (5):<\/strong>&nbsp;Tuvo un primer tiempo muy firme de abajo y de arriba. Voz de mando, como siempre. En el segundo tiempo se descontrol\u00f3 tras el ingreso del juvenil Endrick. Levant\u00f3 demasiado la pierna contra Rony y se gan\u00f3 la amarilla. Al rato,&nbsp;<a rel=\"noreferrer noopener\" href=\"https:\/\/www.infobae.com\/deportes\/2023\/10\/06\/la-expulsion-de-marcos-rojo-que-dejo-a-boca-con-diez-hombres-ante-el-palmeiras-en-un-momento-dificil-de-la-semifinal-de-la-libertadores\/\" target=\"_blank\"><strong>fue amonestado por segunda vez por entrarle tarde a Kevin Macedo<\/strong><\/a>. Condicion\u00f3 al equipo y lo supo desde que el \u00e1rbitro lo ech\u00f3. El dolor permanecer\u00e1 porque ver\u00e1 la final de la Libertadores de afuera. Camino al vestuario, le pidi\u00f3 perd\u00f3n al banco.<\/p>\n\n\n\n<p><img decoding=\"async\" loading=\"lazy\" alt=\"Marcos Rojo es expulsado y se quiere morir (REUTERS\/Carla Carniel)\" height=\"1809\" width=\"2617\" src=\"https:\/\/www.infobae.com\/new-resizer\/ws7ZbXLFqwA7_QNfWAjS0vuPKZI=\/arc-anglerfish-arc2-prod-infobae\/public\/63XOH7XAL6KJ6D4GQW2D3UYNLE.jpg\" srcset=\"https:\/\/www.infobae.com\/new-resizer\/9xWT8Ozw0dBqpyg4Niu4LfnA-ic=\/420x280\/filters:format(webp):quality(85)\/cloudfront-us-east-1.images.arcpublishing.com\/infobae\/63XOH7XAL6KJ6D4GQW2D3UYNLE.jpg 420w,https:\/\/www.infobae.com\/new-resizer\/UVcpxTW7OFBK0eHXbPXYVziKnAg=\/768x512\/filters:format(webp):quality(85)\/cloudfront-us-east-1.images.arcpublishing.com\/infobae\/63XOH7XAL6KJ6D4GQW2D3UYNLE.jpg 768w,https:\/\/www.infobae.com\/new-resizer\/Yb-WGPKapYP4ZibxaH9ITeK8wlI=\/992x661\/filters:format(webp):quality(85)\/cloudfront-us-east-1.images.arcpublishing.com\/infobae\/63XOH7XAL6KJ6D4GQW2D3UYNLE.jpg 992w,https:\/\/www.infobae.com\/new-resizer\/Bo0lTh4UAFRA9qHuKvLtjGuw8lE=\/1200x800\/filters:format(webp):quality(85)\/cloudfront-us-east-1.images.arcpublishing.com\/infobae\/63XOH7XAL6KJ6D4GQW2D3UYNLE.jpg 1200w,https:\/\/www.infobae.com\/new-resizer\/B_HZC7VS02jMuSJDNK26vb7gO7E=\/1440x960\/filters:format(webp):quality(85)\/cloudfront-us-east-1.images.arcpublishing.com\/infobae\/63XOH7XAL6KJ6D4GQW2D3UYNLE.jpg 1440w\">Marcos Rojo es expulsado y se quiere morir (REUTERS\/Carla Carniel)<\/p>\n\n\n\n<p><strong>Frank Fabra (6):&nbsp;<\/strong>Similar al trabajo de Adv\u00edncula. No pudo explotar sus cualidades en la ofensiva porque debi\u00f3 estar atento a los ataques rivales. Redonde\u00f3 una correcta tarea y, sobre el final, tuvo que ser sustituido por el esfuerzo f\u00edsico realizado. Extenuado, fue reemplazado a los 82 por Saracchi.<\/p>\n\n\n\n<p><\/p>\n\n\n\n<p><strong>Cristian Medina (7):&nbsp;<\/strong>El responsable del f\u00fatbol de Boca en la mitad de cancha. Aunque apareci\u00f3 con intermitencias por el dominio del Palmeiras, la joya xeneize volvi\u00f3 a redondear una muy buena actuaci\u00f3n con circulaci\u00f3n de bal\u00f3n, tenencia y ox\u00edgeno para la marca. Iba a ser reemplazado por Campuzano, pero el cuarto \u00e1rbitro impidi\u00f3 que ocurriera en la \u00faltima ventana en la que entr\u00f3 Saracchi por Fabra. Vio la amarilla por cortar un contragolpe a los 89.<\/p>\n\n\n\n<p><strong>Pol Fern\u00e1ndez (8):<\/strong>&nbsp;Nuevamente de doble cinco junto a Equi Fern\u00e1ndez, se hizo eje y aport\u00f3 su experiencia en momentos claves del juego. Tom\u00f3 la cinta de capit\u00e1n cuando vio la roja Rojo y no se achic\u00f3 en el peor momento del equipo. Extra: convirti\u00f3 el gol decisivo y sell\u00f3 la clasificaci\u00f3n a la final.<\/p>\n\n\n\n<p><strong>Equi Fern\u00e1ndez (7):&nbsp;<\/strong>Rueda de auxilio en la mitad de cancha, no consigui\u00f3 hilvanar demasiado juego pero aport\u00f3 un despliegue conmovedor durante los 90 minutos. Hizo que el banco de Boca festejara una excursi\u00f3n en ataque y foul ganado en campo rival como si fuera un gol. Amonestado a los 75 por una falta en mitad de cancha con la que busc\u00f3 cortar el envi\u00f3n de Palmeiras.<\/p>\n\n\n\n<p><img decoding=\"async\" loading=\"lazy\" alt=\"Barco, un atrevido de los que no abundan en el f\u00fatbol de hoy (REUTERS\/Carla Carniel)\" height=\"3064\" width=\"4620\" src=\"https:\/\/www.infobae.com\/new-resizer\/qmZzGn-sLbn9tRmkzVBjDc14LJQ=\/arc-anglerfish-arc2-prod-infobae\/public\/PSK5VWFNSWEGU2TMJK35346GV4.jpg\" srcset=\"https:\/\/www.infobae.com\/new-resizer\/HEoNkUeik93Rn79RZsH533QZ0L4=\/420x280\/filters:format(webp):quality(85)\/cloudfront-us-east-1.images.arcpublishing.com\/infobae\/PSK5VWFNSWEGU2TMJK35346GV4.jpg 420w,https:\/\/www.infobae.com\/new-resizer\/BvEAIKuscKbXrSSeg4SbOadZvQw=\/768x512\/filters:format(webp):quality(85)\/cloudfront-us-east-1.images.arcpublishing.com\/infobae\/PSK5VWFNSWEGU2TMJK35346GV4.jpg 768w,https:\/\/www.infobae.com\/new-resizer\/EsxYF9VfrcGUUEtfE0Pi3oG30OU=\/992x661\/filters:format(webp):quality(85)\/cloudfront-us-east-1.images.arcpublishing.com\/infobae\/PSK5VWFNSWEGU2TMJK35346GV4.jpg 992w,https:\/\/www.infobae.com\/new-resizer\/4bFzMLe9kF6JhAA-foT2_d8VnkE=\/1200x800\/filters:format(webp):quality(85)\/cloudfront-us-east-1.images.arcpublishing.com\/infobae\/PSK5VWFNSWEGU2TMJK35346GV4.jpg 1200w,https:\/\/www.infobae.com\/new-resizer\/W8g5hl_TaXG5zzkFQoclrazYGus=\/1440x960\/filters:format(webp):quality(85)\/cloudfront-us-east-1.images.arcpublishing.com\/infobae\/PSK5VWFNSWEGU2TMJK35346GV4.jpg 1440w\">Barco, un atrevido de los que no abundan en el f\u00fatbol de hoy (REUTERS\/Carla Carniel)<\/p>\n\n\n\n<p><strong>Valent\u00edn Barco (8):<\/strong>&nbsp;Otra gran actuaci\u00f3n del&nbsp;<em>Colo<\/em>, que tiene nervios de acero. Ocult\u00f3 sus 19 a\u00f1os siendo uno de los futbolistas de Boca que m\u00e1s hizo circular y toc\u00f3 el bal\u00f3n. En el primer tiempo lastim\u00f3 con un desborde por izquierda que termin\u00f3 en centro y casi significa el segundo para la visita.&nbsp;<a rel=\"noreferrer noopener\" href=\"https:\/\/www.infobae.com\/deportes\/2023\/10\/06\/lujo-o-provocacion-la-jugada-de-valentin-barco-que-enfurecio-a-todo-palmeiras\/\" target=\"_blank\"><strong>Atrevido, se anim\u00f3 a pisar la pelota con los dos pies<\/strong><\/a>&nbsp;y en el segundo tiempo cort\u00f3 una pelota de un c\u00f3rner que casi termina siendo ol\u00edmpico. Fue reemplazado tras la expulsi\u00f3n de Rojo.<\/p>\n\n\n\n<p><strong>Miguel Merentiel (8):<\/strong>&nbsp;Espectaculares 55 minutos hasta que fue reemplazado por Bruno Valdez. Fabric\u00f3 la jugada del gol de Cavani y se devor\u00f3 a uno de los mejores defensores centrales como Gustavo G\u00f3mez, a quien le arranc\u00f3 una amarilla. Intratable en la ofensiva, generoso en la marca. Evidentemente al uruguayo, que todav\u00eda pertenece al Palmeiras, el c\u00e9sped sint\u00e9tico del estadio&nbsp;<em>Allianz Parque<\/em>&nbsp;le fue familiar.<\/p>\n\n\n\n<p><strong>Edinson Cavani (8):&nbsp;<\/strong>Conmovedor esfuerzo de un futbolista de 36 a\u00f1os que lleg\u00f3 a Boca para luchar por la Libertadores y cumpli\u00f3 el objetivo. Rompi\u00f3 su sequ\u00eda en la Copa con la conquista de su primer gol y aport\u00f3 colaboraci\u00f3n en el retroceso a lo largo de todo el partido. El uruguayo se transform\u00f3 en un defensor m\u00e1s y hasta pudo haber convertido el segundo sobre la hora con un remate que le fue a las manos a Weverton, cuando ya estaba sin aire. Fall\u00f3 en la tanda su penal, pero por fortuna para \u00e9l Chiquito Romero volvi\u00f3 a iluminarse en el arco.<\/p>\n\n\n\n<p><img decoding=\"async\" loading=\"lazy\" alt=\"La emoci\u00f3n de Cavani luego de la clasificaci\u00f3n de Boca a la final de la Libertadores (REUTERS\/Carla Carniel)\" height=\"1860\" width=\"2717\" src=\"https:\/\/www.infobae.com\/new-resizer\/0ZKm2yXp15viWiKVLKVWEqYf-RI=\/arc-anglerfish-arc2-prod-infobae\/public\/PW2DCDV2ENVLNWBGKI3VYZORPQ.jpg\" srcset=\"https:\/\/www.infobae.com\/new-resizer\/zfmZImq4b9p3t7mmZ0oADgWRBvw=\/420x280\/filters:format(webp):quality(85)\/cloudfront-us-east-1.images.arcpublishing.com\/infobae\/PW2DCDV2ENVLNWBGKI3VYZORPQ.jpg 420w,https:\/\/www.infobae.com\/new-resizer\/e6N3QB3cqIhHCPJc59-TGzF2sHw=\/768x512\/filters:format(webp):quality(85)\/cloudfront-us-east-1.images.arcpublishing.com\/infobae\/PW2DCDV2ENVLNWBGKI3VYZORPQ.jpg 768w,https:\/\/www.infobae.com\/new-resizer\/ml9vSJBVjxRCxII1g1-B400oTws=\/992x661\/filters:format(webp):quality(85)\/cloudfront-us-east-1.images.arcpublishing.com\/infobae\/PW2DCDV2ENVLNWBGKI3VYZORPQ.jpg 992w,https:\/\/www.infobae.com\/new-resizer\/irFMkLuyOeuqH9s0iTARKxSYasw=\/1200x800\/filters:format(webp):quality(85)\/cloudfront-us-east-1.images.arcpublishing.com\/infobae\/PW2DCDV2ENVLNWBGKI3VYZORPQ.jpg 1200w,https:\/\/www.infobae.com\/new-resizer\/QjxtwWbRSMZtJSm063K1DCk3V5U=\/1440x960\/filters:format(webp):quality(85)\/cloudfront-us-east-1.images.arcpublishing.com\/infobae\/PW2DCDV2ENVLNWBGKI3VYZORPQ.jpg 1440w\">La emoci\u00f3n de Cavani luego de la clasificaci\u00f3n de Boca a la final de la Libertadores (REUTERS\/Carla Carniel)<\/p>\n\n\n\n<p><strong>Bruno Valdez (7):<\/strong>&nbsp;Ingres\u00f3 al minuto 55 para sustituir a Merentiel y armar una l\u00ednea de cinco hombres en el fondo. En un momento caliente, aport\u00f3 presencia a un bloque defensivo que resisti\u00f3 como pudo cada embate de los brasile\u00f1os. Pocos le habr\u00e1n tenido fe en la tanda de penales, pero el paraguayo que ven\u00eda de ser cuestionado por su actuaci\u00f3n en el Supercl\u00e1sico, no fall\u00f3.<\/p>\n\n\n\n<p><strong>Nicol\u00e1s Valentini (7):&nbsp;<\/strong>El&nbsp;<em>Vikingo&nbsp;<\/em>es una garant\u00eda cada vez que es necesitado por el cuerpo t\u00e9cnico. Esta vez, tuvo la responsabilidad de suplir la baja de Marcos Rojo, expulsado, y bancar la parada con uno menos. Padeci\u00f3 a Endrick por un desborde que lo dej\u00f3 mal parado y tambi\u00e9n por un patad\u00f3n en el rostro que le propin\u00f3 el delantero brasile\u00f1o. De arriba es infranqueable, de abajo no arruga. Y otra vez anot\u00f3 en tanda de penales. Sum\u00f3 cr\u00e9dito para sustituir a Rojo en la final en el Maracan\u00e1.<\/p>\n\n\n\n<p><strong>Marcelo Saracchi (-):&nbsp;<\/strong>Tuvo escasos pero buenos minutos en un momento c\u00falmine del partido. Reemplaz\u00f3 a Fabra sobre el final.<\/p>\n\n\n\n<p><strong>Jorge Almir\u00f3n (4):\u00a0<\/strong>Arm\u00f3 el equipo desde la previa del Supercl\u00e1sico. Confi\u00f3 en los once que hab\u00edan tenido una gran actuaci\u00f3n en la ida en la Bombonera y no se equivoc\u00f3. Luego de un muy buen primer tiempo de su equipo, decidi\u00f3 sacar a Merentiel a los 10 del segundo tiempo e -inexplicablemente- lo hizo retroceder con la inclusi\u00f3n de Valdez. Para colmo, Rojo fue expulsado y debi\u00f3 agotar otra ventana con la entrada de Valentini por Barco, que era uno de los m\u00e1s destacados de Boca. Sobre el final fue amonestado por protestarle a los \u00e1rbitros, que impidieron que realizara una cuarta modificaci\u00f3n (Campuzano por Medina) en la ventana en la que entr\u00f3 Saracchi por Fabra.<\/p>\n\n\n\n<p>Fuente: Infobae<\/p>\n","protected":false},"excerpt":{"rendered":"<div class=\"mh-excerpt\"><p>Boca Juniors se clasific\u00f3 a la final de la Copa Libertadores despu\u00e9s de eliminar a Palmeiras en San Pablo. Luego del 1-1 en tiempo reglamentario,\u00a0Chiquito\u00a0Romero volvi\u00f3 a lucirse en la tanda de penales, ataj\u00f3 dos y meti\u00f3 al equipo de la Ribera en el cotejo decisivo del 4 de noviembre en el\u00a0Maracan\u00e1, donde se medir\u00e1 con el carioca Fluminense. El arquero misionero fue el gran destacado en la noche brasile\u00f1a, mientras que hubo varios puntos altos. Por su parte,\u00a0Jorge Almir\u00f3n\u00a0gener\u00f3 dudas con sus cambios y no termin\u00f3 de convencer con el plan de juego adoptado en el segundo tiempo. Sergio <a class=\"mh-excerpt-more\" href=\"http:\/\/dsrmedios.com.ar\/diario\/archivos\/40124\" title=\"El bolet\u00edn de calificaciones de Boca Juniors ante Palmeiras: Chiquito Romero superlativo y un Almir\u00f3n que dej\u00f3 dudas\">[Leer m\u00e1s]<\/a><\/p>\n<\/div>","protected":false},"author":8,"featured_media":40128,"comment_status":"open","ping_status":"closed","sticky":false,"template":"","format":"standard","meta":{"_jetpack_newsletter_access":""},"categories":[2],"tags":[],"jetpack_featured_media_url":"http:\/\/dsrmedios.com.ar\/diario\/wp-content\/uploads\/2023\/10\/descarga-25.jpeg","jetpack_sharing_enabled":true,"jetpack_shortlink":"https:\/\/wp.me\/p9fihK-ara","_links":{"self":[{"href":"http:\/\/dsrmedios.com.ar\/diario\/wp-json\/wp\/v2\/posts\/40124"}],"collection":[{"href":"http:\/\/dsrmedios.com.ar\/diario\/wp-json\/wp\/v2\/posts"}],"about":[{"href":"http:\/\/dsrmedios.com.ar\/diario\/wp-json\/wp\/v2\/types\/post"}],"author":[{"embeddable":true,"href":"http:\/\/dsrmedios.com.ar\/diario\/wp-json\/wp\/v2\/users\/8"}],"replies":[{"embeddable":true,"href":"http:\/\/dsrmedios.com.ar\/diario\/wp-json\/wp\/v2\/comments?post=40124"}],"version-history":[{"count":1,"href":"http:\/\/dsrmedios.com.ar\/diario\/wp-json\/wp\/v2\/posts\/40124\/revisions"}],"predecessor-version":[{"id":40129,"href":"http:\/\/dsrmedios.com.ar\/diario\/wp-json\/wp\/v2\/posts\/40124\/revisions\/40129"}],"wp:featuredmedia":[{"embeddable":true,"href":"http:\/\/dsrmedios.com.ar\/diario\/wp-json\/wp\/v2\/media\/40128"}],"wp:attachment":[{"href":"http:\/\/dsrmedios.com.ar\/diario\/wp-json\/wp\/v2\/media?parent=40124"}],"wp:term":[{"taxonomy":"category","embeddable":true,"href":"http:\/\/dsrmedios.com.ar\/diario\/wp-json\/wp\/v2\/categories?post=40124"},{"taxonomy":"post_tag","embeddable":true,"href":"http:\/\/dsrmedios.com.ar\/diario\/wp-json\/wp\/v2\/tags?post=40124"}],"curies":[{"name":"wp","href":"https:\/\/api.w.org\/{rel}","templated":true}]}}