{"id":40114,"date":"2023-10-06T11:49:39","date_gmt":"2023-10-06T14:49:39","guid":{"rendered":"http:\/\/dsrmedios.com.ar\/diario\/?p=40114"},"modified":"2023-10-06T11:49:42","modified_gmt":"2023-10-06T14:49:42","slug":"se-profundiza-la-caida-de-la-inflacion-semanal-bajo-al-13","status":"publish","type":"post","link":"http:\/\/dsrmedios.com.ar\/diario\/archivos\/40114","title":{"rendered":"Se profundiza la ca\u00edda de la inflaci\u00f3n semanal: baj\u00f3 al 1,3%"},"content":{"rendered":"\n<p>La Secretar\u00eda de Pol\u00edtica Econ\u00f3mica inform\u00f3 este viernes que&nbsp;<strong>los precios a nivel consumidor subieron 1,3% en la \u00faltima semana de septiembre<\/strong>, lo que muestra que, a pesar de seguir en \u201cniveles muy elevados\u201d, el \u201cproceso de desaceleraci\u00f3n es significativo\u201d.<\/p>\n\n\n\n<p>De acuerdo con el relevamiento semanal que realiza la Secretaria conducida por\u00a0<strong>Gabriel Rubinstein<\/strong>, en la semana que va del 25 de septiembre al 1 de octubre los precios &#8220;habr\u00edan subido un 1,3%&#8221;.<br>Esto representa un descenso respecto del 1,7% de la tercera semana de septiembre, y del incremento del 4,8% en los siete d\u00edas posteriores a la devaluaci\u00f3n del 14 de agosto.<\/p>\n\n\n\n<p>Se trata, as\u00ed,&nbsp;<strong>la cifra m\u00e1s baja desde la semana del 13 de agosto<\/strong>.<\/p>\n\n\n\n<p>En junio y julio, el \u00edndice -en ese entonces, de divulgaci\u00f3n interna- registraba incrementos semanales de entre 1,1% y 1,8%.<\/p>\n\n\n\n<p><strong>\u201cLa inflaci\u00f3n est\u00e1 bajando. No hay dudas de ello. Con Super\u00e1vit Fiscal Primario y d\u00f3lares para bajar brechas cambiarias podr\u00eda bajar mucho m\u00e1s\u201d<\/strong>, indic\u00f3 Rubinstein en un mensaje a trav\u00e9s de su cuenta de X (Twitter).<\/p>\n\n\n\n<figure class=\"wp-block-image\"><a href=\"javascript:void(0);\"><img decoding=\"async\" src=\"https:\/\/www.telam.com.ar\/thumbs\/bluesteel\/advf\/imagenes\/2022\/11\/637421e66633a_1200.jpg\" alt=\"Gabriel Rubinstein Foto Pepe Mateos\"\/><\/a><figcaption class=\"wp-element-caption\">Gabriel Rubinstein. \/ Foto: Pepe Mateos.<\/figcaption><\/figure>\n\n\n\n<p>El informe se\u00f1al\u00f3 que&nbsp;<strong>\u201ca pesar de seguir la inflaci\u00f3n en niveles muy elevados, el proceso de desaceleraci\u00f3n es significativo\u201d<\/strong>.<\/p>\n\n\n\n<p>En el relevamiento realizado por el \u00e1rea, se registr\u00f3 que hubo subas \u201cmayores al promedio\u201d en las categor\u00edas de&nbsp;<strong>turismo&nbsp;<\/strong>(3,1%),&nbsp;<strong>indumentaria&nbsp;<\/strong>(2,5%), y&nbsp;<strong>alimentos y bebidas sin carne<\/strong>&nbsp;(1,8%).<\/p>\n\n\n\n<p>En tanto, hubo descensos en&nbsp;<strong>verduras&nbsp;<\/strong>(-2,6%),&nbsp;<strong>frutas&nbsp;<\/strong>(-0,2%) y&nbsp;<strong>carnes&nbsp;<\/strong>(-0,2%).<\/p>\n\n\n\n<p>\u201cLuego de picos del 15% en agosto en el acumulado de 4 semanas, en la cuarta semana de septiembre la cifra acumulada estimamos que fue del 7,4%, es decir, de la mitad de aquellos alt\u00edsimos registros tras las devaluaciones de agosto y la generalizaci\u00f3n a las importaciones de bienes del Impuesto PA\u00cdS\u201d, detall\u00f3 el documento.<\/p>\n\n\n\n<h2>Estimaciones para las pr\u00f3ximas semanas<\/h2>\n\n\n\n<p>De aqu\u00ed a las pr\u00f3ximas semanas, el equipo econ\u00f3mico espera que \u201clos datos confirmen el proceso de desaceleraci\u00f3n en marcha, aun cuando, como ha venido ocurriendo en todos los meses previos, las subas en las primeras semanas de cada mes suelen ser bastante mayores que las de las semanas previas\u201d.<\/p>\n\n\n\n<p>En ese sentido,&nbsp;<strong>anticipan que en la actual semana haya \u201cun alza mayor\u201d, antes de que vuelva a retomarse el proceso de baja en las tasas semanales de inflaci\u00f3n<\/strong>.<\/p>\n\n\n\n<p>&#8220;Aun cuando estos valores que rondan el 2% son muy elevados, es importante notar la fuerte baja respecto a los valores semanales de agosto&#8221;, indic\u00f3 el informe que fue publicado por la Secretar\u00eda en su cuenta de X.<\/p>\n\n\n\n<p>El \u00e1rea se\u00f1al\u00f3 que &#8220;este comportamiento de descenso de las tasas de inflaci\u00f3n se encuentra en l\u00ednea con lo esperado, al ir absorbi\u00e9ndose los efectos de la mayor devaluaci\u00f3n de agosto y el impacto del Impuesto PA\u00cdS en costos&#8221;.<\/p>\n\n\n\n<p>El relevamiento se realiza en base a diversas fuentes, incluyendo los precios online de supermercados y otros canales de comercializaci\u00f3n de una canasta representativa de productos de alimentos, bebidas, limpieza, cuidado personal, electrodom\u00e9sticos e indumentaria.<\/p>\n\n\n\n<p>Tambi\u00e9n se toman en cuenta los precios en l\u00ednea de autom\u00f3viles y medicamentos; y se realiza un relevamiento online de bienes y servicios con precios regulados a nivel nacional.<\/p>\n\n\n\n<p>El \u00e1rea aclar\u00f3 que<strong>&nbsp;estas son estimaciones &#8220;preliminares&#8221;<\/strong>&nbsp;y est\u00e1n &#8220;sujetas a ajustes, debido a la incorporaci\u00f3n de informaci\u00f3n adicional&#8221;.<\/p>\n\n\n\n<p>&#8220;Estos relevamientos o estimaciones preliminares a nivel semanal son completamente independientes de las estad\u00edsticas del IPC mensual que realiza el Indec, y no deben usarse en reemplazo de la informaci\u00f3n que provee dicho organismo&#8221;, aclar\u00f3 el documento.<\/p>\n\n\n\n<p>Fuente: TELAM<\/p>\n","protected":false},"excerpt":{"rendered":"<div class=\"mh-excerpt\"><p>La Secretar\u00eda de Pol\u00edtica Econ\u00f3mica inform\u00f3 este viernes que&nbsp;los precios a nivel consumidor subieron 1,3% en la \u00faltima semana de septiembre, lo que muestra que, a pesar de seguir en \u201cniveles muy elevados\u201d, el \u201cproceso de desaceleraci\u00f3n es significativo\u201d. De acuerdo con el relevamiento semanal que realiza la Secretaria conducida por\u00a0Gabriel Rubinstein, en la semana que va del 25 de septiembre al 1 de octubre los precios &#8220;habr\u00edan subido un 1,3%&#8221;.Esto representa un descenso respecto del 1,7% de la tercera semana de septiembre, y del incremento del 4,8% en los siete d\u00edas posteriores a la devaluaci\u00f3n del 14 de agosto. <a class=\"mh-excerpt-more\" href=\"http:\/\/dsrmedios.com.ar\/diario\/archivos\/40114\" title=\"Se profundiza la ca\u00edda de la inflaci\u00f3n semanal: baj\u00f3 al 1,3%\">[Leer m\u00e1s]<\/a><\/p>\n<\/div>","protected":false},"author":8,"featured_media":33099,"comment_status":"open","ping_status":"closed","sticky":false,"template":"","format":"standard","meta":{"_jetpack_newsletter_access":""},"categories":[6],"tags":[],"jetpack_featured_media_url":"http:\/\/dsrmedios.com.ar\/diario\/wp-content\/uploads\/2023\/05\/1010x567_supermercado-442769-181904.jpg","jetpack_sharing_enabled":true,"jetpack_shortlink":"https:\/\/wp.me\/p9fihK-ar0","_links":{"self":[{"href":"http:\/\/dsrmedios.com.ar\/diario\/wp-json\/wp\/v2\/posts\/40114"}],"collection":[{"href":"http:\/\/dsrmedios.com.ar\/diario\/wp-json\/wp\/v2\/posts"}],"about":[{"href":"http:\/\/dsrmedios.com.ar\/diario\/wp-json\/wp\/v2\/types\/post"}],"author":[{"embeddable":true,"href":"http:\/\/dsrmedios.com.ar\/diario\/wp-json\/wp\/v2\/users\/8"}],"replies":[{"embeddable":true,"href":"http:\/\/dsrmedios.com.ar\/diario\/wp-json\/wp\/v2\/comments?post=40114"}],"version-history":[{"count":1,"href":"http:\/\/dsrmedios.com.ar\/diario\/wp-json\/wp\/v2\/posts\/40114\/revisions"}],"predecessor-version":[{"id":40115,"href":"http:\/\/dsrmedios.com.ar\/diario\/wp-json\/wp\/v2\/posts\/40114\/revisions\/40115"}],"wp:featuredmedia":[{"embeddable":true,"href":"http:\/\/dsrmedios.com.ar\/diario\/wp-json\/wp\/v2\/media\/33099"}],"wp:attachment":[{"href":"http:\/\/dsrmedios.com.ar\/diario\/wp-json\/wp\/v2\/media?parent=40114"}],"wp:term":[{"taxonomy":"category","embeddable":true,"href":"http:\/\/dsrmedios.com.ar\/diario\/wp-json\/wp\/v2\/categories?post=40114"},{"taxonomy":"post_tag","embeddable":true,"href":"http:\/\/dsrmedios.com.ar\/diario\/wp-json\/wp\/v2\/tags?post=40114"}],"curies":[{"name":"wp","href":"https:\/\/api.w.org\/{rel}","templated":true}]}}