{"id":40109,"date":"2023-10-06T11:48:06","date_gmt":"2023-10-06T14:48:06","guid":{"rendered":"http:\/\/dsrmedios.com.ar\/diario\/?p=40109"},"modified":"2023-10-06T11:48:08","modified_gmt":"2023-10-06T14:48:08","slug":"para-vanoli-los-dichos-de-milei-sobre-la-cotizacion-del-dolar-podrian-ser-un-delito-penal","status":"publish","type":"post","link":"http:\/\/dsrmedios.com.ar\/diario\/archivos\/40109","title":{"rendered":"Para Vanoli, los dichos de Milei sobre la cotizaci\u00f3n del d\u00f3lar podr\u00edan ser un delito penal"},"content":{"rendered":"\n<p>El expresidente del Banco Central (BCRA), Alejandro Vanoli, pidi\u00f3 este viernes \u201cestudiar y analizar\u201d si las \u00faltimas declaraciones del candidato presidencial por La Libertad Avanza (LLA), Javier Milei, sobre el valor del tipo de cambio representan un delito al promover una<strong>&nbsp;\u201cmanipulaci\u00f3n del mercado\u201d<\/strong>, al tiempo que se\u00f1al\u00f3 que los \u00faltimos movimientos en el valor de la divisa responden a un \u201cconjunto de operadores\u201d que \u201cquieren influir electoralmente\u201d.<\/p>\n\n\n\n<p>El candidato libertario asegur\u00f3 este jueves, al entrar en una reuni\u00f3n con empresarios en Mar del Plata, que \u201ccuanto m\u00e1s alto est\u00e9 el precio del d\u00f3lar, dolarizar es m\u00e1s f\u00e1cil\u201d.<\/p>\n\n\n\n<p>\u201cEn el caso de (lo declarado por) Milei, habr\u00eda que estudiar y analizar verdaderamente si no hay una manipulaci\u00f3n del mercado y eso en la Argentina es un delito previsto en el C\u00f3digo Penal. En los delitos contra el orden econ\u00f3mico y financiero que se introdujeron en su reforma pedida por el Grupo de Acci\u00f3n Financiera Internacional (GAFI) existen estas maniobras financieras\u201d, se\u00f1al\u00f3 Vanoli esta ma\u00f1ana en di\u00e1logo con Radio 10.<\/p>\n\n\n\n<p>El extitular del BCRA evalu\u00f3 que<strong>&nbsp;\u201clos grandes capitales internacionales tienen candidatos y est\u00e1n buscando que por la v\u00eda electoral se consagre una opci\u00f3n de derecha\u201d.<\/strong><\/p>\n\n\n\n<p>\u201cB\u00e1sicamente lo que quieren es atacar por el flanco de la econom\u00eda y que se vote con un d\u00f3lar contado con liquidaci\u00f3n (CCL) cercano a $ 1.000, como est\u00e1n viendo que (Sergio) Massa se est\u00e1 recuperando, que (Patricia) Bullrich se est\u00e1 desinflando y que, de alguna forma, hay dudas sobre la proyecci\u00f3n que puede tener Milei\u201d, sostuvo.<\/p>\n\n\n\n<p>Este \u201cconjunto de operadores\u201d \u2013remarc\u00f3- \u201cgeneran un clima de opini\u00f3n y presi\u00f3n sobre el d\u00f3lar, asustando obviamente a la gente\u201d.<\/p>\n\n\n\n<p><strong>Para el exfuncionario, las variaciones en el tipo de cambio no se condicen con la econom\u00eda real.<\/strong><\/p>\n\n\n\n<p>\u201cNada cambi\u00f3 en estas tres semanas dram\u00e1ticamente como para que esto se justifique. Ya sabemos el estado de la econom\u00eda. Estos golpes de mercado siempre pasan dos o tres semanas antes de las elecciones y tienen que ver con los deseos de estos operadores porque hay gente que gana mucha plata con esto\u201d, indic\u00f3.<\/p>\n\n\n\n<p>Para Vanoli, estos \u201coperadores\u201d est\u00e1n apostando a que haya \u201cun gobierno que le quite controles a los bancos porque si no hay Banco Central, no hay nadie que los controle; o que se genere una dolarizaci\u00f3n con una gran devaluaci\u00f3n, ganando los grandes exportadores y tenedores de d\u00f3lares\u201d.<\/p>\n\n\n\n<p>\u201cCreo que el Gobierno tiene que estar bien atento estas semanas para tener los d\u00f3lares bajo control y, como bien hace (el titular de la Direcci\u00f3n General de Aduanas, Guillermo) Michel, evitar que haya picard\u00edas tanto en el frente financiero como en el de los precios\u201d, agreg\u00f3.<\/p>\n\n\n\n<p><strong>Finalmente, afirm\u00f3 que Milei no es una \u201cfigura antisistema\u201d, sino que \u201crepresenta intereses del sistema\u201d.<\/strong><\/p>\n\n\n\n<p>\u201cLo que est\u00e1 buscando precisamente es ganar las elecciones y reconfigurar el poder de la Argentina para que se produzca una gran devaluaci\u00f3n. Y, si lo hace, vamos a tener un pa\u00eds que no tendr\u00e1 la soberan\u00eda para efectuar las pol\u00edticas econ\u00f3micas que respondan a los intereses nacionales\u201d, concluy\u00f3 Vanoli.<\/p>\n\n\n\n<p>Fuente: Telam<\/p>\n","protected":false},"excerpt":{"rendered":"<div class=\"mh-excerpt\"><p>El expresidente del Banco Central (BCRA), Alejandro Vanoli, pidi\u00f3 este viernes \u201cestudiar y analizar\u201d si las \u00faltimas declaraciones del candidato presidencial por La Libertad Avanza (LLA), Javier Milei, sobre el valor del tipo de cambio representan un delito al promover una&nbsp;\u201cmanipulaci\u00f3n del mercado\u201d, al tiempo que se\u00f1al\u00f3 que los \u00faltimos movimientos en el valor de la divisa responden a un \u201cconjunto de operadores\u201d que \u201cquieren influir electoralmente\u201d. El candidato libertario asegur\u00f3 este jueves, al entrar en una reuni\u00f3n con empresarios en Mar del Plata, que \u201ccuanto m\u00e1s alto est\u00e9 el precio del d\u00f3lar, dolarizar es m\u00e1s f\u00e1cil\u201d. \u201cEn el caso <a class=\"mh-excerpt-more\" href=\"http:\/\/dsrmedios.com.ar\/diario\/archivos\/40109\" title=\"Para Vanoli, los dichos de Milei sobre la cotizaci\u00f3n del d\u00f3lar podr\u00edan ser un delito penal\">[Leer m\u00e1s]<\/a><\/p>\n<\/div>","protected":false},"author":8,"featured_media":32063,"comment_status":"open","ping_status":"closed","sticky":false,"template":"","format":"standard","meta":{"_jetpack_newsletter_access":""},"categories":[6],"tags":[],"jetpack_featured_media_url":"http:\/\/dsrmedios.com.ar\/diario\/wp-content\/uploads\/2023\/04\/javier-mileijpg-1.jpg","jetpack_sharing_enabled":true,"jetpack_shortlink":"https:\/\/wp.me\/p9fihK-aqV","_links":{"self":[{"href":"http:\/\/dsrmedios.com.ar\/diario\/wp-json\/wp\/v2\/posts\/40109"}],"collection":[{"href":"http:\/\/dsrmedios.com.ar\/diario\/wp-json\/wp\/v2\/posts"}],"about":[{"href":"http:\/\/dsrmedios.com.ar\/diario\/wp-json\/wp\/v2\/types\/post"}],"author":[{"embeddable":true,"href":"http:\/\/dsrmedios.com.ar\/diario\/wp-json\/wp\/v2\/users\/8"}],"replies":[{"embeddable":true,"href":"http:\/\/dsrmedios.com.ar\/diario\/wp-json\/wp\/v2\/comments?post=40109"}],"version-history":[{"count":1,"href":"http:\/\/dsrmedios.com.ar\/diario\/wp-json\/wp\/v2\/posts\/40109\/revisions"}],"predecessor-version":[{"id":40112,"href":"http:\/\/dsrmedios.com.ar\/diario\/wp-json\/wp\/v2\/posts\/40109\/revisions\/40112"}],"wp:featuredmedia":[{"embeddable":true,"href":"http:\/\/dsrmedios.com.ar\/diario\/wp-json\/wp\/v2\/media\/32063"}],"wp:attachment":[{"href":"http:\/\/dsrmedios.com.ar\/diario\/wp-json\/wp\/v2\/media?parent=40109"}],"wp:term":[{"taxonomy":"category","embeddable":true,"href":"http:\/\/dsrmedios.com.ar\/diario\/wp-json\/wp\/v2\/categories?post=40109"},{"taxonomy":"post_tag","embeddable":true,"href":"http:\/\/dsrmedios.com.ar\/diario\/wp-json\/wp\/v2\/tags?post=40109"}],"curies":[{"name":"wp","href":"https:\/\/api.w.org\/{rel}","templated":true}]}}