{"id":40108,"date":"2023-10-06T11:48:17","date_gmt":"2023-10-06T14:48:17","guid":{"rendered":"http:\/\/dsrmedios.com.ar\/diario\/?p=40108"},"modified":"2023-10-06T11:48:20","modified_gmt":"2023-10-06T14:48:20","slug":"octubre-rosa-en-adolfo-alsina-concientizacion-contra-el-cancer-de-mama","status":"publish","type":"post","link":"http:\/\/dsrmedios.com.ar\/diario\/archivos\/40108","title":{"rendered":"<strong>Octubre Rosa en Adolfo Alsina: concientizaci\u00f3n contra el c\u00e1ncer de mama<\/strong>"},"content":{"rendered":"\n<p>La Municipalidad de Adolfo Alsina ha iniciado la campa\u00f1a de concientizaci\u00f3n contra el c\u00e1ncer de mama, en el marco delD\u00eda Internacional de lucha contra el C\u00e1ncer de Mama que se conmemora cada 19 de octubre a nivel mundial.<\/p>\n\n\n\n<p>Desde la Secretar\u00eda de Salud se realizaron y se llevar\u00e1n a cabo diversas actividades durante todo este mes \u201cOctubre Rosa en Adolfo Alsina\u201d,&nbsp;con el objetivo de crear conciencia y promover que cada vez m\u00e1s mujeres accedan a controles, diagn\u00f3sticos y tratamientos oportunos y efectivos.<br>&nbsp;<\/p>\n\n\n\n<p>Se coloc\u00f3 el Lazo Rosa en la intersecci\u00f3n de Av. San Mart\u00edn y Av. Col\u00f3n de la ciudad de Carhu\u00e9, ciudad cabecera del partido de Adolfo Alsina. Se iluminaron el Palacio Municipal y las fuentes de la plaza Levalle de rosa; tambi\u00e9n se invitaron a los comercios a iluminar sus locales con esta tonalidad. El lema institucional en Adolfo Alsina, este mes, es \u201cTocate para que no te toque\u201d y en base a este se lleva adelante la campa\u00f1a en medios de comunicaci\u00f3n tradicionales, redes sociales, videos proyectados en dependencias municipales, pantallas en la v\u00eda p\u00fablica, etc.<\/p>\n\n\n\n<p>A lo anterior se le suman, desde el 6 y hasta el 21 de octubre,&nbsp;charlas&nbsp;en los&nbsp;colegios&nbsp;secundarios&nbsp;y abiertas a la comunidad; panel de mujeres y yoga; taller de zumba a beneficio de Carhu\u00e9 Solidario; cena y baile \u201cCelebrando la Vida\u201d para pacientes oncol\u00f3gicos; charlas para padres, caminata solidaria, y otras actividades. Toda la campa\u00f1a tendr\u00e1 lugar en Carhu\u00e9, Rivera, Villa Maza y San Miguel Arc\u00e1ngel.&nbsp;En tanto que, desde J\u00f3venes en Trama, se est\u00e1n confeccionando lazos y folleter\u00eda para entregar en la v\u00eda p\u00fablica.<\/p>\n\n\n\n<p><em><strong>Charlas<\/strong><\/em><\/p>\n\n\n\n<p>Se llevar\u00e1n a cabo en colegios secundarios del distrito, dirigidas a alumnos y padres, Tambi\u00e9n habr\u00e1 abiertas a la comunidad y estar\u00e1n a cargo de:&nbsp;Puericultora&nbsp;Agustina&nbsp;Cassou; Dra. Eliana Rippani;&nbsp;Puericultora Cecilia Mart\u00ednez; Dra. D\u00e9bora Vega; Dra. Sandra Venturini; Pamela Techera, Lic. en Pscicolog\u00eda; Dra. Diana Otero; Dra. Yosel\u00edn Saldivar.<\/p>\n\n\n\n<h2><em><strong>\u00bfQu\u00e9 significa el lazo rosa?<\/strong><\/em><\/h2>\n\n\n\n<p>El lazo rosa conmemora a aquellas mujeres que enfrentan o enfrentaron el c\u00e1ncer de mama. Este s\u00edmbolo surgi\u00f3 hace 25 a\u00f1os de la mano de&nbsp;<strong>Evelyn H. Lauder<\/strong>, nuera de la fundadora de Est\u00e9e Lauder.<\/p>\n\n\n\n<p>Para aquella \u00e9poca, no se hablaba del c\u00e1ncer de mama por lo que Evelyn inici\u00f3 una campa\u00f1a que consigui\u00f3 que la industria cosm\u00e9tica y la opini\u00f3n p\u00fablica se concienciaran sobre esta enfermedad.<\/p>\n\n\n\n<p>En 1992 naci\u00f3 la iniciativa del lazo rosa que&nbsp;<strong>simboliza esperanza, fuerza y supervi<\/strong><strong>v<\/strong><strong>encia<\/strong>. Por ese motivo, Evelyn cre\u00f3 una ONG, denominada Breast Cancer Research Foundation, cuyo objetivo era recaudar fondos para dedicarlos a la investigaci\u00f3n de esta enfermedad.<\/p>\n\n\n\n<p>&#8220;Estaban muriendo de c\u00e1ncer de mama el doble de mujeres que aquellas personas que estaban muriendo de SIDA y nadie sab\u00eda qu\u00e9 era el c\u00e1ncer de mama&#8221;, cuenta&nbsp;<strong>Myra Biblowit<\/strong><strong>&nbsp;<\/strong>una de las primeras responsables de la iniciativa y presidenta de la Breast Cancer Research Foundation. &#8220;Evelyn fue una de las primeras personas que lo sac\u00f3 a la luz y le permiti\u00f3 a las mujeres hablar de los senos y de la salud de los senos&#8221;.<\/p>\n\n\n\n<p><em><strong>19 de octubre<\/strong><\/em><\/p>\n\n\n\n<p>Por iniciativa de la Organizaci\u00f3n Mundial de la Salud el 19 de octubre se celebra mundialmente el&nbsp;<strong><\/strong><strong>D\u00eda Internacional de lucha contra el C\u00e1ncer de Mama&nbsp;<\/strong>con el objetivo de crear conciencia y promover que cada vez m\u00e1s mujeres accedan a controles, diagn\u00f3sticos y tratamientos oportunos y efectivos.<\/p>\n\n\n\n<p>Se estima que 1 de cada 8 mujeres tendr\u00e1 c\u00e1ncer de mama a lo largo de su vida y esta es la raz\u00f3n principal de porque las mujeres deben realizarse una evaluaci\u00f3n regularmente de sus senos.<\/p>\n\n\n\n<p>La detecci\u00f3n precoz a fin de mejorar el pron\u00f3stico y la supervivencia de los casos de c\u00e1ncer de mama sigue siendo la piedra angular de la lucha contra este c\u00e1ncer.<\/p>\n","protected":false},"excerpt":{"rendered":"<div class=\"mh-excerpt\"><p>La Municipalidad de Adolfo Alsina ha iniciado la campa\u00f1a de concientizaci\u00f3n contra el c\u00e1ncer de mama, en el marco delD\u00eda Internacional de lucha contra el C\u00e1ncer de Mama que se conmemora cada 19 de octubre a nivel mundial. Desde la Secretar\u00eda de Salud se realizaron y se llevar\u00e1n a cabo diversas actividades durante todo este mes \u201cOctubre Rosa en Adolfo Alsina\u201d,&nbsp;con el objetivo de crear conciencia y promover que cada vez m\u00e1s mujeres accedan a controles, diagn\u00f3sticos y tratamientos oportunos y efectivos.&nbsp; Se coloc\u00f3 el Lazo Rosa en la intersecci\u00f3n de Av. San Mart\u00edn y Av. Col\u00f3n de la ciudad <a class=\"mh-excerpt-more\" href=\"http:\/\/dsrmedios.com.ar\/diario\/archivos\/40108\" title=\"Octubre Rosa en Adolfo Alsina: concientizaci\u00f3n contra el c\u00e1ncer de mama\">[Leer m\u00e1s]<\/a><\/p>\n<\/div>","protected":false},"author":8,"featured_media":40111,"comment_status":"open","ping_status":"closed","sticky":false,"template":"","format":"standard","meta":{"_jetpack_newsletter_access":""},"categories":[18,31,5],"tags":[],"jetpack_featured_media_url":"http:\/\/dsrmedios.com.ar\/diario\/wp-content\/uploads\/2023\/10\/1.jpg","jetpack_sharing_enabled":true,"jetpack_shortlink":"https:\/\/wp.me\/p9fihK-aqU","_links":{"self":[{"href":"http:\/\/dsrmedios.com.ar\/diario\/wp-json\/wp\/v2\/posts\/40108"}],"collection":[{"href":"http:\/\/dsrmedios.com.ar\/diario\/wp-json\/wp\/v2\/posts"}],"about":[{"href":"http:\/\/dsrmedios.com.ar\/diario\/wp-json\/wp\/v2\/types\/post"}],"author":[{"embeddable":true,"href":"http:\/\/dsrmedios.com.ar\/diario\/wp-json\/wp\/v2\/users\/8"}],"replies":[{"embeddable":true,"href":"http:\/\/dsrmedios.com.ar\/diario\/wp-json\/wp\/v2\/comments?post=40108"}],"version-history":[{"count":1,"href":"http:\/\/dsrmedios.com.ar\/diario\/wp-json\/wp\/v2\/posts\/40108\/revisions"}],"predecessor-version":[{"id":40113,"href":"http:\/\/dsrmedios.com.ar\/diario\/wp-json\/wp\/v2\/posts\/40108\/revisions\/40113"}],"wp:featuredmedia":[{"embeddable":true,"href":"http:\/\/dsrmedios.com.ar\/diario\/wp-json\/wp\/v2\/media\/40111"}],"wp:attachment":[{"href":"http:\/\/dsrmedios.com.ar\/diario\/wp-json\/wp\/v2\/media?parent=40108"}],"wp:term":[{"taxonomy":"category","embeddable":true,"href":"http:\/\/dsrmedios.com.ar\/diario\/wp-json\/wp\/v2\/categories?post=40108"},{"taxonomy":"post_tag","embeddable":true,"href":"http:\/\/dsrmedios.com.ar\/diario\/wp-json\/wp\/v2\/tags?post=40108"}],"curies":[{"name":"wp","href":"https:\/\/api.w.org\/{rel}","templated":true}]}}