{"id":40095,"date":"2023-10-05T15:18:50","date_gmt":"2023-10-05T18:18:50","guid":{"rendered":"http:\/\/dsrmedios.com.ar\/diario\/?p=40095"},"modified":"2023-10-05T15:18:52","modified_gmt":"2023-10-05T18:18:52","slug":"quien-le-pregunta-a-quien-asi-sera-el-cruce-de-preguntas-en-el-segundo-debate-presidencial-2023","status":"publish","type":"post","link":"http:\/\/dsrmedios.com.ar\/diario\/archivos\/40095","title":{"rendered":"\u00bfQui\u00e9n le pregunta a qui\u00e9n? As\u00ed ser\u00e1 el cruce de preguntas en el segundo debate presidencial 2023"},"content":{"rendered":"\n<p>Los candidatos a presidente volver\u00e1n a enfrentarse&nbsp;<strong>este domingo 8 de octubre desde las 21 en el&nbsp;<\/strong><a rel=\"noreferrer noopener\" href=\"https:\/\/www.infobae.com\/politica\/2023\/10\/05\/segundo-debate-presidencial-2023-fecha-hora-donde-es-y-como-verlo\/\" target=\"_blank\"><strong>segundo debate presidencial<\/strong><\/a>&nbsp;antes de las elecciones 2023. El encuentro se desarrollar\u00e1 en la Facultad de Derecho de la UBA en CABA, y contar\u00e1 con la moderaci\u00f3n de los periodistas Mariana Ver\u00f3n, Marcelo Bonelli, Sergio Roulier y Soledad Larghi.<\/p>\n\n\n\n<p>Los&nbsp;<a rel=\"noreferrer noopener\" href=\"https:\/\/www.infobae.com\/politica\/2023\/10\/04\/cuales-son-los-temas-del-segundo-debate-presidencial-2023\/\" target=\"_blank\">temas de este segundo debate&nbsp;<\/a>presidencial ser\u00e1n&nbsp;<strong>\u201cSeguridad\u201d, \u201cTrabajo y producci\u00f3n\u201d y \u201cDesarrollo Humano, Vivienda y Protecci\u00f3n del Ambiente\u201d<\/strong>. Cada candidato contar\u00e1 con un minuto de apertura, y luego todos los postulantes, Javier Milei, Sergio Massa, Patricia Bullrich, Juan Schiaretti y Myriam Bregman se ir\u00e1n turnando de acuerdo al orden preestablecido para intervenir 2 minutos sin interrupciones sobre cada tema. Asimismo, podr\u00e1n utilizar el&nbsp;<a rel=\"noreferrer noopener\" href=\"https:\/\/www.infobae.com\/politica\/2023\/10\/04\/debate-presidencial-2023-que-es-el-derecho-a-replica-y-como-puede-usarlo-cada-candidato\/#:~:text=De%20acuerdo%20al%20reglamento%20difundido,determinado%20tema%2C%20al%20sentirse%20interpelados.\" target=\"_blank\">derecho a r\u00e9plica<\/a>&nbsp;en 5 oportunidades, al igual que durante el primer debate presidencial.<\/p>\n\n\n\n<h2>\u00bfC\u00f3mo ser\u00e1 el esquema del debate y qui\u00e9n comenzar\u00e1 cada bloque?<\/h2>\n\n\n\n<p>De acuerdo al sorteo realizado por autoridades de la CNE, la ubicaci\u00f3n de los candidatos sobre el escenario ser\u00e1, de izquierda a derecha:\u00a0<strong>Juan Schiaretti, Patricia Bullrich, Javier Milei, Myriam Bregman y Sergio Massa<\/strong>. En tanto, el bloque de\u00a0<strong>apertura ser\u00e1 iniciado por Javier Milei<\/strong>. En esta secci\u00f3n, que durar\u00e1 en total 12 minutos, los candidatos tienen 1 minuto para presentarse.<\/p>\n\n\n\n<p>En cuanto al&nbsp;<strong>bloque sobre Seguridad<\/strong>, durar\u00e1 en total 21 minutos y la primera en intervenir ser\u00e1 Patricia Bullrich. Luego, en el<strong>&nbsp;bloque de Trabajo y Producci\u00f3n<\/strong>, que durar\u00e1 22 minutos y 15 segundos aproximadamente, el primero en tener la palabra ser\u00e1 Juan Schiaretti. Por otro lado, el \u00faltimo bloque tem\u00e1tico, de&nbsp;<strong>Desarrollo humano, vivienda y protecci\u00f3n del ambiente<\/strong>, durar\u00e1 21 minutos y 15 segundos, y quien comenzar\u00e1 ser\u00e1 Sergio Massa<\/p>\n\n\n\n<p>Luego, vendr\u00e1 el\u00a0<strong>bloque de preguntas cruzadas<\/strong>, que durar\u00e1 25 minutos y 10 segundos. Hay 4 rondas de preguntas cruzadas, que, a su vez, tienen 5 turnos. De esta manera, todos los candidatos podr\u00e1n hacerle una pregunta a cada uno de sus oponentes. Seg\u00fan el reglamento, las preguntas no pueden durar m\u00e1s de 15 segundos y las respuestas, m\u00e1s de 45.<\/p>\n\n\n\n<p>Por \u00faltimo,&nbsp;<strong>el cierre<\/strong>&nbsp;de 1 minuto comenzar\u00e1 con la intervenci\u00f3n de Myriam Bregman, y el \u00faltimo en exponer ser\u00e1 Sergio Massa.<\/p>\n\n\n\n<h2>\u00bfC\u00f3mo ser\u00e1 el bloque de preguntas cruzadas del segundo debate presidencial 2023?<\/h2>\n\n\n\n<p>La&nbsp;<strong>C\u00e1mara Nacional Electoral difundi\u00f3 c\u00f3mo ser\u00e1 el orden del bloque de preguntas cruzadas<\/strong>. Recordemos que en esta secci\u00f3n, todos los candidatos le preguntan a todos sus oponentes, y todos responden. Seg\u00fan el reglamento,&nbsp;<strong>cada pregunta puede durar 15 segundos, y las respuestas solo pueden tener una duraci\u00f3n de 45 segundos<\/strong>. Las preguntas son individuales, por lo tanto las preguntas ser\u00e1n distintas y espec\u00edficas. Si un candidato se excede en el tiempo, el control le apagar\u00e1 el micr\u00f3fono, y en esta secci\u00f3n, no est\u00e1 permitido el derecho a r\u00e9plica.<\/p>\n\n\n\n<p><img decoding=\"async\" loading=\"lazy\" alt=\"Esquema de orden de participaci\u00f3n del segundo debate presidencial, donde A es Myriam Bregman; B es Javier Milei; C es Sergio Massa, D es Patricia Bullrich; y E es Juan Schiaretti\" height=\"1080\" width=\"1920\" src=\"https:\/\/www.infobae.com\/new-resizer\/lW2U94tTxCE23Bbl3jpXGuS4oHY=\/arc-anglerfish-arc2-prod-infobae\/public\/AXCJLHO53VA7RKBMNADXHL5AYI.jpg\" srcset=\"https:\/\/www.infobae.com\/new-resizer\/ROCGKA0KSGqwaz-LSKVEK0Qm8d8=\/420x236\/filters:format(webp):quality(85)\/cloudfront-us-east-1.images.arcpublishing.com\/infobae\/AXCJLHO53VA7RKBMNADXHL5AYI.jpg 420w,https:\/\/www.infobae.com\/new-resizer\/Q8DKwHTgqdGviVVFeKmPXDVbS5A=\/768x432\/filters:format(webp):quality(85)\/cloudfront-us-east-1.images.arcpublishing.com\/infobae\/AXCJLHO53VA7RKBMNADXHL5AYI.jpg 768w,https:\/\/www.infobae.com\/new-resizer\/voVb8fyUuespslHjWplyFW932BA=\/992x558\/filters:format(webp):quality(85)\/cloudfront-us-east-1.images.arcpublishing.com\/infobae\/AXCJLHO53VA7RKBMNADXHL5AYI.jpg 992w,https:\/\/www.infobae.com\/new-resizer\/YfIXq4Cp8XSo_ZbpY15IRi-0zOI=\/1200x675\/filters:format(webp):quality(85)\/cloudfront-us-east-1.images.arcpublishing.com\/infobae\/AXCJLHO53VA7RKBMNADXHL5AYI.jpg 1200w,https:\/\/www.infobae.com\/new-resizer\/X7OgvD8Mh2XVoE6xGb8qzgogs1k=\/1440x810\/filters:format(webp):quality(85)\/cloudfront-us-east-1.images.arcpublishing.com\/infobae\/AXCJLHO53VA7RKBMNADXHL5AYI.jpg 1440w\">Esquema de orden de participaci\u00f3n del segundo debate presidencial, donde A es Myriam Bregman; B es Javier Milei; C es Sergio Massa, D es Patricia Bullrich; y E es Juan Schiaretti<\/p>\n\n\n\n<p>A continuaci\u00f3n, el orden del bloque de preguntas cruzadas, ronda por ronda:<\/p>\n\n\n\n<h3>Primera ronda<\/h3>\n\n\n\n<ul>\n<li>Patricia Bullrich pregunta a Javier Milei<\/li>\n\n\n\n<li>Juan Schiaretti pregunta a Patricia Bullrich<\/li>\n\n\n\n<li>Sergio Massa pregunta a Myriam Bregman<\/li>\n\n\n\n<li>Javier Milei pregunta a Sergio Massa<\/li>\n\n\n\n<li>Myriam Bregman pregunta a Juan Schiaretti<\/li>\n<\/ul>\n\n\n\n<h3>Segunda ronda<\/h3>\n\n\n\n<ul>\n<li>Sergio Massa le pregunta a Javier Milei<\/li>\n\n\n\n<li>Juan Schiaretti le pregunta Sergio Massa<\/li>\n\n\n\n<li>Javier Milei le pregunta a Myriam Bregman<\/li>\n\n\n\n<li>Patricia Bullrich le pregunta a Juan Schiaretti<\/li>\n\n\n\n<li>Myriam bregman le pregunta a Patricia Bullrich<\/li>\n<\/ul>\n\n\n\n<h3>Tercera ronda<\/h3>\n\n\n\n<ul>\n<li>Javier Milei le pregunta a Juan Schiaretti<\/li>\n\n\n\n<li>Sergio Massa le pregunta a Patricia Bullrich<\/li>\n\n\n\n<li>Juan Schiaretti le pregunta a Myriam Bregman<\/li>\n\n\n\n<li>Patricia Bullrich le pregunta a Sergio Massa<\/li>\n\n\n\n<li>Myriam Bregman le pregunta a Javier Milei<\/li>\n<\/ul>\n\n\n\n<h3>Cuarta ronda<\/h3>\n\n\n\n<ul>\n<li>Patricia Bullrich le pregunta a Myriam Bregman<\/li>\n\n\n\n<li>Sergio Massa le pregunta a Juan Schiaretti<\/li>\n\n\n\n<li>Javier Milei le pregunta a Patricia Bullrich<\/li>\n\n\n\n<li>Myriam Bregman le pregunta a Sergio Massa<\/li>\n\n\n\n<li>Juan Schiaretti le pregunta a Javier Milei<\/li>\n<\/ul>\n\n\n\n<p>Una vez finalizado este bloque, los candidatos deber\u00e1n realizar su&nbsp;<strong>minuto de cierre.<\/strong>&nbsp;El orden ser\u00e1 el siguiente:&nbsp;<strong>Myriam Bregman, Javier Milei, Patricia Bullrich, Juan Schiaretti y Sergio Massa<\/strong>.<\/p>\n\n\n\n<h2>\u00bfC\u00f3mo ver en vivo el segundo debate presidencial 2023?<\/h2>\n\n\n\n<p><img decoding=\"async\" loading=\"lazy\" alt=\"La cobertura exclusiva de Infobae durante el primer debate presidencial 2023 (Gustavo Gavotti)\" height=\"1079\" width=\"1920\" src=\"https:\/\/www.infobae.com\/new-resizer\/bxdKdeyu1GC0_ZfkF_prY6Vo9oU=\/arc-anglerfish-arc2-prod-infobae\/public\/O25DX6EOXNCGFGABZRKZQTYY6A.jpg\" srcset=\"https:\/\/www.infobae.com\/new-resizer\/SWbDuAPa2oHFacdPoNbgJP9J0i8=\/420x236\/filters:format(webp):quality(85)\/cloudfront-us-east-1.images.arcpublishing.com\/infobae\/O25DX6EOXNCGFGABZRKZQTYY6A.jpg 420w,https:\/\/www.infobae.com\/new-resizer\/Sx75_CRpQ9WFfBSl1gCSNIqjxcc=\/768x432\/filters:format(webp):quality(85)\/cloudfront-us-east-1.images.arcpublishing.com\/infobae\/O25DX6EOXNCGFGABZRKZQTYY6A.jpg 768w,https:\/\/www.infobae.com\/new-resizer\/GUh8X095hcdDkAw7O5_LJE2cr1o=\/992x558\/filters:format(webp):quality(85)\/cloudfront-us-east-1.images.arcpublishing.com\/infobae\/O25DX6EOXNCGFGABZRKZQTYY6A.jpg 992w,https:\/\/www.infobae.com\/new-resizer\/g80taXerX8vDePA4TwfW_aikTDE=\/1200x675\/filters:format(webp):quality(85)\/cloudfront-us-east-1.images.arcpublishing.com\/infobae\/O25DX6EOXNCGFGABZRKZQTYY6A.jpg 1200w,https:\/\/www.infobae.com\/new-resizer\/tVVfr8ACUwNTJpuSbWAMdO03lU4=\/1440x810\/filters:format(webp):quality(85)\/cloudfront-us-east-1.images.arcpublishing.com\/infobae\/O25DX6EOXNCGFGABZRKZQTYY6A.jpg 1440w\">La cobertura exclusiva de Infobae durante el primer debate presidencial 2023 (Gustavo Gavotti)<\/p>\n\n\n\n<p>La producci\u00f3n audiovisual estar\u00e1 a cargo de la C\u00e1mara Argentina de Productores Independientes de Televisi\u00f3n (CAPIT). Por otra parte, durante la transmisi\u00f3n se suspender\u00e1 la publicidad electoral en los servicios de comunicaci\u00f3n audiovisual, y los anuncios p\u00fablicos de los actos de gobierno nacional, provincial y municipal.<\/p>\n\n\n\n<p>El debate del domingo 8 de octubre ser\u00e1 transmitidos en vivo por la\u00a0<strong>Televisi\u00f3n P\u00fablica (TVP)<\/strong>, a las 21 y con la posibilidad de retransmisi\u00f3n por otros canales, emisoras y sitios web de todo el pa\u00eds. Al igual que el domingo pasado,\u00a0<strong>vas a poder seguir el debate en vivo por\u00a0<\/strong><a href=\"https:\/\/www.infobae.com\/tag\/debate-presidencial\/\"><strong>Infobae<\/strong><\/a>, con una cobertura exclusiva en vivo con analistas de primer nivel y todos los detalles del minuto a minuto.<\/p>\n\n\n\n<p>Fuente: Infobae<\/p>\n","protected":false},"excerpt":{"rendered":"<div class=\"mh-excerpt\"><p>Los candidatos a presidente volver\u00e1n a enfrentarse&nbsp;este domingo 8 de octubre desde las 21 en el&nbsp;segundo debate presidencial&nbsp;antes de las elecciones 2023. El encuentro se desarrollar\u00e1 en la Facultad de Derecho de la UBA en CABA, y contar\u00e1 con la moderaci\u00f3n de los periodistas Mariana Ver\u00f3n, Marcelo Bonelli, Sergio Roulier y Soledad Larghi. Los&nbsp;temas de este segundo debate&nbsp;presidencial ser\u00e1n&nbsp;\u201cSeguridad\u201d, \u201cTrabajo y producci\u00f3n\u201d y \u201cDesarrollo Humano, Vivienda y Protecci\u00f3n del Ambiente\u201d. Cada candidato contar\u00e1 con un minuto de apertura, y luego todos los postulantes, Javier Milei, Sergio Massa, Patricia Bullrich, Juan Schiaretti y Myriam Bregman se ir\u00e1n turnando de acuerdo al <a class=\"mh-excerpt-more\" href=\"http:\/\/dsrmedios.com.ar\/diario\/archivos\/40095\" title=\"\u00bfQui\u00e9n le pregunta a qui\u00e9n? As\u00ed ser\u00e1 el cruce de preguntas en el segundo debate presidencial 2023\">[Leer m\u00e1s]<\/a><\/p>\n<\/div>","protected":false},"author":8,"featured_media":40096,"comment_status":"open","ping_status":"closed","sticky":false,"template":"","format":"standard","meta":{"_jetpack_newsletter_access":""},"categories":[6],"tags":[],"jetpack_featured_media_url":"http:\/\/dsrmedios.com.ar\/diario\/wp-content\/uploads\/2023\/10\/images-19.jpeg","jetpack_sharing_enabled":true,"jetpack_shortlink":"https:\/\/wp.me\/p9fihK-aqH","_links":{"self":[{"href":"http:\/\/dsrmedios.com.ar\/diario\/wp-json\/wp\/v2\/posts\/40095"}],"collection":[{"href":"http:\/\/dsrmedios.com.ar\/diario\/wp-json\/wp\/v2\/posts"}],"about":[{"href":"http:\/\/dsrmedios.com.ar\/diario\/wp-json\/wp\/v2\/types\/post"}],"author":[{"embeddable":true,"href":"http:\/\/dsrmedios.com.ar\/diario\/wp-json\/wp\/v2\/users\/8"}],"replies":[{"embeddable":true,"href":"http:\/\/dsrmedios.com.ar\/diario\/wp-json\/wp\/v2\/comments?post=40095"}],"version-history":[{"count":1,"href":"http:\/\/dsrmedios.com.ar\/diario\/wp-json\/wp\/v2\/posts\/40095\/revisions"}],"predecessor-version":[{"id":40097,"href":"http:\/\/dsrmedios.com.ar\/diario\/wp-json\/wp\/v2\/posts\/40095\/revisions\/40097"}],"wp:featuredmedia":[{"embeddable":true,"href":"http:\/\/dsrmedios.com.ar\/diario\/wp-json\/wp\/v2\/media\/40096"}],"wp:attachment":[{"href":"http:\/\/dsrmedios.com.ar\/diario\/wp-json\/wp\/v2\/media?parent=40095"}],"wp:term":[{"taxonomy":"category","embeddable":true,"href":"http:\/\/dsrmedios.com.ar\/diario\/wp-json\/wp\/v2\/categories?post=40095"},{"taxonomy":"post_tag","embeddable":true,"href":"http:\/\/dsrmedios.com.ar\/diario\/wp-json\/wp\/v2\/tags?post=40095"}],"curies":[{"name":"wp","href":"https:\/\/api.w.org\/{rel}","templated":true}]}}