{"id":40087,"date":"2023-10-05T15:13:46","date_gmt":"2023-10-05T18:13:46","guid":{"rendered":"http:\/\/dsrmedios.com.ar\/diario\/?p=40087"},"modified":"2023-10-05T15:13:49","modified_gmt":"2023-10-05T18:13:49","slug":"axel-kicillof-volvio-a-hablar-del-escandaloso-caso-insaurralde-y-califico-a-milei-de-terraplanista","status":"publish","type":"post","link":"http:\/\/dsrmedios.com.ar\/diario\/archivos\/40087","title":{"rendered":"Axel Kicillof volvi\u00f3 a hablar del escandaloso caso Insaurralde y calific\u00f3 a Milei de terraplanista"},"content":{"rendered":"\n<p>El gobernador bonaerense,&nbsp;<strong>Axel Kicillof<\/strong>,&nbsp;<a rel=\"noreferrer noopener\" href=\"https:\/\/www.infobae.com\/politica\/2023\/10\/05\/tras-el-caso-insaurralde-kicillof-regresa-a-los-actos-multitudinarios-de-campana-y-prepara-una-caravana-por-el-conurbano\/\" target=\"_blank\">retomar\u00e1 la campa\u00f1a<\/a>&nbsp;en el tramo final de cara a las elecciones. Y lo har\u00e1 en medio del&nbsp;<a rel=\"noreferrer noopener\" href=\"https:\/\/www.infobae.com\/judiciales\/2023\/10\/04\/la-justicia-pidio-buscar-imagenes-de-insaurralde-y-clerici-en-el-aeropuerto-de-ezeiza\/\" target=\"_blank\">esc\u00e1ndalo pol\u00edtico por las fotos y videos&nbsp;<\/a>de su ex jefe de Gabinete,&nbsp;<strong>Mart\u00edn Insaurralde<\/strong>, de su viaje por Marbella, Espa\u00f1a, acompa\u00f1ado por la modelo&nbsp;<strong>Sof\u00eda Cl\u00e9rici<\/strong>.<\/p>\n\n\n\n<p>Sobre esta pol\u00e9mica se refiri\u00f3 en las \u00faltimas horas en una entrevista concedida al peri\u00f3dico espa\u00f1ol&nbsp;<em>El Pa\u00eds<\/em>, asegur\u00f3 que la actitud de su exfuncionario lo \u201cenoj\u00f3\u201d y ratific\u00f3 que \u201cno sab\u00eda\u201d sobre sus movimientos. \u201cNo sab\u00eda que estaba en un yate y eso no es compatible con mi Gobierno\u201d, sostuvo el gobernador.<\/p>\n\n\n\n<p>Sin embargo, busc\u00f3 despegarse de la pol\u00e9mica al asegurar que la designaci\u00f3n del lomense corresponde a la construcci\u00f3n pol\u00edtica de Uni\u00f3n por la Patria. \u201cYo formo parte de un Gobierno de coalici\u00f3n. Insaurralde, intendente de Lomas de Zamora por muchos mandatos consecutivos, cuarto distrito m\u00e1s grande de la provincia, con una gesti\u00f3n que tiene para mostrar, es parte de esa coalici\u00f3n. No es el Gobierno de Axel Kicillof\u201d, indic\u00f3.<\/p>\n\n\n\n<p>Por otro lado, tambi\u00e9n se refiri\u00f3 a la figura del candidato presidencial por La Libertad Avanza,<strong>&nbsp;Javier Milei<\/strong>, a quien calific\u00f3 de \u201cterraplanista\u201d. \u201cEs miembro de un grupo muy peque\u00f1o, marginal, desplazado hoy de la academia y sin ning\u00fan peso, que son los economistas austr\u00edacos\u201d, sostuvo Kicillof.<\/p>\n\n\n\n<p><img decoding=\"async\" loading=\"lazy\" alt=\"Axel Kicillof, Mart\u00edn Insaurralde y Federico Oterm\u00edn, juntos en un acto que se realiz\u00f3 en Lomas de Zamora\" height=\"1080\" width=\"1920\" src=\"https:\/\/www.infobae.com\/new-resizer\/zJvmciHDhwhjSKgy6CdBxK_eSmE=\/arc-anglerfish-arc2-prod-infobae\/public\/3RQYMB5HHVA7THLJW5KNVG53ZY.jpg\" srcset=\"https:\/\/www.infobae.com\/new-resizer\/CPHouf-j1bUK_JEj71dBDHLrruc=\/420x236\/filters:format(webp):quality(85)\/cloudfront-us-east-1.images.arcpublishing.com\/infobae\/3RQYMB5HHVA7THLJW5KNVG53ZY.jpg 420w,https:\/\/www.infobae.com\/new-resizer\/aZ9dKtzmXER4Vcfw12Y5wnI1Ktk=\/768x432\/filters:format(webp):quality(85)\/cloudfront-us-east-1.images.arcpublishing.com\/infobae\/3RQYMB5HHVA7THLJW5KNVG53ZY.jpg 768w,https:\/\/www.infobae.com\/new-resizer\/GxE6VqxsNgPuZcD9csWpa9x_hYU=\/992x558\/filters:format(webp):quality(85)\/cloudfront-us-east-1.images.arcpublishing.com\/infobae\/3RQYMB5HHVA7THLJW5KNVG53ZY.jpg 992w,https:\/\/www.infobae.com\/new-resizer\/-tYjo5jmI21oM2m41bahXoJAJTo=\/1200x675\/filters:format(webp):quality(85)\/cloudfront-us-east-1.images.arcpublishing.com\/infobae\/3RQYMB5HHVA7THLJW5KNVG53ZY.jpg 1200w,https:\/\/www.infobae.com\/new-resizer\/NlDHlNzUwybJqE7KX5avRZdcrso=\/1440x810\/filters:format(webp):quality(85)\/cloudfront-us-east-1.images.arcpublishing.com\/infobae\/3RQYMB5HHVA7THLJW5KNVG53ZY.jpg 1440w\">Axel Kicillof, Mart\u00edn Insaurralde y Federico Oterm\u00edn, juntos en un acto que se realiz\u00f3 en Lomas de Zamora<\/p>\n\n\n\n<p>Y ampli\u00f3: \u201cEs una escuela cuyos \u00faltimos avances te\u00f3ricos ocurrieron en los \u00faltimos tres decenios del siglo XIX. M\u00e1s antiguo, m\u00e1s fuera de \u00e9poca, m\u00e1s refutado no puede ser. (&#8230;) piensa que el mercado solo resuelve todo. Y a veces brota esta escuela en momentos determinados, generalmente vinculados a determinadas crisis y, obviamente, termina con soluciones de extremo como la dolarizaci\u00f3n, que es en realidad una manera de decir que no debe haber ni Estado ni moneda.\u00a0<strong>Es como un terraplanismo en econom\u00eda<\/strong>\u201d.<\/p>\n\n\n\n<p>En esta l\u00ednea, tambi\u00e9n busc\u00f3 refutar el argumento del economista libertario de acusar a los principales dirigentes pol\u00edticos del pa\u00eds de pertenecer a una \u201ccasta\u201d. \u201cEst\u00e1 flojito de papeles con relaci\u00f3n a la casta. Est\u00e1 rodeado de un sistema de casta, que es la gente que hace mucho tiempo hace pol\u00edtica y ya fracas\u00f3. Y segundo, \u00e9l ha vivido siempre de asesor de diputados, trabajando para empresas privatizadas que son contratistas del Estado\u201d, plante\u00f3.<\/p>\n\n\n\n<h2>Massa, el FMI e YPF<\/h2>\n\n\n\n<p>En otro pasaje del reportaje, Kicillof sostuvo que el planteo ante el FMI de&nbsp;<strong>Sergio Massa<\/strong>, el candidato presidencial de Uni\u00f3n por la Patria, \u201ccoincide\u201d con su perspectiva y afirm\u00f3 que \u201dno hay programa bueno del Fondo\u201d. Consultado sobre qu\u00e9 debe hacer el Gobierno ante el organismo de cr\u00e9dito internacional, expres\u00f3: \u201cPlantarse con el Fondo y que el Fondo reconozca que fue un cr\u00e9dito pol\u00edtico el que le di\u00f3 a (Mauricio) Macri\u201d.<\/p>\n\n\n\n<p>\u201cLos programas del Fondo dicen que si vos ten\u00e9s una inflaci\u00f3n de 2% tiene que haber al mes siguiente una devaluaci\u00f3n del 2%. Entonces, si cada vez que hay una inflaci\u00f3n te obligan a hacer una devaluaci\u00f3n igual, eso espiraliza la inflaci\u00f3n. No quieren ayudar a la Argentina. Quieren cobrar\u201d, a\u00f1adi\u00f3.<\/p>\n\n\n\n<p><\/p>\n\n\n\n<p>En tanto, hizo hincapi\u00e9 en una de las promesas de campa\u00f1a de Massa, que es plantear un Gobierno de unidad nacional. \u201cEs m\u00e1s grande que una coalici\u00f3n -indic\u00f3-; incluso dijo que podr\u00eda tener funcionarios de otras fuerzas pol\u00edticas. Puesto en marco hist\u00f3rico, diferencias puede haber, el tema es c\u00f3mo se dirimen, c\u00f3mo se tramitan, c\u00f3mo se resuelven y finalmente c\u00f3mo se toman las decisiones. Tenemos que estar claros con algunos aspectos, como dijo Cristina (Kirchner)\u201d.<\/p>\n\n\n\n<p>Por \u00faltimo, se refiri\u00f3\u00a0<a rel=\"noreferrer noopener\" href=\"https:\/\/www.infobae.com\/economia\/2023\/09\/12\/expropiacion-de-ypf-3-claves-para-entender-como-seguira-el-juicio-multimillonario-y-cuanto-realmente-debera-pagar-argentina\/\" target=\"_blank\">al fallo de la justicia de Estados Unidos que conden\u00f3 a la Argentina a pagar 16.000 millones de d\u00f3lares\u00a0por la expropiaci\u00f3n de YPF\u00a0<\/a>y se\u00f1al\u00f3 que &#8221; se nacionaliz\u00f3 porque la empresa estaba en camino a su vaciamiento\u201d y record\u00f3: \u201cYa se hab\u00eda descubierto Vaca Muerta y estaba cayendo la producci\u00f3n y las reservas de hidrocarburos en Argentina por la actitud que ten\u00eda Repsol, que era due\u00f1a de 40% de Vaca Muerta. Hab\u00eda que cortar esa sangr\u00eda r\u00e1pidamente haciendo simplemente que YPF invirtiera en Argentina\u201d.<\/p>\n\n\n\n<p>Fuente: Infobae<\/p>\n","protected":false},"excerpt":{"rendered":"<div class=\"mh-excerpt\"><p>El gobernador bonaerense,&nbsp;Axel Kicillof,&nbsp;retomar\u00e1 la campa\u00f1a&nbsp;en el tramo final de cara a las elecciones. Y lo har\u00e1 en medio del&nbsp;esc\u00e1ndalo pol\u00edtico por las fotos y videos&nbsp;de su ex jefe de Gabinete,&nbsp;Mart\u00edn Insaurralde, de su viaje por Marbella, Espa\u00f1a, acompa\u00f1ado por la modelo&nbsp;Sof\u00eda Cl\u00e9rici. Sobre esta pol\u00e9mica se refiri\u00f3 en las \u00faltimas horas en una entrevista concedida al peri\u00f3dico espa\u00f1ol&nbsp;El Pa\u00eds, asegur\u00f3 que la actitud de su exfuncionario lo \u201cenoj\u00f3\u201d y ratific\u00f3 que \u201cno sab\u00eda\u201d sobre sus movimientos. \u201cNo sab\u00eda que estaba en un yate y eso no es compatible con mi Gobierno\u201d, sostuvo el gobernador. Sin embargo, busc\u00f3 despegarse de <a class=\"mh-excerpt-more\" href=\"http:\/\/dsrmedios.com.ar\/diario\/archivos\/40087\" title=\"Axel Kicillof volvi\u00f3 a hablar del escandaloso caso Insaurralde y calific\u00f3 a Milei de terraplanista\">[Leer m\u00e1s]<\/a><\/p>\n<\/div>","protected":false},"author":8,"featured_media":33910,"comment_status":"open","ping_status":"closed","sticky":false,"template":"","format":"standard","meta":{"_jetpack_newsletter_access":""},"categories":[7],"tags":[],"jetpack_featured_media_url":"http:\/\/dsrmedios.com.ar\/diario\/wp-content\/uploads\/2023\/05\/p14-axel-kicillof-n_optjpeg.jpeg","jetpack_sharing_enabled":true,"jetpack_shortlink":"https:\/\/wp.me\/p9fihK-aqz","_links":{"self":[{"href":"http:\/\/dsrmedios.com.ar\/diario\/wp-json\/wp\/v2\/posts\/40087"}],"collection":[{"href":"http:\/\/dsrmedios.com.ar\/diario\/wp-json\/wp\/v2\/posts"}],"about":[{"href":"http:\/\/dsrmedios.com.ar\/diario\/wp-json\/wp\/v2\/types\/post"}],"author":[{"embeddable":true,"href":"http:\/\/dsrmedios.com.ar\/diario\/wp-json\/wp\/v2\/users\/8"}],"replies":[{"embeddable":true,"href":"http:\/\/dsrmedios.com.ar\/diario\/wp-json\/wp\/v2\/comments?post=40087"}],"version-history":[{"count":1,"href":"http:\/\/dsrmedios.com.ar\/diario\/wp-json\/wp\/v2\/posts\/40087\/revisions"}],"predecessor-version":[{"id":40088,"href":"http:\/\/dsrmedios.com.ar\/diario\/wp-json\/wp\/v2\/posts\/40087\/revisions\/40088"}],"wp:featuredmedia":[{"embeddable":true,"href":"http:\/\/dsrmedios.com.ar\/diario\/wp-json\/wp\/v2\/media\/33910"}],"wp:attachment":[{"href":"http:\/\/dsrmedios.com.ar\/diario\/wp-json\/wp\/v2\/media?parent=40087"}],"wp:term":[{"taxonomy":"category","embeddable":true,"href":"http:\/\/dsrmedios.com.ar\/diario\/wp-json\/wp\/v2\/categories?post=40087"},{"taxonomy":"post_tag","embeddable":true,"href":"http:\/\/dsrmedios.com.ar\/diario\/wp-json\/wp\/v2\/tags?post=40087"}],"curies":[{"name":"wp","href":"https:\/\/api.w.org\/{rel}","templated":true}]}}