{"id":40076,"date":"2023-10-05T15:09:28","date_gmt":"2023-10-05T18:09:28","guid":{"rendered":"http:\/\/dsrmedios.com.ar\/diario\/?p=40076"},"modified":"2023-10-05T15:09:30","modified_gmt":"2023-10-05T18:09:30","slug":"patricia-bullrich-prometio-en-idea-una-reforma-de-la-carta-organica-del-bcra-va-a-tener-prohibicion-de-cepos-y-de-emision","status":"publish","type":"post","link":"http:\/\/dsrmedios.com.ar\/diario\/archivos\/40076","title":{"rendered":"Patricia Bullrich prometi\u00f3 en IDEA una reforma de la carta org\u00e1nica del BCRA: \u201cVa a tener prohibici\u00f3n de cepos y de emisi\u00f3n\u201d"},"content":{"rendered":"\n<p>El Coloquio de IDEA recibi\u00f3 hoy a&nbsp;<strong>Patricia Bullrich<\/strong>, la candidata a presidente por JxC, que durante casi una hora hizo un repaso detallado del&nbsp;<strong>plan de gobierno<\/strong>&nbsp;que implementar\u00e1 en caso de llegar a la Casa Rosada.<\/p>\n\n\n\n<p>En el inicio de su exposici\u00f3n, la referente opositora puso el foco en la econom\u00eda e hizo una promesa resonante: \u201cVamos a presentar la<strong>&nbsp;nueva carta org\u00e1nica del BCRA<\/strong>&nbsp;que va a tener&nbsp;<strong>prohibici\u00f3n de cepos y prohibici\u00f3n de emisi\u00f3n<\/strong>\u201d.<\/p>\n\n\n\n<p>Para Bullrich, es imprescindible recuperar la \u201csolidez fiscal\u201d y quitar una serie de impuestos que traban la productividad: \u201c<strong>Tenemos que sacar todas las trabas, Argentina tiene costos adicionales que no le permiten ser competitiva<\/strong>\u201d.<\/p>\n\n\n\n<p>En ese marco, asegur\u00f3 que se plantea una serie de medidas audaces como la&nbsp;<strong>eliminaci\u00f3n de \u201cbienes personales, de las retenciones\u201d<\/strong>. Adem\u00e1s, tiene en mente una modificaci\u00f3n sustancial: \u201c<strong>Reemplazar ingresos brutos<\/strong>&nbsp;por un<strong>&nbsp;impuesto a la venta final&nbsp;<\/strong>que es mucho m\u00e1s razonable\u201d.<\/p>\n\n\n\n<p><img decoding=\"async\" loading=\"lazy\" alt=\"Patricia Bullrich habla ante empresarios en Mar del Plata\" height=\"1080\" width=\"1920\" src=\"https:\/\/www.infobae.com\/new-resizer\/oNrNxyMY_5PdBm6a5GJ7mgXYgec=\/arc-anglerfish-arc2-prod-infobae\/public\/3XBGAKVGU5E2XIARHBTPJTR5AI.jpg\" srcset=\"https:\/\/www.infobae.com\/new-resizer\/ALJmdXGCpOJNOwIHHrV36JkGwv8=\/420x236\/filters:format(webp):quality(85)\/cloudfront-us-east-1.images.arcpublishing.com\/infobae\/3XBGAKVGU5E2XIARHBTPJTR5AI.jpg 420w,https:\/\/www.infobae.com\/new-resizer\/WSMpLRXz1O3EIwPWEbeFzcYGLwo=\/768x432\/filters:format(webp):quality(85)\/cloudfront-us-east-1.images.arcpublishing.com\/infobae\/3XBGAKVGU5E2XIARHBTPJTR5AI.jpg 768w,https:\/\/www.infobae.com\/new-resizer\/Bv4NXW2CbNMUN6CcXxX8cwiJWNU=\/992x558\/filters:format(webp):quality(85)\/cloudfront-us-east-1.images.arcpublishing.com\/infobae\/3XBGAKVGU5E2XIARHBTPJTR5AI.jpg 992w,https:\/\/www.infobae.com\/new-resizer\/A00g5-pfEPpatT7A3TzopnDnwCQ=\/1200x675\/filters:format(webp):quality(85)\/cloudfront-us-east-1.images.arcpublishing.com\/infobae\/3XBGAKVGU5E2XIARHBTPJTR5AI.jpg 1200w,https:\/\/www.infobae.com\/new-resizer\/ejuSbM6OPXfd68Ke9kSvp_hk7PA=\/1440x810\/filters:format(webp):quality(85)\/cloudfront-us-east-1.images.arcpublishing.com\/infobae\/3XBGAKVGU5E2XIARHBTPJTR5AI.jpg 1440w\">Patricia Bullrich habla ante empresarios en Mar del Plata<\/p>\n\n\n\n<p>Otro momento importante de su presentaci\u00f3n se dio cuando habl\u00f3 de la\u00a0<strong>Coparticipaci\u00f3n<\/strong>: \u201cEs un sistema mal pensado que nos ha mantenido este r\u00e9gimen perverso\u201d, resumi\u00f3 y puso ejemplos concretos de lo que llam\u00f3 \u201c<strong>provincias que son cajas registradoras<\/strong>\u201d porque reciben dinero que destinan a pagar sueldos de una cantidad enorme de empleados estatales.<\/p>\n\n\n\n<p>\u201cNo hay ninguna raz\u00f3n para decir que Formosa es pobre y Mendoza es rica. Por recursos,&nbsp;<strong>Mendoza deberia ser mas pobre que Formosa<\/strong>, que tiene todo, pero&nbsp;<strong>es pobre porque la empobrece el sistema pol\u00edtico que tiene<\/strong>\u201d, se\u00f1al\u00f3 para dejar en claro las diferencias entre una regi\u00f3n gobernada por el kirchnerismo (a trav\u00e9s de&nbsp;<strong>Gildo Insfr\u00e1n<\/strong>) y otra por Juntos por el Cambio.<\/p>\n\n\n\n<p>En la misma sinton\u00eda, Bullrich prometi\u00f3 que su gobierno cambiar\u00e1 la l\u00f3gica de reparto: \u201cNosotros vamos a un&nbsp;<strong>sistema de incentivos<\/strong>; con los recursos que tiene la Naci\u00f3n, lo que vamos a hacer es<strong>&nbsp;premiar a las provincias m\u00e1s competitivas<\/strong>, a las que&nbsp;<strong>bajan impuestos&nbsp;<\/strong>y permiten que sus econom\u00edas sean productivas para que produzcan cada vez m\u00e1s. No habr\u00e1 premios ni ventajas para las menos productivas, para que entiendan que este sistema no va a ser eterno\u201d.<\/p>\n\n\n\n<h2>Econom\u00eda en negro y r\u00e9gimen laboral<\/h2>\n\n\n\n<p>En otro momento de su exposici\u00f3n, la candidata de Juntos por el Cambio asegur\u00f3 que planea \u201c<strong>sacar m\u00e1s de 160 impuestos que tiene la Argentina<\/strong>\u201d; para ello se propone ir a un esquema simplificado, \u201c<strong>que incluya los impuestos m\u00e1s tradicionales como IVA e Impuesto a las Ganancias\u201c<\/strong>. Y cont\u00f3 que su equipo trabaja en la implementaci\u00f3n de\u00a0<strong>reg\u00edmenes especiales<\/strong>\u00a0y accesibles para los que trabajan por cuenta propia (<strong>monotributistas)\u00a0<\/strong>que tienen muchas dificultades cuando deben cambiar de categor\u00eda\u201d.<\/p>\n\n\n\n<p>En el plano laboral, la candidata precis\u00f3: \u201cVamos a derogar todas las leyes que han destruido el concepto de la indemnizaci\u00f3n y han ampliado el juicio como una manera de resolver temas laborales.<\/p>\n\n\n\n<p>La industria del juicio es terrible\u201d. Bullrich tambi\u00e9n agreg\u00f3: \u201cVamos a hacer un r\u00e9gimen especial laboral para todas las personas que est\u00e1n en la informalidad y las que tienen planes sociales\u201d. En este sentido, tambi\u00e9n agreg\u00f3: \u201cLos planes sociales van a tener terminalidad y obligaciones\u201d.<\/p>\n\n\n\n<p>En otro aspecto de la exposici\u00f3n, Bullrich advirti\u00f3: \u201cDe los 40 a\u00f1os de democracia que llevamos, tuvimos 20 a\u00f1os con problemas pero ibas al Congreso y los temas se debat\u00edan. A partir de los \u00faltimos 20 a\u00f1os pasamos a un Congreso de mano levantada, donde la opini\u00f3n del que no tiene mayor\u00eda, no tiene validez. No pod\u00e9s cambiar ni un error de ortograf\u00eda. Ha pasado a ser un Congreso cuasi militar\u201d.<\/p>\n\n\n\n<p>\u201cNunca m\u00e1s podemos tener un pa\u00eds sin solidez fiscal. No podemos gastar m\u00e1s de lo que tenemos, ni un gasto p\u00fablico m\u00e1s elevado y aumentar impuestos al privado que est\u00e1 cada vez m\u00e1s acogotado\u201d, agreg\u00f3 la referente de Juntos por el Cambio.<\/p>\n\n\n\n<p>En su intervenci\u00f3n, Bullrich tambi\u00e9n apunt\u00f3 contra el candidato el candidato del oficialismo. \u201cA\u00a0<strong>Massa\u00a0<\/strong>lo llevamos a Davos y a los seis meses nos meti\u00f3 una ley de prohibici\u00f3n de despidos. \u00bfAlgo m\u00e1s anticapitalista? Massa no aprendi\u00f3 mucho en Davos\u201d, se\u00f1al\u00f3.<\/p>\n\n\n\n<p>Fuente: Infobae<\/p>\n","protected":false},"excerpt":{"rendered":"<div class=\"mh-excerpt\"><p>El Coloquio de IDEA recibi\u00f3 hoy a&nbsp;Patricia Bullrich, la candidata a presidente por JxC, que durante casi una hora hizo un repaso detallado del&nbsp;plan de gobierno&nbsp;que implementar\u00e1 en caso de llegar a la Casa Rosada. En el inicio de su exposici\u00f3n, la referente opositora puso el foco en la econom\u00eda e hizo una promesa resonante: \u201cVamos a presentar la&nbsp;nueva carta org\u00e1nica del BCRA&nbsp;que va a tener&nbsp;prohibici\u00f3n de cepos y prohibici\u00f3n de emisi\u00f3n\u201d. Para Bullrich, es imprescindible recuperar la \u201csolidez fiscal\u201d y quitar una serie de impuestos que traban la productividad: \u201cTenemos que sacar todas las trabas, Argentina tiene costos adicionales <a class=\"mh-excerpt-more\" href=\"http:\/\/dsrmedios.com.ar\/diario\/archivos\/40076\" title=\"Patricia Bullrich prometi\u00f3 en IDEA una reforma de la carta org\u00e1nica del BCRA: \u201cVa a tener prohibici\u00f3n de cepos y de emisi\u00f3n\u201d\">[Leer m\u00e1s]<\/a><\/p>\n<\/div>","protected":false},"author":8,"featured_media":36916,"comment_status":"open","ping_status":"closed","sticky":false,"template":"","format":"standard","meta":{"_jetpack_newsletter_access":""},"categories":[6],"tags":[],"jetpack_featured_media_url":"http:\/\/dsrmedios.com.ar\/diario\/wp-content\/uploads\/2023\/07\/600x400_patricia-bullrich-presidenta-pro-967467-115321.webp","jetpack_sharing_enabled":true,"jetpack_shortlink":"https:\/\/wp.me\/p9fihK-aqo","_links":{"self":[{"href":"http:\/\/dsrmedios.com.ar\/diario\/wp-json\/wp\/v2\/posts\/40076"}],"collection":[{"href":"http:\/\/dsrmedios.com.ar\/diario\/wp-json\/wp\/v2\/posts"}],"about":[{"href":"http:\/\/dsrmedios.com.ar\/diario\/wp-json\/wp\/v2\/types\/post"}],"author":[{"embeddable":true,"href":"http:\/\/dsrmedios.com.ar\/diario\/wp-json\/wp\/v2\/users\/8"}],"replies":[{"embeddable":true,"href":"http:\/\/dsrmedios.com.ar\/diario\/wp-json\/wp\/v2\/comments?post=40076"}],"version-history":[{"count":1,"href":"http:\/\/dsrmedios.com.ar\/diario\/wp-json\/wp\/v2\/posts\/40076\/revisions"}],"predecessor-version":[{"id":40079,"href":"http:\/\/dsrmedios.com.ar\/diario\/wp-json\/wp\/v2\/posts\/40076\/revisions\/40079"}],"wp:featuredmedia":[{"embeddable":true,"href":"http:\/\/dsrmedios.com.ar\/diario\/wp-json\/wp\/v2\/media\/36916"}],"wp:attachment":[{"href":"http:\/\/dsrmedios.com.ar\/diario\/wp-json\/wp\/v2\/media?parent=40076"}],"wp:term":[{"taxonomy":"category","embeddable":true,"href":"http:\/\/dsrmedios.com.ar\/diario\/wp-json\/wp\/v2\/categories?post=40076"},{"taxonomy":"post_tag","embeddable":true,"href":"http:\/\/dsrmedios.com.ar\/diario\/wp-json\/wp\/v2\/tags?post=40076"}],"curies":[{"name":"wp","href":"https:\/\/api.w.org\/{rel}","templated":true}]}}