{"id":40075,"date":"2023-10-05T15:08:33","date_gmt":"2023-10-05T18:08:33","guid":{"rendered":"http:\/\/dsrmedios.com.ar\/diario\/?p=40075"},"modified":"2023-10-05T15:08:36","modified_gmt":"2023-10-05T18:08:36","slug":"chiqui-tapia-sergio-massa-y-matias-lammens-presentaron-el-mundial-2030-en-argentina-tenemos-el-primer-partido-confirmado-pero-hay-mas-novedades","status":"publish","type":"post","link":"http:\/\/dsrmedios.com.ar\/diario\/archivos\/40075","title":{"rendered":"Chiqui Tapia, Sergio Massa y Mat\u00edas Lammens presentaron el Mundial 2030 en Argentina: \u201cTenemos el primer partido confirmado, pero hay m\u00e1s novedades\u201d"},"content":{"rendered":"\n<p>Este jueves se celebr\u00f3 una conferencia de prensa en el predio de la<strong>\u00a0Asociaci\u00f3n del F\u00fatbol Argentino (AFA<\/strong>) para dar m\u00e1s detalles acerca de la organizaci\u00f3n del\u00a0<strong>Mundial 2030<\/strong>\u00a0que se llevar\u00e1 adelante en tres continentes y seis pa\u00edses distintos. En el marco del centenario del m\u00e1ximo torneo de naciones,\u00a0<strong>FIFA\u00a0<\/strong>comunic\u00f3 que los tres primeros partidos de dicho torneo se disputar\u00e1n en\u00a0<strong>Uruguay, Argentina y Paraguay,<\/strong>\u00a0al tiempo que los otros 101 partidos se jugar\u00e1n en\u00a0<strong>Espa\u00f1a, Portugal y Marruecos.<\/strong><a rel=\"noreferrer noopener\" href=\"https:\/\/www.infobae.com\/deportes\/2023\/10\/05\/por-que-chile-se-quedo-afuera-de-la-organizacion-del-mundial-2030-que-se-iniciara-en-argentina-uruguay-y-paraguay\/\" target=\"_blank\"><\/a><\/p>\n\n\n\n<p>Despu\u00e9s del anuncio, que fue realizado el mi\u00e9rcoles por&nbsp;<strong>Conmebol&nbsp;<\/strong>en Luque,&nbsp;<strong>Claudio Tapia&nbsp;<\/strong>encabez\u00f3 la presentaci\u00f3n desde territorio nacional de cara a lo que ser\u00e1 la organizaci\u00f3n de un solo partido junto con el Ministro de Econom\u00eda,&nbsp;<strong>Sergio Massa<\/strong>, y el Ministro de Deporte y Turismo,&nbsp;<strong>Mat\u00edas Lammens<\/strong>, adem\u00e1s de varios dirigentes del f\u00fatbol dom\u00e9stico. Obviamente, ese encuentro ser\u00e1 disputado por la&nbsp;<strong>selecci\u00f3n argentina<\/strong>, que al igual que la de&nbsp;<strong>Paraguay&nbsp;<\/strong>y la de&nbsp;<strong>Uruguay<\/strong>, clasificar\u00e1n directamente al certamen sin la necesidad de disputar las&nbsp;<strong>Eliminatorias<\/strong>.<\/p>\n\n\n\n<p>Ante la prensa,&nbsp;<strong>Tapia&nbsp;<\/strong>se mostr\u00f3 orgulloso de lo conseguido: \u201c<strong>Fue el d\u00eda m\u00e1s importante para le f\u00fatbol argentino desde que me toca estar en la gesti\u00f3n conduciendo los destinos del f\u00fatbol argentino despu\u00e9s del 18 de diciembre de 2022<\/strong>. Tener la posibilidad de haber logrado cristalizar un sue\u00f1o que se inici\u00f3 hace un tiempo para que el Mundial 2030 tuviera la posibilidad de jugarse en Sudam\u00e9rica y rememorar la historia, poder lograr que el f\u00fatbol, sudamericano fuera parte de este mundial fue un objetivo que naci\u00f3n conjuntamente con Alejandro Dom\u00ednguez, Nacho Alonso, Robert Harrison y quien les hable y sin dudas Gianni Infantino, que confi\u00f3 ene l f\u00fatbol argentino y sudamericano\u201d. Al tiempo que sostuvo que el mandam\u00e1s de FIFA se hab\u00eda comprometido a que esto sucediera.<\/p>\n\n\n\n<p>Adem\u00e1s, el m\u00e1ximo dirigente anticip\u00f3 que la gesti\u00f3n le permitir\u00e1 al pa\u00eds no tener que invertir cientos de millones de d\u00f3lares:\u00a0<strong>\u201cA costo cero, vamos a ser sede del Mundial 2030 en donde el estado no va a tener que invertir nada<\/strong>\u201d. Fue entonces que explic\u00f3 que dej\u00f3 en claro que el proyecto original que buscaba traer el certamen completo a la Argentina no ten\u00eda posibilidad alguna de prosperar en una elecci\u00f3n:\u00a0<strong>\u201cEra muy dif\u00edcil competir en lo econ\u00f3mico y en los votos, son muchos los que votan y en Sudam\u00e9rica apenas somos 10 pero se ve que valemos mucho y trabajamos mucho\u201d.<\/strong><\/p>\n\n\n\n<p><strong>Tapia&nbsp;<\/strong>explic\u00f3 que un punto clave en este logro fue la organizaci\u00f3n del Mundial sub 20, el cual Argentina alberg\u00f3 despu\u00e9s de que se suspendiera a Indonesia como sede original. Sobre esto se explay\u00f3&nbsp;<strong>Mat\u00edas Lammens<\/strong>: \u201cEstuve ese d\u00eda cuando vino Infantino nos felicit\u00f3 por c\u00f3mo lo hab\u00edamos hecho, eso marc\u00f3 un antes y un despu\u00e9s, nos puso en carrera de verdad para el Mundial 2030. Pone a la Argentina en el foco del mundo, el mundo va a estar mirando a la Argentina, con todo lo que representa en t\u00e9rminos futbol\u00edsticos, pero de oportunidad\u201d. Y adelant\u00f3:&nbsp;<strong>\u201cTenemos confirmado el primer partido, pero hay mas novedades&nbsp;<\/strong>que podemos tener en los pr\u00f3ximos meses, en los pr\u00f3ximos a\u00f1os, para los cuales est\u00e1 trabajando&nbsp;<em>Chiqui<\/em>\u201d.<\/p>\n\n\n\n<p>En su turno, Massa dio algunos detalles de lo que ser\u00e1 la organizaci\u00f3n: \u201c<strong>Los 30 d\u00edas previos habr\u00e1 20 ciudades con Fan Fest<\/strong>, con sponsors globales, activando el clima mundialista en Argentina, el partido inaugural, la televisaci\u00f3n, lo que significa para la marca Argentina tener miles de millones de personas mirando a nuestra Selecci\u00f3n y pudiendo mostrar nuestros destinos tur\u00edsticos y la calidad humana con la que los argentinos recibimos al mundo\u201d. Y adem\u00e1s, agreg\u00f3 un deseo personal:\u00a0<strong>\u201cMe encantar\u00eda que ese partido lo hagamos en Santiago, en C\u00f3rdoba o en Mendoza, que nos puede garantizar que adem\u00e1s le demos movimientos internos\u201d.\u00a0<\/strong>Pero, el presidente de la AFA se\u00f1al\u00f3 que ahora comenzar\u00e1 un arduo trabajo para decidir cu\u00e1l albergar\u00e1 el encuentro.<\/p>\n\n\n\n<p>En relativo a lo organizativo, Tapia cont\u00f3: \u201c<strong>Todav\u00eda no est\u00e1 la decisi\u00f3n sobre si los tres partidos inaugurales se van a jugar el mismo d\u00eda.&nbsp;<\/strong>S\u00ed que Uruguay, como Argentina y Paraguay van a tener su partido inaugural con su fiesta inaugural y tenemos que trabajar much\u00edsimo en eso\u201d. Adem\u00e1s, revel\u00f3 que ya tuvo di\u00e1logos con&nbsp;<strong>Lionel Scaloni&nbsp;<\/strong>y ambos coincidieron en que, por fecha, en 2030 el seleccionado nacional tendr\u00e1 \u201cel segundo recambio\u201d del equipo actual: \u201cSi el quisiera, podr\u00eda ser el t\u00e9cnico en 2030\u2033.<\/p>\n\n\n\n<p><img decoding=\"async\" loading=\"lazy\" alt=\"(Reuters)\" height=\"3342\" width=\"5064\" src=\"https:\/\/www.infobae.com\/new-resizer\/MVYJ4QdEb51IIoq6x-AAl90ONYE=\/arc-anglerfish-arc2-prod-infobae\/public\/HF36ZGX56YKXEKNX4HT6MNKD4U.jpg\" srcset=\"https:\/\/www.infobae.com\/new-resizer\/GWkrvqpm2srg1_ipwL8aOGyGixY=\/420x280\/filters:format(webp):quality(85)\/cloudfront-us-east-1.images.arcpublishing.com\/infobae\/HF36ZGX56YKXEKNX4HT6MNKD4U.jpg 420w,https:\/\/www.infobae.com\/new-resizer\/G3QcRZim1w6wf4F32SCeARWucLo=\/768x512\/filters:format(webp):quality(85)\/cloudfront-us-east-1.images.arcpublishing.com\/infobae\/HF36ZGX56YKXEKNX4HT6MNKD4U.jpg 768w,https:\/\/www.infobae.com\/new-resizer\/ULEzj9qUkBj6W26kj8VU0cc7Iuk=\/992x661\/filters:format(webp):quality(85)\/cloudfront-us-east-1.images.arcpublishing.com\/infobae\/HF36ZGX56YKXEKNX4HT6MNKD4U.jpg 992w,https:\/\/www.infobae.com\/new-resizer\/xp_UseRfiSRrjiZ39RDoaR4i4mU=\/1200x800\/filters:format(webp):quality(85)\/cloudfront-us-east-1.images.arcpublishing.com\/infobae\/HF36ZGX56YKXEKNX4HT6MNKD4U.jpg 1200w,https:\/\/www.infobae.com\/new-resizer\/VNaaa6DNpe_ZdaoQkbQOoDHKIlg=\/1440x960\/filters:format(webp):quality(85)\/cloudfront-us-east-1.images.arcpublishing.com\/infobae\/HF36ZGX56YKXEKNX4HT6MNKD4U.jpg 1440w\">(Reuters)<\/p>\n\n\n\n<p>Hasta el momento, el \u00fanico estadio que est\u00e1 confirmado por las autoridades es el&nbsp;<em>Centenario<\/em>&nbsp;de Montevideo, el hist\u00f3rico recinto que alberg\u00f3 la mayor\u00eda de los partidos de la primera Copa del Mundo en 1930. Todav\u00eda no hay confirmaciones oficiales sobre los recintos que se utilizar\u00e1n en Argentina y Paraguay m\u00e1s all\u00e1 de los rumores l\u00f3gicos que ubican el&nbsp;<em>Estadio Monumental<\/em>&nbsp;de Buenos Aires \u2013sede habitual de los partidos de la Selecci\u00f3n\u2013 como uno de los candidatos en ese pa\u00eds.<\/p>\n\n\n\n<p>Mientras tanto, los medios espa\u00f1oles aseguran que las ciudades de&nbsp;<strong>Madrid<\/strong>,&nbsp;<strong>Barcelona&nbsp;<\/strong>y&nbsp;<strong>Sevilla&nbsp;<\/strong>seguramente ser\u00e1n anfitrionas de los diversos partidos e incluso advierten que el&nbsp;<em><strong>Santiago Bernab\u00e9u<\/strong><\/em>&nbsp;de Madrid tiene todos los n\u00fameros para recibir la gran final. Adem\u00e1s, en ese contexto, el&nbsp;<em><strong>Metropolitano<\/strong><\/em>(Madrid),&nbsp;<em><strong>Camp Nou<\/strong><\/em>(Barcelona),&nbsp;<em><strong>Cornell\u00e1<\/strong><\/em>(Barcelona) y&nbsp;<em><strong>La Cartuja<\/strong><\/em>&nbsp;(Sevilla) ser\u00edan los otros estadios con un visto bueno.<\/p>\n\n\n\n<p>En Espa\u00f1a tambi\u00e9n candidatean a otros estadios como el&nbsp;<em><strong>Gran Canaria<\/strong><\/em>(Islas Canarias),<em><strong>La Rosaleda<\/strong><\/em>(M\u00e1laga),&nbsp;<em>Nueva Condomina<\/em>&nbsp;(Murcia),&nbsp;<em>Nuevo Bala\u00eddos<\/em>&nbsp;(Vigo),<em>&nbsp;El Molin\u00f3n<\/em>&nbsp;(Gij\u00f3n),&nbsp;<em>Nuevo Riazor<\/em>&nbsp;(La Coru\u00f1a),&nbsp;<em>Nuevo San Mam\u00e9s<\/em>&nbsp;(Bilbao),&nbsp;<em>Nuevo Anoeta<\/em>&nbsp;(San Sebasti\u00e1n),&nbsp;<em>La Romareda<\/em>&nbsp;(Zaragoza) o el&nbsp;<em>Nuevo Mestalla<\/em>&nbsp;(Valencia), la mayor\u00eda de ellos est\u00e1n vinculados a proyectos de remodelaci\u00f3n para poder adaptarse a normativas FIFA.<\/p>\n\n\n\n<p>Mientras tanto, en Portugal se indica que es casi un hecho que los estadios<em><strong>Da Luz<\/strong><\/em>&nbsp;(Lisboa),&nbsp;<em><strong>Jos\u00e9 Alvalade<\/strong><\/em>&nbsp;(Lisboa) y&nbsp;<em><strong>do Drag\u00e3o<\/strong><\/em>&nbsp;(Porto) ser\u00e1n incluidos en la grilla. Incluso el diario&nbsp;<em>R\u00e9cord<\/em>&nbsp;de ese pa\u00eds se anim\u00f3 a adelantar que \u201cPortugal ya sabe que el n\u00famero m\u00e1ximo de estadios que tendr\u00e1 en el evento de 2030 ser\u00e1 tres\u201d, se\u00f1alando estos tres recintos como los elegidos.<\/p>\n\n\n\n<p>En Marruecos todav\u00eda no est\u00e1 tan claro cu\u00e1les son los favoritos, aunque s\u00ed se habla que seis ciudades est\u00e1n en el proyecto para recibir los compromisos:\u00a0<strong>Rabat<\/strong>,\u00a0<strong>Casablanca<\/strong>,\u00a0<strong>Tanger<\/strong>,\u00a0<strong>Agadir<\/strong>,\u00a0<strong>Marrakech\u00a0<\/strong>y\u00a0<strong>Fez<\/strong>.<\/p>\n\n\n\n<p>Fuente: Infobae<\/p>\n","protected":false},"excerpt":{"rendered":"<div class=\"mh-excerpt\"><p>Este jueves se celebr\u00f3 una conferencia de prensa en el predio de la\u00a0Asociaci\u00f3n del F\u00fatbol Argentino (AFA) para dar m\u00e1s detalles acerca de la organizaci\u00f3n del\u00a0Mundial 2030\u00a0que se llevar\u00e1 adelante en tres continentes y seis pa\u00edses distintos. En el marco del centenario del m\u00e1ximo torneo de naciones,\u00a0FIFA\u00a0comunic\u00f3 que los tres primeros partidos de dicho torneo se disputar\u00e1n en\u00a0Uruguay, Argentina y Paraguay,\u00a0al tiempo que los otros 101 partidos se jugar\u00e1n en\u00a0Espa\u00f1a, Portugal y Marruecos. Despu\u00e9s del anuncio, que fue realizado el mi\u00e9rcoles por&nbsp;Conmebol&nbsp;en Luque,&nbsp;Claudio Tapia&nbsp;encabez\u00f3 la presentaci\u00f3n desde territorio nacional de cara a lo que ser\u00e1 la organizaci\u00f3n de un solo <a class=\"mh-excerpt-more\" href=\"http:\/\/dsrmedios.com.ar\/diario\/archivos\/40075\" title=\"Chiqui Tapia, Sergio Massa y Mat\u00edas Lammens presentaron el Mundial 2030 en Argentina: \u201cTenemos el primer partido confirmado, pero hay m\u00e1s novedades\u201d\">[Leer m\u00e1s]<\/a><\/p>\n<\/div>","protected":false},"author":8,"featured_media":40077,"comment_status":"open","ping_status":"closed","sticky":false,"template":"","format":"standard","meta":{"_jetpack_newsletter_access":""},"categories":[6],"tags":[],"jetpack_featured_media_url":"http:\/\/dsrmedios.com.ar\/diario\/wp-content\/uploads\/2023\/10\/descarga-22.jpeg","jetpack_sharing_enabled":true,"jetpack_shortlink":"https:\/\/wp.me\/p9fihK-aqn","_links":{"self":[{"href":"http:\/\/dsrmedios.com.ar\/diario\/wp-json\/wp\/v2\/posts\/40075"}],"collection":[{"href":"http:\/\/dsrmedios.com.ar\/diario\/wp-json\/wp\/v2\/posts"}],"about":[{"href":"http:\/\/dsrmedios.com.ar\/diario\/wp-json\/wp\/v2\/types\/post"}],"author":[{"embeddable":true,"href":"http:\/\/dsrmedios.com.ar\/diario\/wp-json\/wp\/v2\/users\/8"}],"replies":[{"embeddable":true,"href":"http:\/\/dsrmedios.com.ar\/diario\/wp-json\/wp\/v2\/comments?post=40075"}],"version-history":[{"count":1,"href":"http:\/\/dsrmedios.com.ar\/diario\/wp-json\/wp\/v2\/posts\/40075\/revisions"}],"predecessor-version":[{"id":40078,"href":"http:\/\/dsrmedios.com.ar\/diario\/wp-json\/wp\/v2\/posts\/40075\/revisions\/40078"}],"wp:featuredmedia":[{"embeddable":true,"href":"http:\/\/dsrmedios.com.ar\/diario\/wp-json\/wp\/v2\/media\/40077"}],"wp:attachment":[{"href":"http:\/\/dsrmedios.com.ar\/diario\/wp-json\/wp\/v2\/media?parent=40075"}],"wp:term":[{"taxonomy":"category","embeddable":true,"href":"http:\/\/dsrmedios.com.ar\/diario\/wp-json\/wp\/v2\/categories?post=40075"},{"taxonomy":"post_tag","embeddable":true,"href":"http:\/\/dsrmedios.com.ar\/diario\/wp-json\/wp\/v2\/tags?post=40075"}],"curies":[{"name":"wp","href":"https:\/\/api.w.org\/{rel}","templated":true}]}}