{"id":40072,"date":"2023-10-05T15:06:51","date_gmt":"2023-10-05T18:06:51","guid":{"rendered":"http:\/\/dsrmedios.com.ar\/diario\/?p=40072"},"modified":"2023-10-05T15:06:53","modified_gmt":"2023-10-05T18:06:53","slug":"cuanto-mas-alto-este-el-dolar-mas-facil-es-dolarizar-aseguro-milei-al-llegar-a-su-contracumbre-en-mar-del-plata","status":"publish","type":"post","link":"http:\/\/dsrmedios.com.ar\/diario\/archivos\/40072","title":{"rendered":"\u201cCuanto m\u00e1s alto est\u00e9 el d\u00f3lar, m\u00e1s f\u00e1cil es dolarizar\u201d, asegur\u00f3 Milei al llegar a su contracumbre en Mar del Plata"},"content":{"rendered":"\n<p>El precandidato presidencial&nbsp;<strong>Javier Milei<\/strong>&nbsp;encabeza este mediod\u00eda una charla privada ante empresarios en Mar del Plata. El encuentro es considerado una contracumbre porque a la misma hora su contrincante de Juntos por el Cambio, Patricia Bullrich, habla en el tradicional Coloquio de Idea.<\/p>\n\n\n\n<p>Al llegar a un restaurante donde lo esperan 90 ejecutivos, el economista liberal se refiri\u00f3 a la suba del d\u00f3lar que se registr\u00f3 en los \u00faltimos d\u00edas: \u201c<strong>Cuando m\u00e1s alto est\u00e9, es m\u00e1s f\u00e1cil dolarizar<\/strong>\u201d. \u201cPara nosotros, eliminar el Banco Central es una pol\u00edtica inamovible\u201d, agreg\u00f3.<\/p>\n\n\n\n<p>El diputado de la Libertad Avanza asegur\u00f3 adem\u00e1s que en su plan de gobierno no est\u00e1 prevista la reestructuraci\u00f3n de la deuda, tanto en pesos como en d\u00f3lar. \u201cCuando tuvimos la charla con el FMI les dije que los contratos y los derechos de propiedad se van a respetar a rajatabla; vamos a pagar la deuda y adem\u00e1s&nbsp;<strong>el rescate de las leliqs va a ser a precio de mercado<\/strong>\u201d, dijo.<\/p>\n\n\n\n<p>Y resalt\u00f3: \u201c<strong>Agitar el fantasma de default es una irresponsabilidad, no se puede agitar el caos en una situaci\u00f3n como esta<\/strong>\u201d<\/p>\n\n\n\n<p>Seg\u00fan explic\u00f3 Milei, el almuerzo de este mediod\u00eda fue organizado por Juan N\u00e1poli hace 4 meses. Dijo adem\u00e1s que decidi\u00f3 no participar este a\u00f1o en el Coloquio de Idea porque considera que all\u00ed no lo tratan adecuadamente.<\/p>\n\n\n\n<p>\u201cJuan (N\u00e1poli) tuvo una demanda de 700 lugares, el problema es que aqu\u00ed tenemos una restricci\u00f3n f\u00edsica. S\u00f3lo se quedaron viendo a Bullrich los que no consiguieron invitaci\u00f3n para estar ac\u00e1\u201d, chicane\u00f3 el postulante a la Casa Rosada.<\/p>\n\n\n\n<p>Hasta hace pocos d\u00edas, Milei figuraba en el programa oficial de IDEA. Lo esperaban ma\u00f1ana viernes, a las 9 de la ma\u00f1ana, con dos entrevistadores designados. Pero su equipo defini\u00f3 otra estrategia: este jueves se re\u00fane en el rest\u00f3 Furia con l\u00edderes de grandes empresas argentinas. Efectivamente hubo muchos hombres y mujeres de negocios que se retiraron del Hotel Sheraton, donde se realiza el Coloquio, para sumarse a la comida del \u201cLe\u00f3n\u201d porque tienen muchas preguntas para hacerle sobre su plan econ\u00f3mico.<\/p>\n\n\n\n<figure class=\"wp-block-image\"><img decoding=\"async\" src=\"https:\/\/www.infobae.com\/new-resizer\/dYHw79sVFuwX2X65v2b5Lr3vU5c=\/arc-anglerfish-arc2-prod-infobae\/public\/6E6YBUJVBZGI5MPYAWWZID7GEM.jpg\" alt=\"infobae\"\/><\/figure>\n\n\n\n<p>Entre los asistentes se encuentran,<strong>&nbsp;Mart\u00edn Cabrales<\/strong>,&nbsp;<strong>Patricio Supervielle<\/strong>,&nbsp;<strong>Marcelo Figueiras&nbsp;<\/strong>(Laboratorios Richmond),&nbsp;<strong>Guillermo Cervi\u00f1o&nbsp;<\/strong>(Comafi),&nbsp;<strong>Rodrigo Fern\u00e1ndez Prieto&nbsp;<\/strong>y&nbsp;<strong>Daniel Funes<\/strong>&nbsp;de&nbsp;<strong>Rioja&nbsp;<\/strong>(UIA).<\/p>\n\n\n\n<p>El a\u00f1o pasado, Milei s\u00ed estuvo en uno de los almuerzos oficiales de Coloquio. Fue el viernes y tambi\u00e9n participaron\u00a0<strong>Patricia Bullrich<\/strong>,\u00a0<strong>Carlos Melconian<\/strong>,\u00a0<strong>Roberto Lavagna<\/strong>,\u00a0<strong>Jorge Neme\u00a0<\/strong>y\u00a0<strong>Facundo Manes<\/strong>. En eso momento, la m\u00e1s requerida fue Bullrich que lleg\u00f3 a Mar del Plata con la bandera de avanzar con reformas laboral e impositiva r\u00e1pidas y contundentes.<\/p>\n\n\n\n<p>Fuente: Infocielo<\/p>\n","protected":false},"excerpt":{"rendered":"<div class=\"mh-excerpt\"><p>El precandidato presidencial&nbsp;Javier Milei&nbsp;encabeza este mediod\u00eda una charla privada ante empresarios en Mar del Plata. El encuentro es considerado una contracumbre porque a la misma hora su contrincante de Juntos por el Cambio, Patricia Bullrich, habla en el tradicional Coloquio de Idea. Al llegar a un restaurante donde lo esperan 90 ejecutivos, el economista liberal se refiri\u00f3 a la suba del d\u00f3lar que se registr\u00f3 en los \u00faltimos d\u00edas: \u201cCuando m\u00e1s alto est\u00e9, es m\u00e1s f\u00e1cil dolarizar\u201d. \u201cPara nosotros, eliminar el Banco Central es una pol\u00edtica inamovible\u201d, agreg\u00f3. El diputado de la Libertad Avanza asegur\u00f3 adem\u00e1s que en su plan <a class=\"mh-excerpt-more\" href=\"http:\/\/dsrmedios.com.ar\/diario\/archivos\/40072\" title=\"\u201cCuanto m\u00e1s alto est\u00e9 el d\u00f3lar, m\u00e1s f\u00e1cil es dolarizar\u201d, asegur\u00f3 Milei al llegar a su contracumbre en Mar del Plata\">[Leer m\u00e1s]<\/a><\/p>\n<\/div>","protected":false},"author":8,"featured_media":32063,"comment_status":"open","ping_status":"closed","sticky":false,"template":"","format":"standard","meta":{"_jetpack_newsletter_access":""},"categories":[6],"tags":[],"jetpack_featured_media_url":"http:\/\/dsrmedios.com.ar\/diario\/wp-content\/uploads\/2023\/04\/javier-mileijpg-1.jpg","jetpack_sharing_enabled":true,"jetpack_shortlink":"https:\/\/wp.me\/p9fihK-aqk","_links":{"self":[{"href":"http:\/\/dsrmedios.com.ar\/diario\/wp-json\/wp\/v2\/posts\/40072"}],"collection":[{"href":"http:\/\/dsrmedios.com.ar\/diario\/wp-json\/wp\/v2\/posts"}],"about":[{"href":"http:\/\/dsrmedios.com.ar\/diario\/wp-json\/wp\/v2\/types\/post"}],"author":[{"embeddable":true,"href":"http:\/\/dsrmedios.com.ar\/diario\/wp-json\/wp\/v2\/users\/8"}],"replies":[{"embeddable":true,"href":"http:\/\/dsrmedios.com.ar\/diario\/wp-json\/wp\/v2\/comments?post=40072"}],"version-history":[{"count":1,"href":"http:\/\/dsrmedios.com.ar\/diario\/wp-json\/wp\/v2\/posts\/40072\/revisions"}],"predecessor-version":[{"id":40074,"href":"http:\/\/dsrmedios.com.ar\/diario\/wp-json\/wp\/v2\/posts\/40072\/revisions\/40074"}],"wp:featuredmedia":[{"embeddable":true,"href":"http:\/\/dsrmedios.com.ar\/diario\/wp-json\/wp\/v2\/media\/32063"}],"wp:attachment":[{"href":"http:\/\/dsrmedios.com.ar\/diario\/wp-json\/wp\/v2\/media?parent=40072"}],"wp:term":[{"taxonomy":"category","embeddable":true,"href":"http:\/\/dsrmedios.com.ar\/diario\/wp-json\/wp\/v2\/categories?post=40072"},{"taxonomy":"post_tag","embeddable":true,"href":"http:\/\/dsrmedios.com.ar\/diario\/wp-json\/wp\/v2\/tags?post=40072"}],"curies":[{"name":"wp","href":"https:\/\/api.w.org\/{rel}","templated":true}]}}