{"id":40060,"date":"2023-10-05T14:57:39","date_gmt":"2023-10-05T17:57:39","guid":{"rendered":"http:\/\/dsrmedios.com.ar\/diario\/?p=40060"},"modified":"2023-10-05T14:57:45","modified_gmt":"2023-10-05T17:57:45","slug":"tras-la-nueva-interna-por-el-factor-milei-jxc-hace-control-de-danos-y-bullrich-sumara-a-macri-a-la-campana","status":"publish","type":"post","link":"http:\/\/dsrmedios.com.ar\/diario\/archivos\/40060","title":{"rendered":"Tras la nueva interna por el factor Milei, JxC hace control de da\u00f1os y Bullrich sumar\u00e1 a Macri a la campa\u00f1a"},"content":{"rendered":"\n<p>Otro \u00bferror? no forzado: a menos de 20 d\u00edas de las elecciones que definir\u00e1n al nuevo presidente o a quienes ir\u00e1n al ballotaje,\u00a0<strong>JxC\u00a0<\/strong>volvi\u00f3 a ser\u00a0<strong>v\u00edctima de sus propios cortocircuitos<\/strong>\u00a0internos.\u00a0<a rel=\"noreferrer noopener\" href=\"https:\/\/tn.com.ar\/politica\/2023\/10\/03\/macri-hablo-de-un-eventual-gobierno-de-milei-espero-que-jxc-apoye-las-reformas-razonables-en-el-congreso\/\" target=\"_blank\"><strong>Mauricio Macri<\/strong>\u00a0respondi\u00f3 una pregunta sobre Javier Milei<\/a>\u00a0durante un evento en EE.UU. y una frase en particular provoc\u00f3 que\u00a0<a rel=\"noreferrer noopener\" href=\"https:\/\/tn.com.ar\/politica\/2023\/10\/04\/fuerte-cruce-de-bullrich-a-macri-por-el-gesto-con-milei-lo-que-dijo-me-parece-inconveniente\/\" target=\"_blank\">Patricia Bullrich mostrara su enojo en p\u00fablico<\/a>, a lo que siguieron de duras cr\u00edticas de otros socios de la coalici\u00f3n opositora.<\/p>\n\n\n\n<p>En el equipo de la candidata del PRO&nbsp;<strong>buscan ahora hacer control de da\u00f1os<\/strong>. El expresidente regresar\u00e1 el fin de semana al pa\u00eds y se sumar\u00eda al \u00faltimo tramo de campa\u00f1a.<\/p>\n\n\n\n<p>El episodio,\u00a0<strong>m\u00e1s all\u00e1\u00a0<\/strong>del grado de<strong>\u00a0desconfianza<\/strong>\u00a0de base que existe por los antecedentes de coqueteos entre Macri y Milei, tuvo tambi\u00e9n bastante de\u00a0<strong>error comunicacional<\/strong>. El martes a la noche, el exmandatario particip\u00f3 de una charla en la Universidad de Harvard en Estados Unidos. La charla tambi\u00e9n incluy\u00f3 un tramo con consultas de los propios alumnos. Uno de ellos le\u00a0<strong>pregunt\u00f3\u00a0<\/strong>si, siempre en el terreno de lo especulativo,\u00a0<strong>Milei ganara las elecciones, \u00e9l participar\u00eda de su gobierno<\/strong>\u00a0de alguna forma.<\/p>\n\n\n\n<p>\u201cSiempre fui muy coherente. Cree un partido, una coalici\u00f3n, la fortalec\u00ed, me siento responsable. Lo que creo es que&nbsp;<strong>vamos a ganar la elecci\u00f3n<\/strong>. Creo que vamos a ganar la elecci\u00f3n, pero&nbsp;<strong>en caso de que eso no suceda<\/strong>&nbsp;y \u00e9l gane, espero que&nbsp;<strong>nuestra coalici\u00f3n acompa\u00f1e cualquier reforma razonable<\/strong>&nbsp;para que la Argentina pueda dejar atr\u00e1s este sistema tramposo en el que estamos atrapados. Ese es el lugar desde el que podemos ayudar. Y esperamos, como vamos a ganar, que los liberales tambi\u00e9n nos ayuden a pasar las leyes que necesitamos\u201d, respondi\u00f3 el expresidente.<\/p>\n\n\n\n<p>Este mi\u00e9rcoles, temprano por la ma\u00f1ana, cuando las declaraciones de Macri ya hab\u00edan circulado, y especialmente el tramo de la respuesta que especulaba con un posible gobierno de Milei,&nbsp;<strong>Patricia Bullrich dio una entrevista radial<\/strong>. \u201c<strong>No es momento<\/strong>, no s\u00e9 por qu\u00e9 hace definiciones de ese tipo\u201d, se quej\u00f3. Enojada, advirti\u00f3, que el diferencial de JxC sobre Milei era justamente que JxC, a diferencia del libertario, tendr\u00eda los apoyos necesarios en el Congreso para hacer las reformas.<\/p>\n\n\n\n<figure class=\"wp-block-image\"><img decoding=\"async\" src=\"https:\/\/tn.com.ar\/resizer\/Yq8wDebjlROhGbKmPM3C8krsYmA=\/767x0\/smart\/filters:format(webp)\/cloudfront-us-east-1.images.arcpublishing.com\/artear\/GI2DPKV5AGEC6TABCM3PG36VFU.jpg\" alt=\"Javier Milei, durante el debate presidencial en Santiago del Estero ( Tomas Cuesta\/Pool via REUTERS)\n\"\/><figcaption class=\"wp-element-caption\">Javier Milei, durante el debate presidencial en Santiago del Estero ( Tomas Cuesta\/Pool via REUTERS)Por:&nbsp;<strong>via REUTERS<\/strong><\/figcaption><\/figure>\n\n\n\n<p>\u201cUn&nbsp;<strong>absurdo total<\/strong>&nbsp;lo que hizo Patricia. Por un&nbsp;<strong>titular que recorta el textual<\/strong>, que nosotros encima criticamos como se recort\u00f3, sali\u00f3 a cruzar a Mauricio en vez de al menos hablar antes con \u00e9l o escuchar bien la declaraci\u00f3n. Es un&nbsp;<strong>error enorme de comunicaci\u00f3n<\/strong>, le abri\u00f3 la cancha a Milei para que te diga \u2018bienvenido Mauricio, pas\u00e1 que ac\u00e1 te tratamos bien\u2019. Y adem\u00e1s se suman los dem\u00e1s como la Coalici\u00f3n C\u00edvica, los Lousteau y los Espert\u201d, dijo molesto un dirigente cercano al exmandatario.<\/p>\n\n\n\n<p>Reci\u00e9n m\u00e1s tarde,&nbsp;<strong>Bullrich y Macri hablaron durante media hora<\/strong>&nbsp;por tel\u00e9fono. Testigos de la conversaci\u00f3n aseguran que la charla fue cordial, que el expresidente explic\u00f3 que fue un&nbsp;<strong>malentendido&nbsp;<\/strong>y que le ratific\u00f3 que \u201cla&nbsp;<strong>apoya al 110%<\/strong>\u201d. La candidata dio otra entrevista en el que asegur\u00f3 que estaba todo aclarado.<\/p>\n\n\n\n<p>Pero&nbsp;<strong>Bullrich ya le hab\u00eda trasmitido su enojo<\/strong>&nbsp;pocas semanas atr\u00e1s, cuando el&nbsp;<a href=\"https:\/\/tn.com.ar\/politica\/2023\/09\/20\/crece-la-tension-entre-un-sector-de-la-ucr-y-el-pro-una-diputada-radical-cruzo-a-mauricio-macri\/\" target=\"_blank\" rel=\"noreferrer noopener\">fundador del PRO carg\u00f3 p\u00fablicamente contra un grupo de diputados radicales de Evoluci\u00f3n -espacio de la UCR que lidera Mart\u00edn Lousteau<\/a>&#8211; por haberse sentado en sus bancas al inicio de una sesi\u00f3n oficialista en Diputados. El caso tambi\u00e9n termin\u00f3 con un llamado entre ambos en el que Bullrich le pidi\u00f3 que no volviera hacerlo.<\/p>\n\n\n\n<figure class=\"wp-block-image\"><img decoding=\"async\" src=\"https:\/\/tn.com.ar\/resizer\/VVnWObfAvJmhdZ7PBXDLKKDRyeE=\/767x0\/smart\/filters:format(webp)\/cloudfront-us-east-1.images.arcpublishing.com\/artear\/HX6LKSAHFJEEFMZIBLETKN25EU.jfif\" alt=\"Bullrich en su motorhome junto a Larreta, Grindetti, Santilli y Ritondo. Foto: Juntos por el Cambio\"\/><figcaption class=\"wp-element-caption\">Bullrich en su motorhome junto a Larreta, Grindetti, Santilli y Ritondo. Foto: Juntos por el Cambio<\/figcaption><\/figure>\n\n\n\n<p>Este mi\u00e9rcoles, luego de la llamada,&nbsp;<strong>Macri public\u00f3 un tuit para explicitar su apoyo:&nbsp;<\/strong>\u201c<strong>Patricia es la \u00fanica con la fuerza&nbsp;<\/strong>y el apoyo pol\u00edtico para vencer a las fuerzas del statu quo\u201d, escribi\u00f3, y acompa\u00f1\u00f3 el mensaje con un video de su charla en Harvard en el que afirma que espera que Milei la acompa\u00f1e cuando ella sea presidenta.<\/p>\n\n\n\n<p>Dos de sus dirigentes m\u00e1s cercanos que hoy forman parte del armado de campa\u00f1a de Bullrich,&nbsp;<strong>Hern\u00e1n Lombardi<\/strong>&nbsp;-diputado nacional- y&nbsp;<strong>Federico Angelini<\/strong>&nbsp;-titular del PRO nacional-,&nbsp;<strong>salieron a bajarle el tono<\/strong>&nbsp;a la disputa y a pedir calma. \u201cNo hay absolutamente nada que atente contra el apoyo de Mauricio hacia Patricia. A aquellos diputados y&nbsp;<strong>referentes que se suben a un conflicto innecesario<\/strong>, les sugiero que pensemos todos en c\u00f3mo ganarle al populismo, c\u00f3mo ganarle a Sergio Massa el d\u00eda 22 de octubre\u201d, dijo Angelini,<\/p>\n\n\n\n<p>Macri tiene previsto&nbsp;<strong>regresar al pa\u00eds entre s\u00e1bado y domingo<\/strong>. Algunas fuentes cercanas al expresidente afirmaban que el vuelo reci\u00e9n aterrizar\u00eda el domingo a la noche, con lo cual eso dejaba&nbsp;<strong>en duda su presencia<\/strong>&nbsp;<strong>en el Debate presidencial&nbsp;<\/strong>como invitado. Sin embargo, en el equipo de campa\u00f1a de Bullrich la versi\u00f3n oficial era, al menos hasta este mi\u00e9rcoles, que estar\u00eda para acompa\u00f1arla en el segundo round entre presidenciables.<\/p>\n\n\n\n<figure class=\"wp-block-image\"><img decoding=\"async\" src=\"https:\/\/tn.com.ar\/resizer\/5SYsPl0EPZoAuHKYD7eAVDIkkC4=\/767x0\/smart\/filters:format(webp)\/cloudfront-us-east-1.images.arcpublishing.com\/artear\/FGOTEKHCGRFTXLCUEY3ZTVUTVM.jpeg\" alt=\"Mauricio Macri en una recorrida en C\u00f3rdoba. Foto: prensa Mauricio Macri\"\/><figcaption class=\"wp-element-caption\">Mauricio Macri en una recorrida en C\u00f3rdoba. Foto: prensa Mauricio Macri<\/figcaption><\/figure>\n\n\n\n<p>M\u00e1s all\u00e1 del debate,&nbsp;<strong>Macri estar\u00e1 presente en el \u00faltimo tramo de la campa\u00f1a<\/strong>. Seg\u00fan indicaban cerca de Bullrich y del exmandatario, se sumar\u00eda a las&nbsp;<strong>recorridas con ella<\/strong>&nbsp;y, aunque a\u00fan restaba definir d\u00f3nde, estar\u00eda especialmente en el interior de la provincia de Buenos Aires, en CABA -donde su primo va por a jefatura de Gobierno- y en C\u00f3rdoba.<\/p>\n\n\n\n<p>De hecho, para la \u00faltima semana de campa\u00f1a, la candidata presidencial -como en la previa las PASO- planea en principio realizar m\u00faltiples cierres diarios en provincias y distritos clave.\u00a0<strong>Macri podr\u00eda estar en el cierre cordob\u00e9s<\/strong>, en donde Milei sali\u00f3 primero en agosto y -creen en JxC- la imagen del expresidente todav\u00eda tiene un peso importante.<\/p>\n\n\n\n<p>Fuente: TN<\/p>\n","protected":false},"excerpt":{"rendered":"<div class=\"mh-excerpt\"><p>Otro \u00bferror? no forzado: a menos de 20 d\u00edas de las elecciones que definir\u00e1n al nuevo presidente o a quienes ir\u00e1n al ballotaje,\u00a0JxC\u00a0volvi\u00f3 a ser\u00a0v\u00edctima de sus propios cortocircuitos\u00a0internos.\u00a0Mauricio Macri\u00a0respondi\u00f3 una pregunta sobre Javier Milei\u00a0durante un evento en EE.UU. y una frase en particular provoc\u00f3 que\u00a0Patricia Bullrich mostrara su enojo en p\u00fablico, a lo que siguieron de duras cr\u00edticas de otros socios de la coalici\u00f3n opositora. En el equipo de la candidata del PRO&nbsp;buscan ahora hacer control de da\u00f1os. El expresidente regresar\u00e1 el fin de semana al pa\u00eds y se sumar\u00eda al \u00faltimo tramo de campa\u00f1a. El episodio,\u00a0m\u00e1s all\u00e1\u00a0del grado <a class=\"mh-excerpt-more\" href=\"http:\/\/dsrmedios.com.ar\/diario\/archivos\/40060\" title=\"Tras la nueva interna por el factor Milei, JxC hace control de da\u00f1os y Bullrich sumar\u00e1 a Macri a la campa\u00f1a\">[Leer m\u00e1s]<\/a><\/p>\n<\/div>","protected":false},"author":8,"featured_media":40061,"comment_status":"open","ping_status":"closed","sticky":false,"template":"","format":"standard","meta":{"_jetpack_newsletter_access":""},"categories":[6],"tags":[],"jetpack_featured_media_url":"http:\/\/dsrmedios.com.ar\/diario\/wp-content\/uploads\/2023\/10\/mQAb0xSOk_1256x620__1-1-1.jpg","jetpack_sharing_enabled":true,"jetpack_shortlink":"https:\/\/wp.me\/p9fihK-aq8","_links":{"self":[{"href":"http:\/\/dsrmedios.com.ar\/diario\/wp-json\/wp\/v2\/posts\/40060"}],"collection":[{"href":"http:\/\/dsrmedios.com.ar\/diario\/wp-json\/wp\/v2\/posts"}],"about":[{"href":"http:\/\/dsrmedios.com.ar\/diario\/wp-json\/wp\/v2\/types\/post"}],"author":[{"embeddable":true,"href":"http:\/\/dsrmedios.com.ar\/diario\/wp-json\/wp\/v2\/users\/8"}],"replies":[{"embeddable":true,"href":"http:\/\/dsrmedios.com.ar\/diario\/wp-json\/wp\/v2\/comments?post=40060"}],"version-history":[{"count":1,"href":"http:\/\/dsrmedios.com.ar\/diario\/wp-json\/wp\/v2\/posts\/40060\/revisions"}],"predecessor-version":[{"id":40062,"href":"http:\/\/dsrmedios.com.ar\/diario\/wp-json\/wp\/v2\/posts\/40060\/revisions\/40062"}],"wp:featuredmedia":[{"embeddable":true,"href":"http:\/\/dsrmedios.com.ar\/diario\/wp-json\/wp\/v2\/media\/40061"}],"wp:attachment":[{"href":"http:\/\/dsrmedios.com.ar\/diario\/wp-json\/wp\/v2\/media?parent=40060"}],"wp:term":[{"taxonomy":"category","embeddable":true,"href":"http:\/\/dsrmedios.com.ar\/diario\/wp-json\/wp\/v2\/categories?post=40060"},{"taxonomy":"post_tag","embeddable":true,"href":"http:\/\/dsrmedios.com.ar\/diario\/wp-json\/wp\/v2\/tags?post=40060"}],"curies":[{"name":"wp","href":"https:\/\/api.w.org\/{rel}","templated":true}]}}