{"id":40056,"date":"2023-10-05T14:56:20","date_gmt":"2023-10-05T17:56:20","guid":{"rendered":"http:\/\/dsrmedios.com.ar\/diario\/?p=40056"},"modified":"2023-10-05T14:56:22","modified_gmt":"2023-10-05T17:56:22","slug":"la-inflacion-ya-licuo-los-efectos-de-la-devaluacion-y-complicara-al-gobierno-despues-de-las-elecciones","status":"publish","type":"post","link":"http:\/\/dsrmedios.com.ar\/diario\/archivos\/40056","title":{"rendered":"La inflaci\u00f3n ya licu\u00f3 los efectos de la devaluaci\u00f3n y complicar\u00e1 al Gobierno despu\u00e9s de las elecciones"},"content":{"rendered":"\n<p>El efecto de<a href=\"https:\/\/tn.com.ar\/economia\/2023\/08\/14\/tras-el-triunfo-de-milei-en-las-paso-el-banco-central-llevo-el-tipo-de-cambio-oficial-a-350\/\" target=\"_blank\" rel=\"noreferrer noopener\">&nbsp;la devaluaci\u00f3n que puso en marcha el Gobierno luego de las PASO<\/a>&nbsp;solamente se mantiene en los&nbsp;<a href=\"https:\/\/tn.com.ar\/economia\/2023\/09\/29\/el-gobierno-difundio-una-inflacion-semanal-de-17-y-dice-que-muestra-una-baja-significativa\/\" target=\"_blank\" rel=\"noreferrer noopener\">precios<\/a>. A menos de dos meses del&nbsp;<strong>salto de 22% del d\u00f3lar oficial<\/strong>, la&nbsp;<strong>competitividad&nbsp;<\/strong>que hab\u00eda ganado el peso ya se&nbsp;<strong>evapor\u00f3<\/strong>. Por el contrario, el impacto sobre la&nbsp;<a href=\"https:\/\/tn.com.ar\/economia\/2023\/10\/03\/preocupa-la-inflacion-de-septiembre-alertan-que-los-productos-de-consumo-masivo-tuvieron-subas-de-dos-digitos\/\" target=\"_blank\" rel=\"noreferrer noopener\"><strong>inflaci\u00f3n&nbsp;<\/strong><\/a>(llamado&nbsp;<em>pass-through<\/em>&nbsp;por los economistas) es m\u00e1s persistente.<\/p>\n\n\n\n<p>\u201cEl BCRA culmin\u00f3 septiembre con el tipo de cambio vigente en $350 por d\u00f3lar. No obstante, este congelamiento en conjunto con una aceleraci\u00f3n de la inflaci\u00f3n tuvo por resultado una erosi\u00f3n de la ganancia real de la devaluaci\u00f3n. En efecto, a la fecha, el\u00a0<strong>tipo de cambio real\u00a0<\/strong>multilateral\u00a0<strong>ya se encuentra por debajo del previo a las PASO<\/strong>\u201d, se\u00f1al\u00f3 la consultora\u00a0<em>LCG\u00a0<\/em>en un informe.<\/p>\n\n\n\n<p>A grandes rasgos,&nbsp;<strong>una devaluaci\u00f3n hace m\u00e1s competitivo al peso<\/strong>&nbsp;contra otras monedas. Esto es, abarata los costos locales, favorece las exportaciones e, incluso, puede generar incentivos para la inversi\u00f3n extranjera. Para monitorear esa din\u00e1mica, se compara al peso con una canasta compuesta por las monedas de los pa\u00edses con los que m\u00e1s comercio internacional tiene la Argentina.<\/p>\n\n\n\n<p>Ese \u201c\u00edndice de tipo de cambio real multilateral (ITCRM)\u201d es publicado por el Banco Central (BCRA).&nbsp;<strong>Cuando el coeficiente sube, muestra una depreciaci\u00f3n del peso; cuando baja, una apreciaci\u00f3n<\/strong>. Como resalt\u00f3&nbsp;<em>LCG<\/em>, el ITCRM pas\u00f3 de 96,49 a 114,9 entre el viernes previo a las PASO y el lunes posterior. De esta manera, reflej\u00f3 la devaluaci\u00f3n que realiz\u00f3 el Gobierno cuando llev\u00f3 el d\u00f3lar mayorista a $350.<\/p>\n\n\n\n<figure class=\"wp-block-image\"><img decoding=\"async\" src=\"https:\/\/tn.com.ar\/resizer\/E_sbDWaogmZzTzXu_mmz4cZh1Vw=\/767x0\/smart\/filters:format(webp)\/cloudfront-us-east-1.images.arcpublishing.com\/artear\/H7HQVS7IB5AVLEZDRGPJS5IMIY.JPG\" alt=\"El tipo de cambio real multilateral ya volvi\u00f3 al nivel previo a las PASO. (Foto: BCRA).\"\/><figcaption class=\"wp-element-caption\">El tipo de cambio real multilateral ya volvi\u00f3 al nivel previo a las PASO. (Foto: BCRA).<\/figcaption><\/figure>\n\n\n\n<p>Sin embargo, dado que el tipo de cambio se mantuvo estable hasta ahora mientras la inflaci\u00f3n sigui\u00f3 su curso, el efecto sobre la competitividad se diluy\u00f3 de a poco. Este martes, el ITCRM estaba en 93,68, es decir, un&nbsp;<strong>2,9% por debajo del nivel previo a la devaluaci\u00f3n<\/strong>.<\/p>\n\n\n\n<h2>Un problema para antes y despu\u00e9s de las elecciones<\/h2>\n\n\n\n<p>Ya sin efectos sobre la competitividad,\u00a0<strong>el impacto de la devaluaci\u00f3n sobre la inflaci\u00f3n todav\u00eda no termin\u00f3 de verse<\/strong>. Tras el\u00a0<a rel=\"noreferrer noopener\" href=\"https:\/\/tn.com.ar\/economia\/2023\/09\/13\/la-inflacion-de-agosto-fue-de-124-la-mas-alta-de-los-ultimos-32-anos\/\" target=\"_blank\">dato r\u00e9cord de agosto<\/a>, de 12,4%, los privados prev\u00e9n que\u00a0<a rel=\"noreferrer noopener\" href=\"https:\/\/tn.com.ar\/economia\/2023\/10\/03\/preocupa-la-inflacion-de-septiembre-alertan-que-los-productos-de-consumo-masivo-tuvieron-subas-de-dos-digitos\/\" target=\"_blank\">septiembre vuelva a mostrar un \u00edndice de dos cifras<\/a>. \u201cEl traspaso de la devaluaci\u00f3n a precios fue pr\u00e1cticamente instant\u00e1neo. Esto es algo que suele pasar con una nominalidad creciente y sin un plan integral que logre calmar las expectativas\u201d, afirm\u00f3\u00a0<em>GMA Capital\u00a0<\/em>en un reporte.<\/p>\n\n\n\n<p>El&nbsp;<strong>d\u00f3lar mayorista fijo en $350&nbsp;<\/strong>y los&nbsp;<a href=\"https:\/\/tn.com.ar\/economia\/2023\/10\/04\/en-medio-de-la-escalada-del-blue-massa-anuncio-un-dolar-diferencial-para-las-pymes\/\" target=\"_blank\" rel=\"noreferrer noopener\">reg\u00edmenes especiales<\/a>&nbsp;para la&nbsp;<strong>liquidaci\u00f3n del agro y las exportaciones de Vaca Muerta<\/strong>&nbsp;tampoco alcanzaron a contener la&nbsp;<a href=\"https:\/\/tn.com.ar\/economia\/2023\/10\/04\/dolar-blue-y-dolar-hoy-todas-las-cotizaciones-de-este-miercoles-4-de-octubre\/\" target=\"_blank\" rel=\"noreferrer noopener\">escalada de las cotizaciones paralelas del d\u00f3lar<\/a>, que se recalentaron en un clima de incertidumbre electoral e inflaci\u00f3n en alza. Esta situaci\u00f3n&nbsp;<strong>complica las intenciones del Gobierno de evitar otra devaluaci\u00f3n<\/strong>&nbsp;hasta las elecciones.<\/p>\n\n\n\n<figure class=\"wp-block-image\"><img decoding=\"async\" src=\"https:\/\/tn.com.ar\/resizer\/fBZ7uPLebSppkhfzPjZ0Q1c6v-s=\/767x0\/smart\/filters:format(webp)\/cloudfront-us-east-1.images.arcpublishing.com\/artear\/CO6UQKZMUZFSHEINEKH3DFQ4DQ.jpg\" alt=\"El ministro y candidato Sergio Massa quiere que el d\u00f3lar oficial se mantenga en $350 hasta las elecciones. (Foto: NA\/Daniel Vides).\"\/><figcaption class=\"wp-element-caption\">El ministro y candidato Sergio Massa quiere que el d\u00f3lar oficial se mantenga en $350 hasta las elecciones. (Foto: NA\/Daniel Vides).<\/figcaption><\/figure>\n\n\n\n<p>\u201cProducto del elevado<em>\u00a0pass-through<\/em>\u00a0y la aceleraci\u00f3n inflacionaria reciente, el efecto de la devaluaci\u00f3n del tipo de cambio oficial en t\u00e9rminos reales dur\u00f3 apenas un mes y medio.\u00a0<strong>\u00bfCu\u00e1nto tiempo m\u00e1s podr\u00e1 sostener el Gobierno el tipo de cambio oficial en $350?<\/strong>\u201d, se preguntaron los analistas de\u00a0<em>Ecolatina<\/em>.<\/p>\n\n\n\n<p>Sus colegas de&nbsp;<em>Equilibra&nbsp;<\/em>consideraron que el Gobierno buscar\u00e1 de todos modos evitar la devaluaci\u00f3n para mantener las chances electorales del ministro y candidato<strong>&nbsp;Sergio Massa<\/strong>. Por eso, pronosticaron: \u201cCon un mercado financiero recalentado y un d\u00f3lar oficial que seguir\u00eda anclado, el escenario m\u00e1s probable es el de un&nbsp;<strong>ensanchamiento de la brecha<\/strong>&nbsp;en el corto plazo\u201d.<\/p>\n\n\n\n<p>En esa l\u00ednea, este mi\u00e9rcoles\u00a0<a rel=\"noreferrer noopener\" href=\"https:\/\/tn.com.ar\/economia\/2023\/10\/04\/dolar-blue-y-dolar-hoy-todas-las-cotizaciones-de-este-miercoles-4-de-octubre\/\" target=\"_blank\">los d\u00f3lares financieros y el blue anotaron m\u00e1ximos<\/a>\u00a0que llevaron la\u00a0<a rel=\"noreferrer noopener\" href=\"https:\/\/tn.com.ar\/economia\/2023\/10\/04\/tras-la-suba-del-dolar-blue-y-el-ccl-la-brecha-cambiaria-volvio-a-140-un-maximo-para-los-ultimos-14-meses\/\" target=\"_blank\">brecha\u00a0<\/a>a niveles que no se ve\u00edan desde la crisis de julio de 2022.<\/p>\n\n\n\n<p>Fuente: tn<\/p>\n","protected":false},"excerpt":{"rendered":"<div class=\"mh-excerpt\"><p>El efecto de&nbsp;la devaluaci\u00f3n que puso en marcha el Gobierno luego de las PASO&nbsp;solamente se mantiene en los&nbsp;precios. A menos de dos meses del&nbsp;salto de 22% del d\u00f3lar oficial, la&nbsp;competitividad&nbsp;que hab\u00eda ganado el peso ya se&nbsp;evapor\u00f3. Por el contrario, el impacto sobre la&nbsp;inflaci\u00f3n&nbsp;(llamado&nbsp;pass-through&nbsp;por los economistas) es m\u00e1s persistente. \u201cEl BCRA culmin\u00f3 septiembre con el tipo de cambio vigente en $350 por d\u00f3lar. No obstante, este congelamiento en conjunto con una aceleraci\u00f3n de la inflaci\u00f3n tuvo por resultado una erosi\u00f3n de la ganancia real de la devaluaci\u00f3n. En efecto, a la fecha, el\u00a0tipo de cambio real\u00a0multilateral\u00a0ya se encuentra por debajo del <a class=\"mh-excerpt-more\" href=\"http:\/\/dsrmedios.com.ar\/diario\/archivos\/40056\" title=\"La inflaci\u00f3n ya licu\u00f3 los efectos de la devaluaci\u00f3n y complicar\u00e1 al Gobierno despu\u00e9s de las elecciones\">[Leer m\u00e1s]<\/a><\/p>\n<\/div>","protected":false},"author":8,"featured_media":40058,"comment_status":"open","ping_status":"closed","sticky":false,"template":"","format":"standard","meta":{"_jetpack_newsletter_access":""},"categories":[6],"tags":[],"jetpack_featured_media_url":"http:\/\/dsrmedios.com.ar\/diario\/wp-content\/uploads\/2023\/10\/images-15.jpeg","jetpack_sharing_enabled":true,"jetpack_shortlink":"https:\/\/wp.me\/p9fihK-aq4","_links":{"self":[{"href":"http:\/\/dsrmedios.com.ar\/diario\/wp-json\/wp\/v2\/posts\/40056"}],"collection":[{"href":"http:\/\/dsrmedios.com.ar\/diario\/wp-json\/wp\/v2\/posts"}],"about":[{"href":"http:\/\/dsrmedios.com.ar\/diario\/wp-json\/wp\/v2\/types\/post"}],"author":[{"embeddable":true,"href":"http:\/\/dsrmedios.com.ar\/diario\/wp-json\/wp\/v2\/users\/8"}],"replies":[{"embeddable":true,"href":"http:\/\/dsrmedios.com.ar\/diario\/wp-json\/wp\/v2\/comments?post=40056"}],"version-history":[{"count":1,"href":"http:\/\/dsrmedios.com.ar\/diario\/wp-json\/wp\/v2\/posts\/40056\/revisions"}],"predecessor-version":[{"id":40059,"href":"http:\/\/dsrmedios.com.ar\/diario\/wp-json\/wp\/v2\/posts\/40056\/revisions\/40059"}],"wp:featuredmedia":[{"embeddable":true,"href":"http:\/\/dsrmedios.com.ar\/diario\/wp-json\/wp\/v2\/media\/40058"}],"wp:attachment":[{"href":"http:\/\/dsrmedios.com.ar\/diario\/wp-json\/wp\/v2\/media?parent=40056"}],"wp:term":[{"taxonomy":"category","embeddable":true,"href":"http:\/\/dsrmedios.com.ar\/diario\/wp-json\/wp\/v2\/categories?post=40056"},{"taxonomy":"post_tag","embeddable":true,"href":"http:\/\/dsrmedios.com.ar\/diario\/wp-json\/wp\/v2\/tags?post=40056"}],"curies":[{"name":"wp","href":"https:\/\/api.w.org\/{rel}","templated":true}]}}