{"id":40054,"date":"2023-10-05T14:54:49","date_gmt":"2023-10-05T17:54:49","guid":{"rendered":"http:\/\/dsrmedios.com.ar\/diario\/?p=40054"},"modified":"2023-10-05T14:54:52","modified_gmt":"2023-10-05T17:54:52","slug":"alquileres-el-oficialismo-prepara-en-diputados-una-ultima-sesion-que-se-anticipa-tensa-y-con-final-abierto","status":"publish","type":"post","link":"http:\/\/dsrmedios.com.ar\/diario\/archivos\/40054","title":{"rendered":"Alquileres: el oficialismo prepara en Diputados una \u00faltima sesi\u00f3n que se anticipa tensa y con final abierto"},"content":{"rendered":"\n<p>La semana que viene, probablemente entre el martes y el mi\u00e9rcoles, la&nbsp;<a href=\"https:\/\/tn.com.ar\/economia\/2023\/10\/04\/el-proyecto-de-reforma-de-la-ley-de-alquileres-tuvo-dictamen-y-se-trataria-en-diputados-la-semana-que-viene\/\" target=\"_blank\" rel=\"noreferrer noopener\"><strong>C\u00e1mara de Diputados<\/strong><\/a><strong>&nbsp;tendr\u00e1 su \u00faltima sesi\u00f3n antes de las elecciones<\/strong>&nbsp;presidenciales. Al menos eso es lo que pretende el oficialismo, que una vez m\u00e1s llevar\u00e1 la&nbsp;<a href=\"https:\/\/tn.com.ar\/politica\/2023\/09\/30\/con-ganancias-massa-cerro-el-primer-capitulo-de-su-agenda-en-el-congreso-y-vuelve-con-la-campana-a-diputados\/\" target=\"_blank\" rel=\"noreferrer noopener\">agenda de campa\u00f1a de Sergio Massa<\/a>&nbsp;al recinto.<\/p>\n\n\n\n<p>Pero, por otra parte, tambi\u00e9n qued\u00f3 en condiciones de ser tratada&nbsp;<strong>la reforma de la&nbsp;<\/strong><a href=\"https:\/\/tn.com.ar\/economia\/2023\/09\/29\/alquileres-uno-por-uno-los-cambios-de-la-reforma-que-aprobo-el-senado\/\" target=\"_blank\" rel=\"noreferrer noopener\"><strong>Ley de Alquileres<\/strong><\/a>, que regres\u00f3 a la C\u00e1mara Baja luego de que el Senado modificara el texto original de la oposici\u00f3n. Bloques provinciales, Javier Milei y sus libertarios ser\u00e1n determinantes para el futuro de la norma.<\/p>\n\n\n\n<p>De concretarse a diez d\u00edas de los comicios, la\u00a0<strong>pr\u00f3xima sesi\u00f3n<\/strong>\u00a0-cuya convocatoria a\u00fan no es oficial-,\u00a0<strong>estar\u00e1 cargada de tensi\u00f3n<\/strong>\u00a0m\u00e1s all\u00e1 del temario. El Frente de Todos y Juntos por el Cambio volver\u00e1n a\u00a0<strong>cruzarse por la crisis econ\u00f3mica<\/strong>\u00a0y la coalici\u00f3n opositora aprovechar\u00e1 para reflotar los\u00a0<strong>esc\u00e1ndalos m\u00e1s recientes<\/strong>\u00a0que golpean al oficialismo, como el que involucra a<a rel=\"noreferrer noopener\" href=\"https:\/\/tn.com.ar\/politica\/2023\/10\/03\/los-vinculos-del-escandalo-de-martin-insaurralde-con-la-causa-chocolate-rigau-sospechas-de-lavado-de-dinero\/\" target=\"_blank\">\u00a0Mart\u00edn Insaurralde y el caso Chocolate<\/a>\u00a0en la Legislatura Bonaerense.<\/p>\n\n\n\n<p>A mediados de agosto, la&nbsp;<a href=\"https:\/\/tn.com.ar\/politica\/2023\/08\/23\/ley-de-alquileres-la-oposicion-logro-quorum-y-ahora-negocia-para-aprobar-su-proyecto-de-reforma\/\" target=\"_blank\" rel=\"noreferrer noopener\">oposici\u00f3n logr\u00f3 darle media sanci\u00f3n en la C\u00e1mara Baja<\/a>&nbsp;a una reforma de la Ley de Alquileres. Un mes m\u00e1s tarde, el&nbsp;<strong>Senado modific\u00f3<\/strong>&nbsp;la iniciativa. Cuando eso sucede, el texto debe regresar a la c\u00e1mara de origen para su sanci\u00f3n definitiva.<\/p>\n\n\n\n<figure class=\"wp-block-image\"><img decoding=\"async\" src=\"https:\/\/tn.com.ar\/resizer\/sYq3y3kyrOh_zyCNT4cG07loNiI=\/767x0\/smart\/filters:format(webp)\/cloudfront-us-east-1.images.arcpublishing.com\/artear\/DV6XBILLNRCZ3GA3NRKAVGZYEU.png\" alt=\"Un plenario de las comisiones de Legislaci\u00f3n General y Presupuesto de la C\u00e1mara de Diputados avanza en el debate del proyecto de ley aprobado la semana pasada por el Senado. (Foto: T\u00e9lam)\"\/><figcaption class=\"wp-element-caption\">Un plenario de las comisiones de Legislaci\u00f3n General y Presupuesto de la C\u00e1mara de Diputados avanza en el debate del proyecto de ley aprobado la semana pasada por el Senado. (Foto: T\u00e9lam)<\/figcaption><\/figure>\n\n\n\n<p>Ayer, en un plenario de las&nbsp;<strong>comisiones<\/strong>&nbsp;de Legislaci\u00f3n General y Presupuesto de Diputados, el&nbsp;<strong>oficialismo logr\u00f3 dictamen de mayor\u00eda<\/strong>&nbsp;sobre el proyecto que lleg\u00f3 con cambios de la C\u00e1mara Alta. JxC, en minor\u00eda, insisti\u00f3 con la media sanci\u00f3n original. La&nbsp;<strong>tensi\u00f3n ya estall\u00f3 este mismo mi\u00e9rcoles<\/strong>&nbsp;en Diputados durante el debate en comisi\u00f3n.<\/p>\n\n\n\n<p>La radical Karina Banfi (una de las m\u00e1s cercanas a Patricia Bullrich) y la camporista Paula Penacca se&nbsp;<strong>acusaron mutuamente de \u201cchorras\u201d.<\/strong>&nbsp;Legisladores del FdT acusaron a los integrantes de la coalici\u00f3n opositora de ser propietarios que quieren<strong>&nbsp;\u201cjoderle la vida\u201d a los inquilinos<\/strong>. Y el jefe de la Coalici\u00f3n C\u00edvica, Juan Manuel L\u00f3pez, le recomend\u00f3 al esos diputados del oficialismo averiguar&nbsp;<a href=\"https:\/\/tn.com.ar\/politica\/2023\/10\/04\/la-trama-oculta-de-la-caida-de-insaurralde-y-la-nueva-pelea-por-la-caja-de-loteria\/\" target=\"_blank\" rel=\"noreferrer noopener\"><strong>con qu\u00e9 dinero Insaurralde<\/strong>&nbsp;habr\u00e1 adquirido sus propiedades.<\/a><\/p>\n\n\n\n<p>Si lo que&nbsp;<strong>no est\u00e1 en duda es el car\u00e1cter tenso<\/strong>&nbsp;que tendr\u00e1 -si es convocada- la pr\u00f3xima sesi\u00f3n de Diputados, entonces la&nbsp;<strong>duda est\u00e1 en qu\u00e9 proyecto<\/strong>&nbsp;recibir\u00e1 finalmente la sanci\u00f3n definitiva en el recinto (aunque, por lo conflictivo que resulta, algunos legisladores tampoco cre\u00edan 100% seguro que el tema vaya a estar en la pr\u00f3xima sesi\u00f3n).<\/p>\n\n\n\n<p>Los proyectos en juego son los siguientes:<\/p>\n\n\n\n<ul>\n<li>El que la oposici\u00f3n aprob\u00f3 Diputados en agosto:&nbsp;<strong>reduc\u00eda a 2 a\u00f1os los plazos<\/strong>&nbsp;de los contratos de alquiler (que hoy la norma fija en 3 a\u00f1os) y establec\u00eda que las&nbsp;<strong>actualizaciones<\/strong>&nbsp;de los valores pudieran realizarse desde los&nbsp;<strong>4 meses&nbsp;<\/strong>(y no obligatoriamente cada un a\u00f1o como ahora), a trav\u00e9s de un&nbsp;<strong>mecanismo acordado<\/strong>&nbsp;entre las dos partes, sea por inflaci\u00f3n, \u00edndice de salarios o variaci\u00f3n de precios mayoristas que mide el Indec.<\/li>\n\n\n\n<li>El que oficialismo y aliados aprobaron en el Senado: que el&nbsp;<strong>plazo m\u00ednimo&nbsp;<\/strong>de los contratos siga en<strong>&nbsp;3 a\u00f1os<\/strong>, y que las<strong>&nbsp;actualizaciones<\/strong>&nbsp;sean, como m\u00ednimo,&nbsp;<strong>cada 6 meses,&nbsp;<\/strong>con el \u00edndice \u201cCasa Propia\u201d: el menor indicador entre el promedio de la variaci\u00f3n salarial del \u00faltimo a\u00f1o (de hecho, menos que ese promedio) y el promedio de la inflaci\u00f3n del mismo per\u00edodo. Adem\u00e1s, se aclara que el contrato debe ser en pesos y no en moneda extranjera.<\/li>\n<\/ul>\n\n\n\n<p>Si los dos fueran rechazados no habr\u00eda ley. A primera vista, el escenario en la C\u00e1mara Baja est\u00e1 peleado. Para empezar, hay que recordar c\u00f3mo fue la&nbsp;<strong>votaci\u00f3n en Diputados<\/strong>&nbsp;hace poco m\u00e1s de un mes. El proyecto de reforma de la Ley de Alquileres que hab\u00edan acordado la mayor\u00eda de los bloques opositores fue aprobado por&nbsp;<strong>125 votos afirmativos, 112 negativos<\/strong>&nbsp;y 3 abstenciones (dos socialistas y un oficialista) y 16 ausencias.<\/p>\n\n\n\n<figure class=\"wp-block-image\"><img decoding=\"async\" src=\"https:\/\/tn.com.ar\/resizer\/Lu7ssfvAkR3VKDSMUMVWYnTjSUc=\/767x0\/smart\/filters:format(webp)\/cloudfront-us-east-1.images.arcpublishing.com\/artear\/LTLP33PMEVGMDEYWN5PRL6QMSE.jpg\" alt=\"Cruces entre Juntos por el Cambio y el Frente de Todos en un plenario de comisiones de Diputados que trat\u00f3 la reforma de la Ley de Alquileres (foto: T\u00e9lam).\"\/><figcaption class=\"wp-element-caption\">Cruces entre Juntos por el Cambio y el Frente de Todos en un plenario de comisiones de Diputados que trat\u00f3 la reforma de la Ley de Alquileres (foto: T\u00e9lam).<\/figcaption><\/figure>\n\n\n\n<p>De esos 125 votos afirmativos, la mayor\u00eda, 116, fueron de JxC; dos del peronismo bonaerense (Graciela Cama\u00f1o y Florencio Randazzo), dos del peronismo cordob\u00e9s de Juan Schiaretti; dos de&nbsp;<strong>Juntos Somos R\u00edo Negro<\/strong>&nbsp;(que responden al senador y gobernador electo Alberto Weretilneck), un misionero del&nbsp;<strong>Frente de la Concordia<\/strong>&nbsp;y dos del bloque SER (un riojano y el santacruce\u00f1o Claudio Vidal, gobernador electo de su provincia).<\/p>\n\n\n\n<p>Ahora bien: Weretilneck aval\u00f3 los cambios en el Senado y, seg\u00fan pudo saber TN, los&nbsp;<strong>dos diputados rionegrinos acompa\u00f1ar\u00edan<\/strong>, en general, el proyecto que llega de la C\u00e1mara Alta, aunque en particular rechazar\u00edan el plazo de 3 a\u00f1os de contrato. A eso se suma que el&nbsp;<strong>misionero&nbsp;<\/strong>Carlos Fern\u00e1ndez, que hace un mes acompa\u00f1\u00f3el proyecto opositor en Diputados, este mi\u00e9rcoles acompa\u00f1\u00f3 el dictamen oficialista.<\/p>\n\n\n\n<p>Es decir, de entrada, los votos a favor del texto original caer\u00edan a 122. Si no tuviera ausentes,&nbsp;<strong>el Frente de Todos cuenta con 118 diputados<\/strong>, a los que se sumar\u00edan cuatro del&nbsp;<strong>Frente de Izquierda<\/strong>, dos&nbsp;<strong>misioneros&nbsp;<\/strong>y los dos&nbsp;<strong>rionegrinos<\/strong>. Es decir, 126. Pero resta saber qu\u00e9 har\u00edan los dos socialistas (que en principio se abstendr\u00edan, pero podr\u00edan votar a favor del proyecto con cambios) y el neuquino Rolando Figueroa (que estuvo ausente).<\/p>\n\n\n\n<figure class=\"wp-block-image\"><img decoding=\"async\" src=\"https:\/\/tn.com.ar\/resizer\/nNje6O9Poezjgb3h8zeM8x0PQI8=\/767x0\/smart\/filters:format(webp)\/cloudfront-us-east-1.images.arcpublishing.com\/artear\/NYYEJ4S4MJEPZPLOQJVDQXKXZA.jpg\" alt=\"Javier Milei, La Libertad Avanza, apoy\u00f3 los cambios en Ganancias propuestos por el ministro Massa (Foto: Cristina Sille\/T\u00e9lam).\"\/><figcaption class=\"wp-element-caption\">Javier Milei, La Libertad Avanza, apoy\u00f3 los cambios en Ganancias propuestos por el ministro Massa (Foto: Cristina Sille\/T\u00e9lam).<\/figcaption><\/figure>\n\n\n\n<p>La otra inc\u00f3gnita ser\u00eda&nbsp;<strong>Javier Milei<\/strong>, que en agosto dio quorum en la sesi\u00f3n que trat\u00f3 la reforma de la ley de alquileres, pero&nbsp;<strong>vot\u00f3 en contra del proyecto<\/strong>, baj\u00f3 la excusa de que \u00e9l y sus dos compa\u00f1eras de bloque&nbsp;<strong>solo acompa\u00f1ar\u00edan una<\/strong>&nbsp;<strong>derogaci\u00f3n&nbsp;<\/strong>de la norma.<\/p>\n\n\n\n<p>En JxC aseguran que el proyecto modificado por el Senado&nbsp;<strong>es peor incluso que la ley que rige hoy<\/strong>, porque forzar\u00eda que los aumentos est\u00e9n por debajo de la inflaci\u00f3n y, por lo tanto, a\u00fan menos gente estar\u00eda dispuesta a poner sus propiedades en alquiler.<\/p>\n\n\n\n<p>En plena campa\u00f1a, la coalici\u00f3n opositora, como ya lo demostr\u00f3 este mi\u00e9rcoles durante el debate en comisi\u00f3n,\u00a0<strong>presionar\u00e1 para que el libertario<\/strong>\u00a0rechace el proyecto oficialista y acompa\u00f1e el proyecto original que aprob\u00f3 Diputados, con el argumento de que, en caso contrario, estar\u00eda siendo\u00a0<strong>funcional\u00a0<\/strong>a los intereses del\u00a0<strong>oficialismo<\/strong>.<\/p>\n\n\n\n<p>Fuente: TN<\/p>\n","protected":false},"excerpt":{"rendered":"<div class=\"mh-excerpt\"><p>La semana que viene, probablemente entre el martes y el mi\u00e9rcoles, la&nbsp;C\u00e1mara de Diputados&nbsp;tendr\u00e1 su \u00faltima sesi\u00f3n antes de las elecciones&nbsp;presidenciales. Al menos eso es lo que pretende el oficialismo, que una vez m\u00e1s llevar\u00e1 la&nbsp;agenda de campa\u00f1a de Sergio Massa&nbsp;al recinto. Pero, por otra parte, tambi\u00e9n qued\u00f3 en condiciones de ser tratada&nbsp;la reforma de la&nbsp;Ley de Alquileres, que regres\u00f3 a la C\u00e1mara Baja luego de que el Senado modificara el texto original de la oposici\u00f3n. Bloques provinciales, Javier Milei y sus libertarios ser\u00e1n determinantes para el futuro de la norma. De concretarse a diez d\u00edas de los comicios, la\u00a0pr\u00f3xima <a class=\"mh-excerpt-more\" href=\"http:\/\/dsrmedios.com.ar\/diario\/archivos\/40054\" title=\"Alquileres: el oficialismo prepara en Diputados una \u00faltima sesi\u00f3n que se anticipa tensa y con final abierto\">[Leer m\u00e1s]<\/a><\/p>\n<\/div>","protected":false},"author":8,"featured_media":24204,"comment_status":"open","ping_status":"closed","sticky":false,"template":"","format":"standard","meta":{"_jetpack_newsletter_access":""},"categories":[6],"tags":[],"jetpack_featured_media_url":"http:\/\/dsrmedios.com.ar\/diario\/wp-content\/uploads\/2021\/06\/senado11.jpg","jetpack_sharing_enabled":true,"jetpack_shortlink":"https:\/\/wp.me\/p9fihK-aq2","_links":{"self":[{"href":"http:\/\/dsrmedios.com.ar\/diario\/wp-json\/wp\/v2\/posts\/40054"}],"collection":[{"href":"http:\/\/dsrmedios.com.ar\/diario\/wp-json\/wp\/v2\/posts"}],"about":[{"href":"http:\/\/dsrmedios.com.ar\/diario\/wp-json\/wp\/v2\/types\/post"}],"author":[{"embeddable":true,"href":"http:\/\/dsrmedios.com.ar\/diario\/wp-json\/wp\/v2\/users\/8"}],"replies":[{"embeddable":true,"href":"http:\/\/dsrmedios.com.ar\/diario\/wp-json\/wp\/v2\/comments?post=40054"}],"version-history":[{"count":1,"href":"http:\/\/dsrmedios.com.ar\/diario\/wp-json\/wp\/v2\/posts\/40054\/revisions"}],"predecessor-version":[{"id":40055,"href":"http:\/\/dsrmedios.com.ar\/diario\/wp-json\/wp\/v2\/posts\/40054\/revisions\/40055"}],"wp:featuredmedia":[{"embeddable":true,"href":"http:\/\/dsrmedios.com.ar\/diario\/wp-json\/wp\/v2\/media\/24204"}],"wp:attachment":[{"href":"http:\/\/dsrmedios.com.ar\/diario\/wp-json\/wp\/v2\/media?parent=40054"}],"wp:term":[{"taxonomy":"category","embeddable":true,"href":"http:\/\/dsrmedios.com.ar\/diario\/wp-json\/wp\/v2\/categories?post=40054"},{"taxonomy":"post_tag","embeddable":true,"href":"http:\/\/dsrmedios.com.ar\/diario\/wp-json\/wp\/v2\/tags?post=40054"}],"curies":[{"name":"wp","href":"https:\/\/api.w.org\/{rel}","templated":true}]}}