{"id":40049,"date":"2023-10-05T14:46:48","date_gmt":"2023-10-05T17:46:48","guid":{"rendered":"http:\/\/dsrmedios.com.ar\/diario\/?p=40049"},"modified":"2023-10-05T14:46:50","modified_gmt":"2023-10-05T17:46:50","slug":"sergio-massa-pidio-que-el-partido-inaugural-del-mundial-2030-no-se-juegue-en-el-estadio-de-river","status":"publish","type":"post","link":"http:\/\/dsrmedios.com.ar\/diario\/archivos\/40049","title":{"rendered":"Sergio Massa pidi\u00f3 que el partido inaugural del Mundial 2030 no se juegue en el estadio de River"},"content":{"rendered":"\n<p>Tras la confirmaci\u00f3n de que\u00a0<a rel=\"noreferrer noopener\" href=\"https:\/\/tn.com.ar\/deportes\/futbol\/2023\/10\/04\/el-presidente-de-la-conmebol-anuncio-que-la-argentina-uruguay-y-paraguay-seran-sede-del-mundial-2030\/\" target=\"_blank\">la Argentina, Uruguay y Paraguay ser\u00e1n sedes inaugurales del Mundial 2030<\/a>,\u00a0<strong>el Monumental se convirti\u00f3 en el estadio mejor calificado para albergar el primer partido<\/strong>\u00a0de la cita mundialista que se dispute en la Argentina.<\/p>\n\n\n\n<p>Sin embargo,\u00a0<strong>Sergio Massa<\/strong>, candidato a presidente en las pr\u00f3ximas elecciones se\u00f1al\u00f3 que deber\u00eda haber una mirada \u201cmas federal\u201d y propuso otros tres sedes para que se dispute este encuentro.<\/p>\n\n\n\n<p>\u201cQue no se enojen los porte\u00f1os, pero me gustar\u00eda que&nbsp;<strong>ese partido inaugural tenga una mirada federal y se juegue en C\u00f3rdoba, Santiago del Estero o Mendoza<\/strong>. Esto nos puede garantizar que le demos movimiento interno a este suceso\u201d, se\u00f1al\u00f3 Massa en la conferencia de prensa llevada a cabo en Ezeiza, junto a Chiqui Tapia y Mat\u00edas Lammens.<\/p>\n\n\n\n<figure class=\"wp-block-image\"><img decoding=\"async\" src=\"https:\/\/tn.com.ar\/resizer\/NtrYAkbnSUVXg20lUI93Nut3_d4=\/767x0\/smart\/filters:format(webp)\/cloudfront-us-east-1.images.arcpublishing.com\/artear\/UXDLMJZSKFUPYDK3K2WQPNZZTY.jpg\" alt=\"Sergio _Massa y Chiqui Tapia. ((REUTERS\/Agustin Marcarian)\"\/><figcaption class=\"wp-element-caption\">Sergio _Massa y Chiqui Tapia. ((REUTERS\/Agustin Marcarian)Por:&nbsp;<strong>REUTERS<\/strong><\/figcaption><\/figure>\n\n\n\n<h2>El Monumental, el mejor estadio de la Argentina<\/h2>\n\n\n\n<p>El estadio de River Plate cuenta con una capacidad para m\u00e1s de 83.000 personas luego de los \u00faltimos cambios que se hicieron y superar\u00e1 las 84.000 con una \u00faltima remodelaci\u00f3n que se har\u00e1 en 2024. De esta manera, se consolid\u00f3 como&nbsp;<strong>el estadio m\u00e1s grande de Sudam\u00e9rica.<\/strong><\/p>\n\n\n\n<p>Adem\u00e1s, el Monumental cuenta con una historia ic\u00f3nica en los mundiales: fue&nbsp;<strong>sede del partido inaugural del mundial 1978<\/strong>&nbsp;donde Italia venci\u00f3 2-1 a Francia, y alberg\u00f3 a&nbsp;<strong>la final en la que Argentina le gan\u00f3 3-1 a Holanda&nbsp;<\/strong>en tiempo suplementario.<\/p>\n\n\n\n<figure class=\"wp-block-image\"><img decoding=\"async\" src=\"https:\/\/tn.com.ar\/resizer\/_ULSURXA6UQYaDjp0-MdfCs7fZE=\/767x0\/smart\/filters:format(webp)\/cloudfront-us-east-1.images.arcpublishing.com\/artear\/JYA57EA4WZAOFFAQWSOWE5M7S4.jfif\" alt=\"El estadio de River est\u00e1 listo para recibir este domingo a Argentinos Juniors por la tercera fecha del torneo de la Liga Profesional. (Foto: Twitter\/RiverPlate)\"\/><figcaption class=\"wp-element-caption\">El estadio de River est\u00e1 listo para recibir este domingo a Argentinos Juniors por la tercera fecha del torneo de la Liga Profesional. (Foto: Twitter\/RiverPlate)<\/figcaption><\/figure>\n\n\n\n<h2>D\u00f3nde se jugar\u00e1 el primer partido del Mundial 2030<\/h2>\n\n\n\n<p>El&nbsp;<strong>primer encuentro del mundial 2030 se disputar\u00e1 en el estadio Centenario de Uruguay<\/strong>&nbsp;en conmemoraci\u00f3n de la sede central del primer mundial de la historia, hace exactamente 100 a\u00f1os. En el Centenario se jug\u00f3 la final en la que Uruguay le gan\u00f3 a la Argentina por 4-2.<\/p>\n\n\n\n<p>En agosto de este a\u00f1o, la federaci\u00f3n uruguaya present\u00f3 un proyecto de&nbsp;<strong>remodelaci\u00f3n del Estadio Centenario<\/strong>&nbsp;con una ampliaci\u00f3n que espera llegar a tener una capacidad total que albergue<strong>&nbsp;alrededor de 80.000 espectadores.<\/strong><\/p>\n\n\n\n<h2>Cu\u00e1l ser\u00e1 la sede de Paraguay en el Mundial 2030<\/h2>\n\n\n\n<p>La&nbsp;<strong>sede inaugural de Paraguay&nbsp;<\/strong>en el Mundial 2030 todav\u00eda est\u00e1 en discusi\u00f3n. Los estadios que se perfilan para ser sede son el Estadio General Pablo Rojas, m\u00e1s conocido como&nbsp;<strong>\u201cLa Olla\u201d,<\/strong>&nbsp;que alberga a<strong>&nbsp;45.000 personas<\/strong>&nbsp;y el<strong>&nbsp;Defensores del Chaco,&nbsp;<\/strong>con la misma capacidad.<\/p>\n\n\n\n<h2>\u00bfQu\u00e9 dijo Claudio Chiqui Tapia de la Argentina como una de las sedes del Mundial 2030?<\/h2>\n\n\n\n<ul>\n<li>\u201c<strong>Quiero aprovechar y resaltar al presidente Alejando Dom\u00ednguez porque era realmente muy dif\u00edcil<\/strong>, imposible, que Sudam\u00e9rica tuviera el inicio de un Mundial con tanta historia para Sudam\u00e9rica, para Uruguay, Argentina y Paraguay\u201d.<\/li>\n<\/ul>\n\n\n\n<figure class=\"wp-block-image\"><img decoding=\"async\" src=\"https:\/\/tn.com.ar\/resizer\/E2r-0iVqG53AsD7Ix401rluidyM=\/767x0\/smart\/filters:format(webp)\/cloudfront-us-east-1.images.arcpublishing.com\/artear\/IYCUSQPTPZFORJM5G4S6ZSEN4U.jfif\" alt=\"Alejandro Dom\u00ednguez, Chiqui Tapia y los dirigentes de Conmebol celebran el logro de organizar los partidos inaugurales del Mundial 2030 (Foto TW Alejandro Dom\u00ednguez).\"\/><figcaption class=\"wp-element-caption\">Alejandro Dom\u00ednguez, Chiqui Tapia y los dirigentes de Conmebol celebran el logro de organizar los partidos inaugurales del Mundial 2030 (Foto TW Alejandro Dom\u00ednguez).<\/figcaption><\/figure>\n\n\n\n<ul>\n<li>\u201cEra imposible conseguir los votos, era imposible conseguir la inversi\u00f3n para organizar un Mundial de tal magnitud y, sin embargo, con su firmeza y con su convicci\u00f3n, trabajando uno por uno, logr\u00f3 que Sudam\u00e9rica, que Conmebol tenga su Mundial y que estos tres pa\u00edses tan representativos, por&nbsp;<strong>sobre todas las cosas Uruguay, donde se jug\u00f3 el primer Mundial<\/strong>, podamos celebrarlo en toda Sudam\u00e9rica, ser sedes sin invertir nada porque las estructuras ya las tienen, en un momento dif\u00edcil que vive por sobre todas las cosas nuestro pa\u00eds\u201d.<\/li>\n\n\n\n<li>\u201cFelicitar al presidente y a todos los que entendieron el pedido y el merecimiento que ten\u00eda Sudam\u00e9rica para organizar el Mundial 2030. Celebrarlo con Infantino y ponernos a trabajar cada uno con los mandatarios, nosotros con nuestro ministro de Econom\u00eda, para que haga los tr\u00e1mites que hay que hacer para que, llegado el momento,\u00a0<strong>poder confirmar y ratificar que vamos a ser sede del Mundial 2030<\/strong>\u2033.<\/li>\n<\/ul>\n\n\n\n<p>Fuente: TN<\/p>\n","protected":false},"excerpt":{"rendered":"<div class=\"mh-excerpt\"><p>Tras la confirmaci\u00f3n de que\u00a0la Argentina, Uruguay y Paraguay ser\u00e1n sedes inaugurales del Mundial 2030,\u00a0el Monumental se convirti\u00f3 en el estadio mejor calificado para albergar el primer partido\u00a0de la cita mundialista que se dispute en la Argentina. Sin embargo,\u00a0Sergio Massa, candidato a presidente en las pr\u00f3ximas elecciones se\u00f1al\u00f3 que deber\u00eda haber una mirada \u201cmas federal\u201d y propuso otros tres sedes para que se dispute este encuentro. \u201cQue no se enojen los porte\u00f1os, pero me gustar\u00eda que&nbsp;ese partido inaugural tenga una mirada federal y se juegue en C\u00f3rdoba, Santiago del Estero o Mendoza. Esto nos puede garantizar que le demos movimiento <a class=\"mh-excerpt-more\" href=\"http:\/\/dsrmedios.com.ar\/diario\/archivos\/40049\" title=\"Sergio Massa pidi\u00f3 que el partido inaugural del Mundial 2030 no se juegue en el estadio de River\">[Leer m\u00e1s]<\/a><\/p>\n<\/div>","protected":false},"author":8,"featured_media":31416,"comment_status":"open","ping_status":"closed","sticky":false,"template":"","format":"standard","meta":{"_jetpack_newsletter_access":""},"categories":[6],"tags":[],"jetpack_featured_media_url":"http:\/\/dsrmedios.com.ar\/diario\/wp-content\/uploads\/2023\/04\/CULIKXKBYJ5VYCFKH4L7XKC57Q.jpg","jetpack_sharing_enabled":true,"jetpack_shortlink":"https:\/\/wp.me\/p9fihK-apX","_links":{"self":[{"href":"http:\/\/dsrmedios.com.ar\/diario\/wp-json\/wp\/v2\/posts\/40049"}],"collection":[{"href":"http:\/\/dsrmedios.com.ar\/diario\/wp-json\/wp\/v2\/posts"}],"about":[{"href":"http:\/\/dsrmedios.com.ar\/diario\/wp-json\/wp\/v2\/types\/post"}],"author":[{"embeddable":true,"href":"http:\/\/dsrmedios.com.ar\/diario\/wp-json\/wp\/v2\/users\/8"}],"replies":[{"embeddable":true,"href":"http:\/\/dsrmedios.com.ar\/diario\/wp-json\/wp\/v2\/comments?post=40049"}],"version-history":[{"count":1,"href":"http:\/\/dsrmedios.com.ar\/diario\/wp-json\/wp\/v2\/posts\/40049\/revisions"}],"predecessor-version":[{"id":40050,"href":"http:\/\/dsrmedios.com.ar\/diario\/wp-json\/wp\/v2\/posts\/40049\/revisions\/40050"}],"wp:featuredmedia":[{"embeddable":true,"href":"http:\/\/dsrmedios.com.ar\/diario\/wp-json\/wp\/v2\/media\/31416"}],"wp:attachment":[{"href":"http:\/\/dsrmedios.com.ar\/diario\/wp-json\/wp\/v2\/media?parent=40049"}],"wp:term":[{"taxonomy":"category","embeddable":true,"href":"http:\/\/dsrmedios.com.ar\/diario\/wp-json\/wp\/v2\/categories?post=40049"},{"taxonomy":"post_tag","embeddable":true,"href":"http:\/\/dsrmedios.com.ar\/diario\/wp-json\/wp\/v2\/tags?post=40049"}],"curies":[{"name":"wp","href":"https:\/\/api.w.org\/{rel}","templated":true}]}}