{"id":40046,"date":"2023-10-05T14:43:55","date_gmt":"2023-10-05T17:43:55","guid":{"rendered":"http:\/\/dsrmedios.com.ar\/diario\/?p=40046"},"modified":"2023-10-05T14:43:56","modified_gmt":"2023-10-05T17:43:56","slug":"esteban-bullrich-vuelve-a-la-politica-bonaerense-cual-sera-su-funcion","status":"publish","type":"post","link":"http:\/\/dsrmedios.com.ar\/diario\/archivos\/40046","title":{"rendered":"Esteban Bullrich vuelve a la pol\u00edtica bonaerense: cu\u00e1l ser\u00e1 su funci\u00f3n"},"content":{"rendered":"\n<p><a href=\"https:\/\/infocielo.com\/esteban-bullrich-a3851\" target=\"_blank\" rel=\"noreferrer noopener\">El exsenador y exministro de Educaci\u00f3n,<strong>&nbsp;Esteban Bullrich<\/strong><\/a>, quien dej\u00f3 su cargo en la C\u00e1mara alta nacional por tener ELA, la enfermedad que lo aqueja, volvi\u00f3 a retomar la vida pol\u00edtica en la Provincia de la mano del candidato a&nbsp;<a href=\"https:\/\/infocielo.com\/nestor-grindetti-a7039\" target=\"_blank\" rel=\"noreferrer noopener\">gobernador de Juntos,&nbsp;<strong>N\u00e9stor Grindetti<\/strong>.<\/a><\/p>\n\n\n\n<p>En Mar del Plata, el candidato present\u00f3 a la mesa de dirigentes e intelectuales que trabajan en los programas de su eventual Gobierno en materia social, con foco en educaci\u00f3n y el desarrollo integral del ciudadano\u00a0<strong>&#8220;con una mirada estrat\u00e9gica y de largo plazo&#8221;.<\/strong><\/p>\n\n\n\n<p>As\u00ed, a 17 d\u00edas de las elecciones generales, Grindetti sum\u00f3 a su equipo al exministro de Educaci\u00f3n nacional, con quien lanz\u00f3 la &#8220;Mesa de Pensamiento Estrat\u00e9gico&#8221;, que tiene como finalidad&nbsp;<strong>&#8220;entrelazar pol\u00edticas p\u00fablicas en materia social que apunten al largo plazo&#8221;<\/strong>, explicaron desde el entorno del intendente de Lan\u00fas en uso de licencia.<\/p>\n\n\n\n<p><strong>\u201cNosotros vamos a llegar a la Gobernaci\u00f3n trabajando en dos dimensiones: por un lado la coyuntura, lo urgente, para eso tenemos ideas y propuestas muy concretas para implementar desde el primer d\u00eda en materia de seguridad, salud, educaci\u00f3n y reformas del Estado; pero en paralelo tenemos que pensar una provincia de cara al futuro, para esto tenemos que tener un proyecto que nos trascienda como gobierno con objetivos de mediano y largo plazo\u201d,<\/strong>&nbsp;detall\u00f3 Grindetti.<\/p>\n\n\n\n<figure class=\"wp-block-image\"><img decoding=\"async\" src=\"https:\/\/media.infocielo.com\/p\/80ea9074f55672da2e0ec2fa728132f1\/adjuntos\/299\/imagenes\/001\/727\/0001727477\/887x0\/smart\/whatsapp-image-2023-10-05-at-121531jpeg.jpeg\" alt=\"Esteban Bullrich vuelve a la pol&iacute;tica bonaerense: cu&aacute;l ser&aacute; su funci&oacute;n\" title=\"Esteban Bullrich vuelve a la pol&iacute;tica bonaerense: cu&aacute;l ser&aacute; su funci&oacute;n\"\/><\/figure>\n\n\n\n<p>Esteban Bullrich vuelve a la pol\u00edtica bonaerense: cu\u00e1l ser\u00e1 su funci\u00f3n<\/p>\n\n\n\n<p>En esa l\u00ednea, agreg\u00f3 que por eso convoc\u00f3 a Esteban Bullrich, ya que &#8220;adem\u00e1s de ser un gran amigo de la vida&#8221;, se\u00f1al\u00f3 que &#8220;es un dirigente con una mirada muy estrat\u00e9gica y profunda, \u00e9l va a guiar a este equipo de dirigentes, intelectuales, funcionarios y pensadores para trazar una l\u00ednea de trabajo m\u00e1s integral, sobrevolando la organizaci\u00f3n provincial y poniendo cabeza a ideas de largo plazo, no solo a nivel educativo sino mirando el conjunto\u201d.<\/p>\n\n\n\n<p>\u201cLa trama social del gran Buenos Aires es muy compleja, solo en el conurbano, el 67 por ciento de los ni\u00f1os y adolescentes son pobres, tenemos un desaf\u00edo fundamental, nuestra generaci\u00f3n tiene la obligaci\u00f3n de cambiar esta realidad, quiz\u00e1s sea nuestra ultima oportunidad\u201d, analiz\u00f3 Grindetti.<\/p>\n\n\n\n<h2>Qui\u00e9nes componen la mesa social de N\u00e9stor Grindetti<\/h2>\n\n\n\n<ul>\n<li><strong>Alejandro Finocchiaro<\/strong>, exministro de Educaci\u00f3n bonaerense y diputado nacional<\/li>\n\n\n\n<li><strong>Gabriel Sanchez Zinny<\/strong>, exministro de Educaci\u00f3n bonaerense<\/li>\n\n\n\n<li><strong>Soledad Acu\u00f1a<\/strong>, ministra de Educaci\u00f3n porte\u00f1a<\/li>\n\n\n\n<li><strong>Diego Martinez, Susana Decibe, Jorge Luis Ossona, Marcelo Gioffre, Julio Montero<\/strong>&nbsp;dirigentes sociales<\/li>\n\n\n\n<li><strong>Sandra Pitta<\/strong>, cient\u00edfica del Conicet<\/li>\n\n\n\n<li><strong>Ariel Fiszbein, Andres Delic<\/strong>h, miembros de organismos internacionales<\/li>\n\n\n\n<li><strong>Silvia Montoya<\/strong>, directora del Instituto de Estad\u00edsticas de la Unesco<\/li>\n<\/ul>\n\n\n\n<p>Fuente: Infocielo<\/p>\n","protected":false},"excerpt":{"rendered":"<div class=\"mh-excerpt\"><p>El exsenador y exministro de Educaci\u00f3n,&nbsp;Esteban Bullrich, quien dej\u00f3 su cargo en la C\u00e1mara alta nacional por tener ELA, la enfermedad que lo aqueja, volvi\u00f3 a retomar la vida pol\u00edtica en la Provincia de la mano del candidato a&nbsp;gobernador de Juntos,&nbsp;N\u00e9stor Grindetti. En Mar del Plata, el candidato present\u00f3 a la mesa de dirigentes e intelectuales que trabajan en los programas de su eventual Gobierno en materia social, con foco en educaci\u00f3n y el desarrollo integral del ciudadano\u00a0&#8220;con una mirada estrat\u00e9gica y de largo plazo&#8221;. As\u00ed, a 17 d\u00edas de las elecciones generales, Grindetti sum\u00f3 a su equipo al exministro <a class=\"mh-excerpt-more\" href=\"http:\/\/dsrmedios.com.ar\/diario\/archivos\/40046\" title=\"Esteban Bullrich vuelve a la pol\u00edtica bonaerense: cu\u00e1l ser\u00e1 su funci\u00f3n\">[Leer m\u00e1s]<\/a><\/p>\n<\/div>","protected":false},"author":8,"featured_media":40047,"comment_status":"open","ping_status":"closed","sticky":false,"template":"","format":"standard","meta":{"_jetpack_newsletter_access":""},"categories":[6],"tags":[],"jetpack_featured_media_url":"http:\/\/dsrmedios.com.ar\/diario\/wp-content\/uploads\/2023\/10\/images-14.jpeg","jetpack_sharing_enabled":true,"jetpack_shortlink":"https:\/\/wp.me\/p9fihK-apU","_links":{"self":[{"href":"http:\/\/dsrmedios.com.ar\/diario\/wp-json\/wp\/v2\/posts\/40046"}],"collection":[{"href":"http:\/\/dsrmedios.com.ar\/diario\/wp-json\/wp\/v2\/posts"}],"about":[{"href":"http:\/\/dsrmedios.com.ar\/diario\/wp-json\/wp\/v2\/types\/post"}],"author":[{"embeddable":true,"href":"http:\/\/dsrmedios.com.ar\/diario\/wp-json\/wp\/v2\/users\/8"}],"replies":[{"embeddable":true,"href":"http:\/\/dsrmedios.com.ar\/diario\/wp-json\/wp\/v2\/comments?post=40046"}],"version-history":[{"count":1,"href":"http:\/\/dsrmedios.com.ar\/diario\/wp-json\/wp\/v2\/posts\/40046\/revisions"}],"predecessor-version":[{"id":40048,"href":"http:\/\/dsrmedios.com.ar\/diario\/wp-json\/wp\/v2\/posts\/40046\/revisions\/40048"}],"wp:featuredmedia":[{"embeddable":true,"href":"http:\/\/dsrmedios.com.ar\/diario\/wp-json\/wp\/v2\/media\/40047"}],"wp:attachment":[{"href":"http:\/\/dsrmedios.com.ar\/diario\/wp-json\/wp\/v2\/media?parent=40046"}],"wp:term":[{"taxonomy":"category","embeddable":true,"href":"http:\/\/dsrmedios.com.ar\/diario\/wp-json\/wp\/v2\/categories?post=40046"},{"taxonomy":"post_tag","embeddable":true,"href":"http:\/\/dsrmedios.com.ar\/diario\/wp-json\/wp\/v2\/tags?post=40046"}],"curies":[{"name":"wp","href":"https:\/\/api.w.org\/{rel}","templated":true}]}}