{"id":40043,"date":"2023-10-05T14:40:33","date_gmt":"2023-10-05T17:40:33","guid":{"rendered":"http:\/\/dsrmedios.com.ar\/diario\/?p=40043"},"modified":"2023-10-05T14:40:36","modified_gmt":"2023-10-05T17:40:36","slug":"ovacionado-por-empresarios-sergio-massa-lanzo-una-bateria-de-anuncios-para-las-pymes","status":"publish","type":"post","link":"http:\/\/dsrmedios.com.ar\/diario\/archivos\/40043","title":{"rendered":"Ovacionado por empresarios, Sergio Massa lanz\u00f3 una bater\u00eda de anuncios para las pymes"},"content":{"rendered":"\n<p>El ministro de Econom\u00eda y candidato presidencial,&nbsp;<strong>Sergio Massa<\/strong>, se present\u00f3 ante el Consejo Directivo Federal de CAME, donde los referentes de espacios pol\u00edticos que competir\u00e1n en las pr\u00f3ximas elecciones exponen sus propuestas para las pymes argentinas.&nbsp;<strong>Fue ovacionado por los empresarios por los anuncios econ\u00f3micos para el sector<\/strong>.<\/p>\n\n\n\n<p>&#8220;Tengo un enorme respeto por las pymes, tanto que a diferencia de otros candidatos, vengo a poner la cara porque creo en las pymes argentinas&#8221;, dijo por la ausencia de\u00a0<strong>Patricia Bullrich y de Javier Milei<\/strong><\/p>\n\n\n\n<p>All\u00ed, Massa reconoci\u00f3 las dificultades al sector y agradeci\u00f3 &#8220;porque a lo largo de estos 12 meses, siguieron generando empleo&#8221; y se\u00f1al\u00f3 que &#8220;m\u00e1s all\u00e1 del contexto, las pymes son actores centrales en t\u00e9rminos de generaci\u00f3n de empleo y consolidaci\u00f3n del mercado interno&#8221;.<\/p>\n\n\n\n<p>Massa plante\u00f3 como objetivos vender m\u00e1s de lo que se compra e ir a un orden fiscal a partir del Presupuesto, de lo que se\u00f1al\u00f3 que&nbsp;<strong>&#8220;cada uno de ustedes paga impuestos y las empresas que activan operaciones financieras con bonos, no pagan; entoces la rentabilidad que puede aparecer genera un incentivo m\u00e1s importnate que el desarrollo proudctivo&#8221;,&nbsp;<\/strong>dijo y plante\u00f3 simplificar el sistema productivo.<\/p>\n\n\n\n<p>&#8220;Hay que simplificarlo con un acuerdo federal, a pesar del esfuerzo de reducci\u00f3n del impuesto del IVA, ese esfuerzo tiene como contracara 4 o 5 puntos de Ingresos Brutos en las provincias, 3 o 4 de Seguridad e Higiene en los municipios. El mayor esfuerzo tiene que estar puesto en quienes m\u00e1s tienen y las actividades especulativas&#8221;, dijo Massa.<\/p>\n\n\n\n<figure class=\"wp-block-image\"><img decoding=\"async\" src=\"https:\/\/media.infocielo.com\/p\/c2ff6ded7afe1a9c3d7b8d5c58878e8a\/adjuntos\/299\/imagenes\/001\/726\/0001726718\/887x0\/smart\/imagepng.png\" alt=\"Sergio Massa ante el auditorio de empresarios de la CAME\" title=\"Sergio Massa ante el auditorio de empresarios de la CAME\"\/><\/figure>\n\n\n\n<p>Sergio Massa ante el auditorio de empresarios de la CAME<\/p>\n\n\n\n<p><a href=\"https:\/\/infocielo.com\/politica-y-economia\/el-plan-sergio-massa-la-moneda-digital-cuales-son-las-ventajas-y-como-se-aplicaria-n772887\" target=\"_blank\" rel=\"noreferrer noopener\">Asimismo, ratific\u00f3 su idea de impulsar una moneda digital en la Argentina<\/a>&nbsp;al se\u00f1alar que &#8220;la econom\u00eda informal atenta contra los precios, contra la libre competencia&#8221;; luego, se\u00f1al\u00f3 que se buscar\u00e1 mejorar las exportaciones en los sectores del agro, energ\u00eda, el complejo minero y la econom\u00eda del conocimiento, a los que agreg\u00f3 a las econom\u00edas regionales y a la exportaci\u00f3n pyme.<\/p>\n\n\n\n<p><strong>&#8220;As\u00ed como incentivamos para la soja lo que tiene que ver con el aumento de exportaciones contra liquidaci\u00f3n, desde el lunes, las exportaciones pyme tambi\u00e9n tienen el incentivo de ingreso por contado con liquidaci\u00f3n del 25 por ciento para garantizar mayor volumen de ingreso que acelere las exportaciones&#8221;,&nbsp;<\/strong>anunci\u00f3 y se llev\u00f3 los aplausos del auditorio.<\/p>\n\n\n\n<p>En esa l\u00ednea, se\u00f1al\u00f3 que la dificultad es consolidar el sistema de cr\u00e9dito. &#8220;Mi primer planteo vinculado al proceso electoral, porque las ideas vinculadas a la elecci\u00f3n de otra moneda tienen consecuencias que se pueden ver en el tejido de peque\u00f1a y mediana empresa de pa\u00edses que tomaron el camino de la dolarizaci\u00f3n&#8221;, dijo.<\/p>\n\n\n\n<figure class=\"wp-block-image\"><img decoding=\"async\" src=\"https:\/\/media.infocielo.com\/p\/a4a2be4566c6e2a79acaf3222de5e69f\/adjuntos\/299\/imagenes\/001\/726\/0001726747\/887x0\/smart\/imagepng.png\" alt=\"\" title=\"\"\/><\/figure>\n\n\n\n<p>Luego, se refiri\u00f3 a la ca\u00edda de las pymes y los empleos en la \u00e9poca de Gobierno de Mauricio Macri cuando se realiz\u00f3 el acuerdo con el Fondo Monetario Internacional (FMI) y les pidi\u00f3 &#8220;imaginarlos en t\u00e9rminos de haber elegido la moneda y el se\u00f1oriaje de otro Banco Central&#8221;.<\/p>\n\n\n\n<p>Luego, ante la propuesta de &#8220;dolarizaci\u00f3n cobarde&#8221; de Patricia Bullrich, dijo que se trata de modelos que tienen Venezuela y Cuba, por lo que marc\u00f3 la iron\u00eda de las acusaciones que el oficialismo recibi\u00f3 por ello de su parte. &#8220;Creemos que la salida de Argentina es a partir de un proceso de desarrollo de producci\u00f3n y exportaciones&#8221;, sentenci\u00f3.<\/p>\n\n\n\n<p>&#8220;Quiero dejar claras las reformas para el mundo pyme, entendiendo que hay cosas que hacemos que tienen que ver con eso&#8221;, dijo y plante\u00f3:<\/p>\n\n\n\n<ul>\n<li>Los pr\u00f3ximos empleos que se generen no pagar\u00e1n cargas sociales, se le reconocer\u00e1 70 meses al trabajador para que puedan formalizar y generar nuevo empleo<\/li>\n\n\n\n<li>Establecer que todo r\u00e9gimen de nuevas exportaciones para las pyme estar\u00e1 eximido del pago de impuestos internos<\/li>\n\n\n\n<li>Tasa de inter\u00e9s negativa para proyectos de bienes de capital y aumento de capacidad instalada<\/li>\n<\/ul>\n\n\n\n<p>Finalmente, sobre los\u00a0<strong>juicios laborales,\u00a0<\/strong>se\u00f1al\u00f3 que hay que &#8220;terminar con el espiral de multas&#8221; y que hay que reordenar ese r\u00e9gimen que &#8220;pesa como una hipoteca&#8221; sobre las pymes.\u00a0<strong>&#8220;Tenemos que mirar sector por sector, est\u00e1n lo de alta rotaci\u00f3n y otros en los que ellos invierten en capacitaci\u00f3n; c\u00f3mo se consolide el v\u00ednculo tambi\u00e9n hace que ellos no pierdan al personal capacitado. No es con palos ni con motosierra, es con bistur\u00ed porque cada sector tiene una realidad&#8221;<\/strong>, plante\u00f3.<\/p>\n\n\n\n<p>Fuente: Infocielo<\/p>\n","protected":false},"excerpt":{"rendered":"<div class=\"mh-excerpt\"><p>El ministro de Econom\u00eda y candidato presidencial,&nbsp;Sergio Massa, se present\u00f3 ante el Consejo Directivo Federal de CAME, donde los referentes de espacios pol\u00edticos que competir\u00e1n en las pr\u00f3ximas elecciones exponen sus propuestas para las pymes argentinas.&nbsp;Fue ovacionado por los empresarios por los anuncios econ\u00f3micos para el sector. &#8220;Tengo un enorme respeto por las pymes, tanto que a diferencia de otros candidatos, vengo a poner la cara porque creo en las pymes argentinas&#8221;, dijo por la ausencia de\u00a0Patricia Bullrich y de Javier Milei All\u00ed, Massa reconoci\u00f3 las dificultades al sector y agradeci\u00f3 &#8220;porque a lo largo de estos 12 meses, siguieron <a class=\"mh-excerpt-more\" href=\"http:\/\/dsrmedios.com.ar\/diario\/archivos\/40043\" title=\"Ovacionado por empresarios, Sergio Massa lanz\u00f3 una bater\u00eda de anuncios para las pymes\">[Leer m\u00e1s]<\/a><\/p>\n<\/div>","protected":false},"author":8,"featured_media":40044,"comment_status":"open","ping_status":"closed","sticky":false,"template":"","format":"standard","meta":{"_jetpack_newsletter_access":""},"categories":[6],"tags":[],"jetpack_featured_media_url":"http:\/\/dsrmedios.com.ar\/diario\/wp-content\/uploads\/2023\/10\/imagepng.webp","jetpack_sharing_enabled":true,"jetpack_shortlink":"https:\/\/wp.me\/p9fihK-apR","_links":{"self":[{"href":"http:\/\/dsrmedios.com.ar\/diario\/wp-json\/wp\/v2\/posts\/40043"}],"collection":[{"href":"http:\/\/dsrmedios.com.ar\/diario\/wp-json\/wp\/v2\/posts"}],"about":[{"href":"http:\/\/dsrmedios.com.ar\/diario\/wp-json\/wp\/v2\/types\/post"}],"author":[{"embeddable":true,"href":"http:\/\/dsrmedios.com.ar\/diario\/wp-json\/wp\/v2\/users\/8"}],"replies":[{"embeddable":true,"href":"http:\/\/dsrmedios.com.ar\/diario\/wp-json\/wp\/v2\/comments?post=40043"}],"version-history":[{"count":1,"href":"http:\/\/dsrmedios.com.ar\/diario\/wp-json\/wp\/v2\/posts\/40043\/revisions"}],"predecessor-version":[{"id":40045,"href":"http:\/\/dsrmedios.com.ar\/diario\/wp-json\/wp\/v2\/posts\/40043\/revisions\/40045"}],"wp:featuredmedia":[{"embeddable":true,"href":"http:\/\/dsrmedios.com.ar\/diario\/wp-json\/wp\/v2\/media\/40044"}],"wp:attachment":[{"href":"http:\/\/dsrmedios.com.ar\/diario\/wp-json\/wp\/v2\/media?parent=40043"}],"wp:term":[{"taxonomy":"category","embeddable":true,"href":"http:\/\/dsrmedios.com.ar\/diario\/wp-json\/wp\/v2\/categories?post=40043"},{"taxonomy":"post_tag","embeddable":true,"href":"http:\/\/dsrmedios.com.ar\/diario\/wp-json\/wp\/v2\/tags?post=40043"}],"curies":[{"name":"wp","href":"https:\/\/api.w.org\/{rel}","templated":true}]}}