{"id":40040,"date":"2023-10-05T14:38:28","date_gmt":"2023-10-05T17:38:28","guid":{"rendered":"http:\/\/dsrmedios.com.ar\/diario\/?p=40040"},"modified":"2023-10-05T14:38:31","modified_gmt":"2023-10-05T17:38:31","slug":"quedo-listo-para-tratarse-en-diputados-el-proyecto-para-que-la-devolucion-del-iva-sea-ley","status":"publish","type":"post","link":"http:\/\/dsrmedios.com.ar\/diario\/archivos\/40040","title":{"rendered":"Qued\u00f3 listo para tratarse en Diputados el proyecto para que la devoluci\u00f3n del IVA sea Ley"},"content":{"rendered":"\n<p><a href=\"https:\/\/infocielo.com\/politica-y-economia\/enviaran-un-proyecto-que-la-devolucion-del-iva-sea-ley-n772176\" target=\"_blank\" rel=\"noreferrer noopener\">El proyecto que envi\u00f3&nbsp;<strong>Sergio Massa<\/strong>&nbsp;a la C\u00e1mara de Diputados<\/a>&nbsp;para que la devoluci\u00f3n del&nbsp;<strong>Impuesto al Valor Agregado (IVA)<\/strong>&nbsp;a los productos de la canasta b\u00e1sica sea Ley alcanz\u00f3 el dictamen de mayor\u00eda y avanzar\u00e1 en su tratamiento.<\/p>\n\n\n\n<p>Con 26 votos a favor, el proyecto que fue debatido en la comisi\u00f3n de Presupuesto y Hacienda que preside\u00a0<strong>Carlos Heller<\/strong>\u00a0y qued\u00f3 en condiciones de ser debatido en el recinto de la C\u00e1mara baja probablemente el pr\u00f3ximo martes 10 de octubre, en el marco de una sesi\u00f3n especial que impulsar\u00e1 el oficialismo.<\/p>\n\n\n\n<p><strong>&#8220;Intenta compensar el deterioro del poder adquisitivo de los sectores m\u00e1s vulnerables de la sociedad y, por eso, hubo un conjunto de medidas impulsadas por el gobierno&#8221;<\/strong>, dijo Heller en su alocuaci\u00f3n.<\/p>\n\n\n\n<p>En esa l\u00ednea, destac\u00f3 que &#8220;ya accedieron al beneficio m\u00e1s de 16 millones de personas por un monto que supera los 25 mil millones de pesos de devoluci\u00f3n&#8221; y sostuvo que esops datos &#8220;marcan la importancia, la aceptaci\u00f3n y el impacto positivo que tiene esta medida&#8221;.<\/p>\n\n\n\n<p><strong>&#8220;Es un beneficio que es absolutamente inclusivo, lo recibe el consumidor y est\u00e1 enfocado en un segmento concreto de consumo que son los que tienen que ver con la canasta b\u00e1sica alimentaria. No hay emisi\u00f3n descontrolada&#8221;<\/strong>, se\u00f1al\u00f3 Heller.<\/p>\n\n\n\n<figure class=\"wp-block-image\"><img decoding=\"async\" src=\"https:\/\/media.infocielo.com\/p\/86a9caccb63b81c00b40427a71b3ce84\/adjuntos\/299\/imagenes\/001\/726\/0001726818\/887x0\/smart\/whatsapp-image-2023-10-04-at-130405jpeg.jpeg\" alt=\"Con los votos del oficialismo, el proyecto que busca legalizar la devoluci&oacute;n del IVA qued&oacute; listo para tratarse en el recinto.\" title=\"Con los votos del oficialismo, el proyecto que busca legalizar la devoluci&oacute;n del IVA qued&oacute; listo para tratarse en el recinto.\"\/><\/figure>\n\n\n\n<p>Con los votos del oficialismo, el proyecto que busca legalizar la devoluci\u00f3n del IVA qued\u00f3 listo para tratarse en el recinto.<\/p>\n\n\n\n<p>En tanto, el diputado de la oposici\u00f3n&nbsp;<strong>Alejandro Cacace<\/strong>&nbsp;se\u00f1al\u00f3 que &#8220;estamos atravesando una profunda crisis que afecta el poder adquisitivo de los ciudadanos&#8221;, pero anticip\u00f3 que con otro dictamen buscar\u00e1n que la medida est\u00e9 vigente hasta el 9 de diciembre de este a\u00f1o, al argumentar que se trata de<strong>&nbsp;&#8220;medidas que implican p\u00e9rdida de recursos y aumento de gasto del Estado y se profundiza la emisi\u00f3n&#8221;.<\/strong><\/p>\n\n\n\n<p>&#8220;No creemos que sea responsabilidad de este gobierno fijar la pol\u00edtica tributaria del pr\u00f3ximo presidente. Acompa\u00f1amos la medida de devoluci\u00f3n pero no creemos que despu\u00e9s de haber sido derrotado el gobierno ahora fije la pol\u00edtica tributaria para el pr\u00f3ximo gobierno, Por eso, impulsamos que venza el 9 de diciembre&#8221;, asever\u00f3.<\/p>\n\n\n\n<p>Hace algunas semanas,&nbsp;<a href=\"https:\/\/infocielo.com\/politica-y-economia\/sergio-massa-anuncio-la-devolucion-del-iva-monotributistas-jubilados-y-trabajadores-n771535\" target=\"_blank\" rel=\"noreferrer noopener\">Massa dio a conocer el programa Compre sin IVA<\/a>, que implica la&nbsp;<strong>devoluci\u00f3n del IVA del total de la canasta b\u00e1sica<\/strong>&nbsp;para los 9 millones de trabajadores que cobran salarios de hasta 708 mil pesos. Asimismo, alcanza a 7 millones de jubilados y pensionados, como as\u00ed tambi\u00e9n a 2,3 millones de monotributistas que no tienen otro ingreso, a los beneficiarios del programa Asignaci\u00f3n Universal por Hijo y a las trabajadoras de casas particulares.<\/p>\n\n\n\n<p>&#8220;En t\u00e9rminos de plata, cada trabajador y trabajadora, jubilado y jubilada, va a tener a lo largo del mes o en un solo d\u00eda o en las distintas compras que realice, una devoluci\u00f3n a las 48 horas de realizada la compra con la tarjeta de d\u00e9bito por hasta 18.800 pesos a lo largo del mes&#8221;, explic\u00f3 el ministro.<\/p>\n\n\n\n<p>Vale recordar que las compras deber\u00e1n efectuarse con tarjeta de d\u00e9bito para poder recibir la devoluci\u00f3n, pero tambi\u00e9n con las billeteras virtuales Cuenta DNI y Modo BNA+, de los bancos Provincia y Naci\u00f3n, respectivamente.<\/p>\n\n\n\n<p>FUENTE: INFOCIELO<\/p>\n","protected":false},"excerpt":{"rendered":"<div class=\"mh-excerpt\"><p>El proyecto que envi\u00f3&nbsp;Sergio Massa&nbsp;a la C\u00e1mara de Diputados&nbsp;para que la devoluci\u00f3n del&nbsp;Impuesto al Valor Agregado (IVA)&nbsp;a los productos de la canasta b\u00e1sica sea Ley alcanz\u00f3 el dictamen de mayor\u00eda y avanzar\u00e1 en su tratamiento. Con 26 votos a favor, el proyecto que fue debatido en la comisi\u00f3n de Presupuesto y Hacienda que preside\u00a0Carlos Heller\u00a0y qued\u00f3 en condiciones de ser debatido en el recinto de la C\u00e1mara baja probablemente el pr\u00f3ximo martes 10 de octubre, en el marco de una sesi\u00f3n especial que impulsar\u00e1 el oficialismo. &#8220;Intenta compensar el deterioro del poder adquisitivo de los sectores m\u00e1s vulnerables de la <a class=\"mh-excerpt-more\" href=\"http:\/\/dsrmedios.com.ar\/diario\/archivos\/40040\" title=\"Qued\u00f3 listo para tratarse en Diputados el proyecto para que la devoluci\u00f3n del IVA sea Ley\">[Leer m\u00e1s]<\/a><\/p>\n<\/div>","protected":false},"author":8,"featured_media":40041,"comment_status":"open","ping_status":"closed","sticky":false,"template":"","format":"standard","meta":{"_jetpack_newsletter_access":""},"categories":[6],"tags":[],"jetpack_featured_media_url":"http:\/\/dsrmedios.com.ar\/diario\/wp-content\/uploads\/2023\/10\/whatsapp-image-2023-10-04-at-130406jpeg.jpeg","jetpack_sharing_enabled":true,"jetpack_shortlink":"https:\/\/wp.me\/p9fihK-apO","_links":{"self":[{"href":"http:\/\/dsrmedios.com.ar\/diario\/wp-json\/wp\/v2\/posts\/40040"}],"collection":[{"href":"http:\/\/dsrmedios.com.ar\/diario\/wp-json\/wp\/v2\/posts"}],"about":[{"href":"http:\/\/dsrmedios.com.ar\/diario\/wp-json\/wp\/v2\/types\/post"}],"author":[{"embeddable":true,"href":"http:\/\/dsrmedios.com.ar\/diario\/wp-json\/wp\/v2\/users\/8"}],"replies":[{"embeddable":true,"href":"http:\/\/dsrmedios.com.ar\/diario\/wp-json\/wp\/v2\/comments?post=40040"}],"version-history":[{"count":1,"href":"http:\/\/dsrmedios.com.ar\/diario\/wp-json\/wp\/v2\/posts\/40040\/revisions"}],"predecessor-version":[{"id":40042,"href":"http:\/\/dsrmedios.com.ar\/diario\/wp-json\/wp\/v2\/posts\/40040\/revisions\/40042"}],"wp:featuredmedia":[{"embeddable":true,"href":"http:\/\/dsrmedios.com.ar\/diario\/wp-json\/wp\/v2\/media\/40041"}],"wp:attachment":[{"href":"http:\/\/dsrmedios.com.ar\/diario\/wp-json\/wp\/v2\/media?parent=40040"}],"wp:term":[{"taxonomy":"category","embeddable":true,"href":"http:\/\/dsrmedios.com.ar\/diario\/wp-json\/wp\/v2\/categories?post=40040"},{"taxonomy":"post_tag","embeddable":true,"href":"http:\/\/dsrmedios.com.ar\/diario\/wp-json\/wp\/v2\/tags?post=40040"}],"curies":[{"name":"wp","href":"https:\/\/api.w.org\/{rel}","templated":true}]}}