{"id":40033,"date":"2023-10-04T14:59:35","date_gmt":"2023-10-04T17:59:35","guid":{"rendered":"http:\/\/dsrmedios.com.ar\/diario\/?p=40033"},"modified":"2023-10-04T14:59:37","modified_gmt":"2023-10-04T17:59:37","slug":"sergio-massa-busca-retomar-su-agenda-economica-para-intentar-contener-el-impacto-del-escandalo-de-insaurralde","status":"publish","type":"post","link":"http:\/\/dsrmedios.com.ar\/diario\/archivos\/40033","title":{"rendered":"Sergio Massa busca retomar su agenda econ\u00f3mica para intentar contener el impacto del esc\u00e1ndalo de Insaurralde"},"content":{"rendered":"\n<p>El&nbsp;<a href=\"https:\/\/tn.com.ar\/politica\/2023\/10\/03\/escandalo-por-el-caso-de-martin-insaurralde-y-sofia-clerici-minuto-a-minuto-y-ultimas-noticias\/\" target=\"_blank\" rel=\"noreferrer noopener\"><strong>esc\u00e1ndalo de Mart\u00edn Insaurralde<\/strong><\/a>&nbsp;impact\u00f3 de lleno en la&nbsp;<strong>campa\u00f1a presidencial de Uni\u00f3n por la Patria<\/strong>. Mientras intentan hacer&nbsp;<strong>control de da\u00f1os<\/strong>&nbsp;tras la difusi\u00f3n de im\u00e1genes de las&nbsp;<a href=\"https:\/\/tn.com.ar\/show\/famosos\/2023\/09\/30\/sofia-clerici-blanqueo-su-romance-con-martin-insaurralde-desde-un-exclusivo-yate-en-marbella\/\"><strong>lujosas vacaciones del (ahora ex) funcionario bonaerense con la modelo Sof\u00eda Clerici<\/strong><\/a>, en el oficialismo buscan&nbsp;<strong>retomar la agenda econ\u00f3mica<\/strong>&nbsp;para tapar el esc\u00e1ndalo y apuntalar la figura de&nbsp;<strong>Sergio Massa<\/strong>&nbsp;antes de las&nbsp;<a href=\"https:\/\/tn.com.ar\/elecciones-2023\/\" target=\"_blank\" rel=\"noreferrer noopener\">elecciones presidenciales<\/a>.<\/p>\n\n\n\n<p>En la sede de campa\u00f1a de UxP creen que, hasta la\u00a0<strong>explosi\u00f3n del caso Insaurralde<\/strong>, se hab\u00eda logrado comenzar a desarticular las ideas de Javier Milei. Un colaborador de Massa pone un ejemplo concreto: \u201cLa gente hab\u00eda comenzado a dejar de hablar de la dolarizaci\u00f3n para ver si iba a recibir la devoluci\u00f3n del IVA\u201d. El esc\u00e1ndalo del YateGate desenfoc\u00f3 la campa\u00f1a y hace que de alguna manera el oficialismo tenga que volver a empezar.<\/p>\n\n\n\n<p>\u201cHab\u00edamos logrado desandar algunas ideas de Milei respecto de la dolarizaci\u00f3n, los vouchers para estudiar, la privatizaci\u00f3n de la salud y las jubilaciones&#8230;\u201d,&nbsp;<strong>se lamentan en el oficialismo<\/strong>. Saben que el caso protagonizado por el exintendente de Lomas de Zamora se amolda perfecto al discurso anti casta de Milei.<\/p>\n\n\n\n<p>Cerca de Massa explican a&nbsp;<strong>TN&nbsp;<\/strong>que ya encargaron trabajos a consultor\u00edas para ver de qu\u00e9 manera impactar\u00e1 el caso en la imagen del ministro de Econom\u00eda. \u201cNo lo tengo tan claro. Es cierto que golpe\u00f3 en la agenda, pero tambi\u00e9n que en cuatro horas estaba afuera (de la jefatura de Gabinete de Axel Kicillof) y Massa lo hizo bajar de su candidatura (a concejal).&nbsp;<strong>Ahora es un tema judicial<\/strong>\u201d.<\/p>\n\n\n\n<p>En este sentido, en el oficialismo dicen que Massa se puso r\u00e1pidamente al frente del caso y tom\u00f3 la decisi\u00f3n de que Insaurralde no pertenezca m\u00e1s al gobierno de Kicillof.<\/p>\n\n\n\n<figure class=\"wp-block-image\"><img decoding=\"async\" src=\"https:\/\/tn.com.ar\/resizer\/1rdzqm5oyTqO-8U-m-y7jb8_OHE=\/767x0\/smart\/filters:format(webp)\/cloudfront-us-east-1.images.arcpublishing.com\/artear\/XFKYJJC3O5DCBAYJ3AMFNFJCNA.jpg\" alt=\"Massa, M\u00e1ximo Kirchner y Kicillof, salpicados por el esc\u00e1ndalo. (Foto: NA)\"\/><figcaption class=\"wp-element-caption\">Massa, M\u00e1ximo Kirchner y Kicillof, salpicados por el esc\u00e1ndalo. (Foto: NA)<\/figcaption><\/figure>\n\n\n\n<h2>Sergio Massa busca retomar su agenda econ\u00f3mica para intentar aplacar el esc\u00e1ndalo de Insaurralde<\/h2>\n\n\n\n<p>Enfocado en dar vuelta la p\u00e1gina, el ministro de Econom\u00eda intentar\u00e1 ahora retomar el camino que se hab\u00eda iniciado antes del esc\u00e1ndalo, con&nbsp;<strong>varios viajes programados al interior del pa\u00eds<\/strong>&nbsp;y la idea de instalar una&nbsp;<strong>agenda de propuestas econ\u00f3micas<\/strong>. El domingo, durante el debate, mostr\u00f3 signos de esta estrategia, que busca&nbsp;<strong>polarizar con Milei para entrar al balotaje<\/strong>.<\/p>\n\n\n\n<p>Por caso, el equipo de comunicaci\u00f3n de Massa comenz\u00f3 este lunes a dar detalles de la Moneda Digital Argentina, una de las propuestas del tigrense en caso de que se convierta en presidente. Esta clase de iniciativa, sirve, adem\u00e1s, para contrastar con las ideas de Milei: \u201cMientras otros candidatos proponen la fantasia de la dolarizaci\u00f3n sin explicaci\u00f3n o el bimonetarismo libre, el programa de la MDA introduce incentivos para alentar el uso de medios digitales, revisando el esquema de retenciones impositivas y otras medidas impositivas\u201d.<\/p>\n\n\n\n<p>Este mi\u00e9rcoles dar\u00e1n otro paso en ese sentido: la Comisi\u00f3n de Presupuesto y Hacienda de la C\u00e1mara de Diputados retomar\u00e1 el an\u00e1lisis del proyecto de ley del Gobierno que establece la\u00a0<strong>devoluci\u00f3n del IVA para los productos de la canasta b\u00e1sica<\/strong>\u00a0a sectores con menores ingresos. El oficialismo aspira a emitir un dictamen de mayor\u00eda en respaldo a la iniciativa, con el fin de poder llevarla al recinto la pr\u00f3xima semana.<\/p>\n\n\n\n<p>Massa no es el \u00fanico perjudicado por el esc\u00e1ndalo: los videos y fotos del ahora exjefe de Gabinete provincial son un&nbsp;<strong>golpe por partida doble para el kirchnerismo<\/strong>: se trata de un mazazo para la campa\u00f1a de&nbsp;<strong>Axel Kicillof<\/strong>&nbsp;y un duro rev\u00e9s para&nbsp;<strong>M\u00e1ximo Kirchner<\/strong>, considerado el sost\u00e9n pol\u00edtico de Insaurralde.<\/p>\n\n\n\n<figure class=\"wp-block-image\"><img decoding=\"async\" src=\"https:\/\/tn.com.ar\/resizer\/DYtv8CLTmYIIwdia9xjci2Hcm2E=\/767x0\/smart\/filters:format(webp)\/cloudfront-us-east-1.images.arcpublishing.com\/artear\/ZZ6I43LNEJAIZDSIJXYUN4CHDU.jpeg\" alt=\"Massa intenta retomar su agenda econ\u00f3mica para alejarse del esc\u00e1ndalo de Insaurralde. Foto: Comunicaci\u00f3n Uni\u00f3n por la Patria. \"\/><figcaption class=\"wp-element-caption\">Massa intenta retomar su agenda econ\u00f3mica para alejarse del esc\u00e1ndalo de Insaurralde. Foto: Comunicaci\u00f3n Uni\u00f3n por la Patria.<\/figcaption><\/figure>\n\n\n\n<p>Cerca del gobernador bonaerense no le bajan el precio al esc\u00e1ndalo: dicen que el viaje del dirigente lomense es \u201cinaceptable\u201d y reconocen que tendr\u00e1 impacto pol\u00edtico en la campa\u00f1a. \u201c<strong>Da bronca porque no sobra mucho<\/strong>. En una elecci\u00f3n ajustada todo vale. Y estas cosas no ayudan\u201d, se lament\u00f3 un dirigente bonaerense.<\/p>\n\n\n\n<p>Para el equipo del gobernador, el caso re\u00fane todos los condimentos de un&nbsp;<strong>verdadero esc\u00e1ndalo:&nbsp;<\/strong>un romance de un dirigente de alto perfil en plena campa\u00f1a, fotos, videos, lujos y una provincia pobre. Es por eso que le instruyeron que lo mejor ser\u00eda dar una&nbsp;<strong>respuesta r\u00e1pida<\/strong>&nbsp;con la salida de Insaurralde del Gabinete y a su vez enviar un&nbsp;<strong>mensaje de austeridad<\/strong>.<\/p>\n\n\n\n<p><strong>El esc\u00e1ndalo tambi\u00e9n lo deja muy mal parado a M\u00e1ximo Kirchner<\/strong>. Insaurralde era nexo entre el hijo de la Vice -uno de los l\u00edderes del\u00a0<strong>PJ bonaerense<\/strong>&#8211; y los intendentes del Conurbano. Seg\u00fan revelaron a\u00a0<strong>TN<\/strong>, el lomense sol\u00eda\u00a0<strong>\u201ccalmar\u201d los reclamos de los jefes comunales<\/strong>\u00a0descontentos, por lo que M\u00e1ximo pierde a un valioso aliado y\u00a0<strong>queda mucho m\u00e1s d\u00e9bil hacia adentro de la interna<\/strong>.<\/p>\n\n\n\n<p>FUENTE: TN<\/p>\n","protected":false},"excerpt":{"rendered":"<div class=\"mh-excerpt\"><p>El&nbsp;esc\u00e1ndalo de Mart\u00edn Insaurralde&nbsp;impact\u00f3 de lleno en la&nbsp;campa\u00f1a presidencial de Uni\u00f3n por la Patria. Mientras intentan hacer&nbsp;control de da\u00f1os&nbsp;tras la difusi\u00f3n de im\u00e1genes de las&nbsp;lujosas vacaciones del (ahora ex) funcionario bonaerense con la modelo Sof\u00eda Clerici, en el oficialismo buscan&nbsp;retomar la agenda econ\u00f3mica&nbsp;para tapar el esc\u00e1ndalo y apuntalar la figura de&nbsp;Sergio Massa&nbsp;antes de las&nbsp;elecciones presidenciales. En la sede de campa\u00f1a de UxP creen que, hasta la\u00a0explosi\u00f3n del caso Insaurralde, se hab\u00eda logrado comenzar a desarticular las ideas de Javier Milei. Un colaborador de Massa pone un ejemplo concreto: \u201cLa gente hab\u00eda comenzado a dejar de hablar de la dolarizaci\u00f3n para <a class=\"mh-excerpt-more\" href=\"http:\/\/dsrmedios.com.ar\/diario\/archivos\/40033\" title=\"Sergio Massa busca retomar su agenda econ\u00f3mica para intentar contener el impacto del esc\u00e1ndalo de Insaurralde\">[Leer m\u00e1s]<\/a><\/p>\n<\/div>","protected":false},"author":8,"featured_media":31416,"comment_status":"open","ping_status":"closed","sticky":false,"template":"","format":"standard","meta":{"_jetpack_newsletter_access":""},"categories":[6],"tags":[],"jetpack_featured_media_url":"http:\/\/dsrmedios.com.ar\/diario\/wp-content\/uploads\/2023\/04\/CULIKXKBYJ5VYCFKH4L7XKC57Q.jpg","jetpack_sharing_enabled":true,"jetpack_shortlink":"https:\/\/wp.me\/p9fihK-apH","_links":{"self":[{"href":"http:\/\/dsrmedios.com.ar\/diario\/wp-json\/wp\/v2\/posts\/40033"}],"collection":[{"href":"http:\/\/dsrmedios.com.ar\/diario\/wp-json\/wp\/v2\/posts"}],"about":[{"href":"http:\/\/dsrmedios.com.ar\/diario\/wp-json\/wp\/v2\/types\/post"}],"author":[{"embeddable":true,"href":"http:\/\/dsrmedios.com.ar\/diario\/wp-json\/wp\/v2\/users\/8"}],"replies":[{"embeddable":true,"href":"http:\/\/dsrmedios.com.ar\/diario\/wp-json\/wp\/v2\/comments?post=40033"}],"version-history":[{"count":1,"href":"http:\/\/dsrmedios.com.ar\/diario\/wp-json\/wp\/v2\/posts\/40033\/revisions"}],"predecessor-version":[{"id":40034,"href":"http:\/\/dsrmedios.com.ar\/diario\/wp-json\/wp\/v2\/posts\/40033\/revisions\/40034"}],"wp:featuredmedia":[{"embeddable":true,"href":"http:\/\/dsrmedios.com.ar\/diario\/wp-json\/wp\/v2\/media\/31416"}],"wp:attachment":[{"href":"http:\/\/dsrmedios.com.ar\/diario\/wp-json\/wp\/v2\/media?parent=40033"}],"wp:term":[{"taxonomy":"category","embeddable":true,"href":"http:\/\/dsrmedios.com.ar\/diario\/wp-json\/wp\/v2\/categories?post=40033"},{"taxonomy":"post_tag","embeddable":true,"href":"http:\/\/dsrmedios.com.ar\/diario\/wp-json\/wp\/v2\/tags?post=40033"}],"curies":[{"name":"wp","href":"https:\/\/api.w.org\/{rel}","templated":true}]}}