{"id":40018,"date":"2023-10-04T12:05:35","date_gmt":"2023-10-04T15:05:35","guid":{"rendered":"http:\/\/dsrmedios.com.ar\/diario\/?p=40018"},"modified":"2023-10-04T12:05:37","modified_gmt":"2023-10-04T15:05:37","slug":"javier-milei-presentara-una-cautelar-para-intentar-frenar-contrataciones-y-licitaciones-del-gobierno","status":"publish","type":"post","link":"http:\/\/dsrmedios.com.ar\/diario\/archivos\/40018","title":{"rendered":"Javier Milei presentar\u00e1 una cautelar para intentar frenar contrataciones y licitaciones del Gobierno"},"content":{"rendered":"\n<p>El candidato presidencial por La Libertad Avanza, Javier Milei, presentar\u00e1 en las pr\u00f3ximas horas una&nbsp;<strong>medida cautelar&nbsp;<\/strong>en la Justicia Federal para<strong>&nbsp;frenar contrataciones, licitaciones, designaciones y adjudicaciones realizadas&nbsp;<\/strong>por el Gobierno nacional.<\/p>\n\n\n\n<p>La denuncia fue hecha a trav\u00e9s de su abogado,<strong>&nbsp;Diego Spagnuolo<\/strong>, quien la semana pasada hab\u00eda realizado una presentaci\u00f3n similar en mesa de entradas de la Casa Rosada.&nbsp;<strong>El economista libertario pide que suspendan de manera inmediata.<\/strong><\/p>\n\n\n\n<p><\/p>\n\n\n\n<p>La medida cautelar se funda, entre otras cuestiones, \u201cen&nbsp;<strong>el inter\u00e9s subjetivo del cual soy titular al haber sido erigido como el candidato individualmente m\u00e1s votado y ganador de las elecciones PASO.<\/strong>&nbsp;Los resultados de esas elecciones, sin lugar a duda, dan cuenta de las altas probabilidades de resultar electo Presidente de la Naci\u00f3n y, por ende, ostentar la titularidad del PEN a partir del 10 de diciembre pr\u00f3ximo\u201d.<\/p>\n\n\n\n<p>\u201cLa medida cautelar tiene por objeto&nbsp;<strong>evitar graves perjuicios al erario y a la administraci\u00f3n que probablemente deba asumir luego de las pr\u00f3ximas elecciones<\/strong>, mi legitimaci\u00f3n para solicitarla es evidente\u201d, agreg\u00f3.<\/p>\n\n\n\n<figure class=\"wp-block-image\"><img decoding=\"async\" src=\"https:\/\/tn.com.ar\/resizer\/33xloT4wiFK-hocvHYfnDBhXqcc=\/767x0\/smart\/filters:format(webp)\/cloudfront-us-east-1.images.arcpublishing.com\/artear\/Z7V7QKO7LRAMJBRVGGSWCRMCB4.jpg\" alt=\"Milei presentar\u00e1 una cautelar para intentar frenar contrataciones y licitaciones del Gobierno (Foto: REUTERS\/Tomas Cuesta).\"\/><figcaption class=\"wp-element-caption\">Milei presentar\u00e1 una cautelar para intentar frenar contrataciones y licitaciones del Gobierno (Foto: REUTERS\/Tomas Cuesta).<\/figcaption><\/figure>\n\n\n\n<p>\u201cAdem\u00e1s, la apertura de la v\u00eda judicial y el reconocimiento de mi legitimaci\u00f3n activa dada la alta probabilidad de ser quien deba conducir los destinos de la Naci\u00f3n a partir del 10 de diciembre se justifica en&nbsp;<strong>la inusitada gravedad institucional que revisten los actos y conductas materiales impetradas por el (a\u00fan) Gobierno Nacional<\/strong>\u201d, indic\u00f3 en el escrito.<\/p>\n\n\n\n<p>En la cautelar se pide que \u201c<strong>se ordene la inmediata suspensi\u00f3n de todos aquellos actos que comprometan los recursos del Estado Nacional<\/strong>\u00a0m\u00e1s all\u00e1 del t\u00e9rmino del mandato del actual Presidente y se encuentren afectados por desviaci\u00f3n de poder, ilegalidad o irrazonabilidad y\/o cualquier otro vicio que determine su nulidad absoluta e insanable y, en concreto\u201d.<\/p>\n\n\n\n<p>\u201c<strong>Se solicita evitar el pase de empleados p\u00fablicos a planta permanente en determinadas dependencias<\/strong>, el freno de contrataciones en distintas \u00e1reas, un decreto relacionado con regulaciones que impactan en la pol\u00edtica nacional de comercio exterior, la designaci\u00f3n de los m\u00e1s altos cargos jer\u00e1rquicos del ENRE, la revisi\u00f3n de los cuadros tarifarios de las empresas de transporte y distribuci\u00f3n de energ\u00eda el\u00e9ctrica, la licitaci\u00f3n del espectro 5G y la adjudicaci\u00f3n de contratos para la emisi\u00f3n y entrega de DNIs y pasaportes, entre otras medidas\u201d, complet\u00f3.<\/p>\n\n\n\n<h2>Fuerte cruce de Bullrich a Macri por el gesto con Milei: \u201cLo que dijo me parece inconveniente\u201d<\/h2>\n\n\n\n<p>La candidata presidencial de Juntos por el Cambio,&nbsp;<strong>Patricia Bullrich<\/strong>, sali\u00f3 al cruce del l\u00edder del PRO, Mauricio Macri, despu\u00e9s de que planteara:&nbsp;<strong>\u201cSi Javier Milei gana la elecci\u00f3n, espero que nuestra coalici\u00f3n apoye cualquier reforma razonable\u201d<\/strong>, en lo que&nbsp;<a href=\"https:\/\/tn.com.ar\/politica\/2023\/10\/03\/macri-hablo-de-un-eventual-gobierno-de-milei-espero-que-jxc-apoye-las-reformas-razonables-en-el-congreso\/\" target=\"_blank\" rel=\"noreferrer noopener\">puede leerse como un nuevo gesto al libertario.<\/a><\/p>\n\n\n\n<figure class=\"wp-block-image\"><img decoding=\"async\" src=\"https:\/\/tn.com.ar\/resizer\/kAM5N7WwD78E5hzBuDS6iM1CRkM=\/767x0\/smart\/filters:format(webp)\/cloudfront-us-east-1.images.arcpublishing.com\/artear\/GU7WLHQNEJGKVHWB5TLHGTT44U.jpg\" alt=\"Patricia Bullrich junto a Mauricio Macri en el Segundo Encuentro del Grupo Libertad y Democracia (Foto: prensa Juntos por el Cambio).\"\/><figcaption class=\"wp-element-caption\">Patricia Bullrich junto a Mauricio Macri en el Segundo Encuentro del Grupo Libertad y Democracia (Foto: prensa Juntos por el Cambio).<\/figcaption><\/figure>\n\n\n\n<p>La exministra de Seguridad dijo: \u201c<strong>No es el momento para que Macri plantee temas parlamentarios futuros<\/strong>, hoy voy a debatir lo que dijo porque me parece inconveniente\u201d, en plena campa\u00f1a previo a las elecciones del 22 de octubre, y en medio de la escalada de tensi\u00f3n entre los candidatos presidenciales de Juntos por el Cambio y La Libertad Avanza.<\/p>\n\n\n\n<p>Bullrich le marc\u00f3 la cancha al expresidente: \u201cEstamos en el medio de una pelea electoral,\u00a0<strong>no me parece que en este momento podamos discutir eso<\/strong>, justamente nuestra fortaleza es la capacidad parlamentaria, considero que no es conveniente que Macri haya dicho una cosa as\u00ed, no es el momento, lo discutir\u00e9 con \u00e9l\u201d.<\/p>\n\n\n\n<p>Fuente: TN<\/p>\n","protected":false},"excerpt":{"rendered":"<div class=\"mh-excerpt\"><p>El candidato presidencial por La Libertad Avanza, Javier Milei, presentar\u00e1 en las pr\u00f3ximas horas una&nbsp;medida cautelar&nbsp;en la Justicia Federal para&nbsp;frenar contrataciones, licitaciones, designaciones y adjudicaciones realizadas&nbsp;por el Gobierno nacional. La denuncia fue hecha a trav\u00e9s de su abogado,&nbsp;Diego Spagnuolo, quien la semana pasada hab\u00eda realizado una presentaci\u00f3n similar en mesa de entradas de la Casa Rosada.&nbsp;El economista libertario pide que suspendan de manera inmediata. La medida cautelar se funda, entre otras cuestiones, \u201cen&nbsp;el inter\u00e9s subjetivo del cual soy titular al haber sido erigido como el candidato individualmente m\u00e1s votado y ganador de las elecciones PASO.&nbsp;Los resultados de esas elecciones, sin <a class=\"mh-excerpt-more\" href=\"http:\/\/dsrmedios.com.ar\/diario\/archivos\/40018\" title=\"Javier Milei presentar\u00e1 una cautelar para intentar frenar contrataciones y licitaciones del Gobierno\">[Leer m\u00e1s]<\/a><\/p>\n<\/div>","protected":false},"author":8,"featured_media":32063,"comment_status":"open","ping_status":"closed","sticky":false,"template":"","format":"standard","meta":{"_jetpack_newsletter_access":""},"categories":[6],"tags":[],"jetpack_featured_media_url":"http:\/\/dsrmedios.com.ar\/diario\/wp-content\/uploads\/2023\/04\/javier-mileijpg-1.jpg","jetpack_sharing_enabled":true,"jetpack_shortlink":"https:\/\/wp.me\/p9fihK-aps","_links":{"self":[{"href":"http:\/\/dsrmedios.com.ar\/diario\/wp-json\/wp\/v2\/posts\/40018"}],"collection":[{"href":"http:\/\/dsrmedios.com.ar\/diario\/wp-json\/wp\/v2\/posts"}],"about":[{"href":"http:\/\/dsrmedios.com.ar\/diario\/wp-json\/wp\/v2\/types\/post"}],"author":[{"embeddable":true,"href":"http:\/\/dsrmedios.com.ar\/diario\/wp-json\/wp\/v2\/users\/8"}],"replies":[{"embeddable":true,"href":"http:\/\/dsrmedios.com.ar\/diario\/wp-json\/wp\/v2\/comments?post=40018"}],"version-history":[{"count":1,"href":"http:\/\/dsrmedios.com.ar\/diario\/wp-json\/wp\/v2\/posts\/40018\/revisions"}],"predecessor-version":[{"id":40026,"href":"http:\/\/dsrmedios.com.ar\/diario\/wp-json\/wp\/v2\/posts\/40018\/revisions\/40026"}],"wp:featuredmedia":[{"embeddable":true,"href":"http:\/\/dsrmedios.com.ar\/diario\/wp-json\/wp\/v2\/media\/32063"}],"wp:attachment":[{"href":"http:\/\/dsrmedios.com.ar\/diario\/wp-json\/wp\/v2\/media?parent=40018"}],"wp:term":[{"taxonomy":"category","embeddable":true,"href":"http:\/\/dsrmedios.com.ar\/diario\/wp-json\/wp\/v2\/categories?post=40018"},{"taxonomy":"post_tag","embeddable":true,"href":"http:\/\/dsrmedios.com.ar\/diario\/wp-json\/wp\/v2\/tags?post=40018"}],"curies":[{"name":"wp","href":"https:\/\/api.w.org\/{rel}","templated":true}]}}