{"id":40017,"date":"2023-10-04T12:00:49","date_gmt":"2023-10-04T15:00:49","guid":{"rendered":"http:\/\/dsrmedios.com.ar\/diario\/?p=40017"},"modified":"2023-10-04T12:00:52","modified_gmt":"2023-10-04T15:00:52","slug":"alberto-fernandez-sobre-el-escandalo-de-insaurralde-su-actitud-lastima-a-un-monton-de-gente-correcta","status":"publish","type":"post","link":"http:\/\/dsrmedios.com.ar\/diario\/archivos\/40017","title":{"rendered":"Alberto Fern\u00e1ndez, sobre el esc\u00e1ndalo de Insaurralde: \u201cSu actitud lastima a un mont\u00f3n de gente correcta\u201d"},"content":{"rendered":"\n<p>El presidente Alberto Fern\u00e1ndez habl\u00f3 por primera vez del&nbsp;<a href=\"https:\/\/tn.com.ar\/politica\/2023\/10\/04\/sergio-massa-busca-retomar-su-agenda-economica-para-intentar-aplacar-el-escandalo-de-insaurralde\/\" target=\"_blank\" rel=\"noreferrer noopener\">esc\u00e1ndalo protagonizado por Mart\u00edn Insaurralde<\/a>&nbsp;y su lujoso viaje a Europa con una modelo. Fern\u00e1ndez destac\u00f3 la reacci\u00f3n de&nbsp;<strong>Axel Kicillof<\/strong>&nbsp;y de<strong>&nbsp;Sergio Massa<\/strong>&nbsp;de pedirle la renuncia al ahora ex jefe de Gabinete de la provincia de Buenos Aires.<\/p>\n\n\n\n<p>\u201cLa\u00a0<strong>actitud salpica y lastima a un mont\u00f3n de gente honesta y correcta que no tiene nada que ver.\u00a0<\/strong>Que no piensa en yates, en el Mediterr\u00e1neo, que no piensa en esas cosas y que viven una vida austera\u201d, fue la primera definici\u00f3n que dio el presidente sobre el esc\u00e1ndalo que termin\u00f3 con la renuncia del todav\u00eda intendente de Lomas de Zamora.<\/p>\n\n\n\n<p>En paralelo, defendi\u00f3 tanto al gobernador bonaerense, Axel Kicillof, como al ministro de Econom\u00eda y candidato a presidente, Sergio Massa, por la reacci\u00f3n de pedirle la renuncia a la jefatura de Gabinete bonaerense.&nbsp;<strong>\u201cNo merecemos ser criticados por eso<\/strong>\u201d, sentenci\u00f3.<\/p>\n\n\n\n<p>\u201cUno puede estar m\u00e1s o menos de acuerdo con Axel, pero&nbsp;<strong>Axel es un hombre honesto, indudablemente, y tiene una vida austera<\/strong>. Igual creo que hubo una buena reacci\u00f3n de \u00e9l y le pidi\u00f3 r\u00e1pidamente la renuncia\u201d, se\u00f1al\u00f3 en defensa del candidato a la reelecci\u00f3n en la provincia de Buenos Aires.<\/p>\n\n\n\n<p>Si bien dijo que no abrir\u00eda un juicio desde el aspecto personal contra Insaurralde, se\u00f1al\u00f3 que el esc\u00e1ndalo del yate en Marbella es \u201cuna conducta que lastima mucho la credibilidad pol\u00edtica\u201d. \u201cDesde ese lugar,<strong>&nbsp;como hombre de la pol\u00edtica que soy, lo siento mucho\u201d<\/strong>, agreg\u00f3.<\/p>\n\n\n\n<figure class=\"wp-block-image\"><img decoding=\"async\" src=\"https:\/\/tn.com.ar\/resizer\/ySis9fouOeyF20RZtxff-HU3_KE=\/767x0\/smart\/filters:format(webp)\/cloudfront-us-east-1.images.arcpublishing.com\/artear\/4UUEZK5DWFFD7LKDLYVBN7CGQY.jfif\" alt=\"A horas del debate presidencial, el oficialismo mantiene el silencio sobre el esc\u00e1ndalo que protagoniza Mart\u00edn Insaurralde. (Foto: @minsaurralde\/Twitter).\"\/><figcaption class=\"wp-element-caption\">A horas del debate presidencial, el oficialismo mantiene el silencio sobre el esc\u00e1ndalo que protagoniza Mart\u00edn Insaurralde. (Foto: @minsaurralde\/Twitter).<\/figcaption><\/figure>\n\n\n\n<p>Bajo ese mismo tema, el presidente aprovech\u00f3 para apuntar contra el discurso de Javier Milei y el concepto de \u201ccasta pol\u00edtica\u201d.&nbsp;<strong>\u201cHay que expresarle a la opini\u00f3n p\u00fablica que la pol\u00edtica no es una casta,<\/strong>&nbsp;la verdadera pol\u00edtica quiere hacerle bien al otro\u201d, dijo.<\/p>\n\n\n\n<p>\u201cLa pol\u00edtica est\u00e1 llena de gente que quiere servir al otro, servirle bien, ayudarlo, lo haremos mejor, lo haremos peor, pero\u00a0<strong>es la vocaci\u00f3n que tenemos\u201d,<\/strong>\u00a0agreg\u00f3 Fern\u00e1ndez.<\/p>\n\n\n\n<p>Luego, apunt\u00f3 contra Milei:<strong>\u00a0\u201cLa casta es la que defiende el que nos denuncia de ser casta<\/strong>. Son los grandes due\u00f1os de la Argentina, las grandes fortunas con grandes intereses\u201d<\/p>\n\n\n\n<p>Fuente: TN<\/p>\n","protected":false},"excerpt":{"rendered":"<div class=\"mh-excerpt\"><p>El presidente Alberto Fern\u00e1ndez habl\u00f3 por primera vez del&nbsp;esc\u00e1ndalo protagonizado por Mart\u00edn Insaurralde&nbsp;y su lujoso viaje a Europa con una modelo. Fern\u00e1ndez destac\u00f3 la reacci\u00f3n de&nbsp;Axel Kicillof&nbsp;y de&nbsp;Sergio Massa&nbsp;de pedirle la renuncia al ahora ex jefe de Gabinete de la provincia de Buenos Aires. \u201cLa\u00a0actitud salpica y lastima a un mont\u00f3n de gente honesta y correcta que no tiene nada que ver.\u00a0Que no piensa en yates, en el Mediterr\u00e1neo, que no piensa en esas cosas y que viven una vida austera\u201d, fue la primera definici\u00f3n que dio el presidente sobre el esc\u00e1ndalo que termin\u00f3 con la renuncia del todav\u00eda intendente <a class=\"mh-excerpt-more\" href=\"http:\/\/dsrmedios.com.ar\/diario\/archivos\/40017\" title=\"Alberto Fern\u00e1ndez, sobre el esc\u00e1ndalo de Insaurralde: \u201cSu actitud lastima a un mont\u00f3n de gente correcta\u201d\">[Leer m\u00e1s]<\/a><\/p>\n<\/div>","protected":false},"author":8,"featured_media":29246,"comment_status":"open","ping_status":"closed","sticky":false,"template":"","format":"standard","meta":{"_jetpack_newsletter_access":""},"categories":[6],"tags":[],"jetpack_featured_media_url":"http:\/\/dsrmedios.com.ar\/diario\/wp-content\/uploads\/2022\/09\/fernandezalberto.jpg","jetpack_sharing_enabled":true,"jetpack_shortlink":"https:\/\/wp.me\/p9fihK-apr","_links":{"self":[{"href":"http:\/\/dsrmedios.com.ar\/diario\/wp-json\/wp\/v2\/posts\/40017"}],"collection":[{"href":"http:\/\/dsrmedios.com.ar\/diario\/wp-json\/wp\/v2\/posts"}],"about":[{"href":"http:\/\/dsrmedios.com.ar\/diario\/wp-json\/wp\/v2\/types\/post"}],"author":[{"embeddable":true,"href":"http:\/\/dsrmedios.com.ar\/diario\/wp-json\/wp\/v2\/users\/8"}],"replies":[{"embeddable":true,"href":"http:\/\/dsrmedios.com.ar\/diario\/wp-json\/wp\/v2\/comments?post=40017"}],"version-history":[{"count":1,"href":"http:\/\/dsrmedios.com.ar\/diario\/wp-json\/wp\/v2\/posts\/40017\/revisions"}],"predecessor-version":[{"id":40019,"href":"http:\/\/dsrmedios.com.ar\/diario\/wp-json\/wp\/v2\/posts\/40017\/revisions\/40019"}],"wp:featuredmedia":[{"embeddable":true,"href":"http:\/\/dsrmedios.com.ar\/diario\/wp-json\/wp\/v2\/media\/29246"}],"wp:attachment":[{"href":"http:\/\/dsrmedios.com.ar\/diario\/wp-json\/wp\/v2\/media?parent=40017"}],"wp:term":[{"taxonomy":"category","embeddable":true,"href":"http:\/\/dsrmedios.com.ar\/diario\/wp-json\/wp\/v2\/categories?post=40017"},{"taxonomy":"post_tag","embeddable":true,"href":"http:\/\/dsrmedios.com.ar\/diario\/wp-json\/wp\/v2\/tags?post=40017"}],"curies":[{"name":"wp","href":"https:\/\/api.w.org\/{rel}","templated":true}]}}