{"id":40006,"date":"2023-10-04T11:55:41","date_gmt":"2023-10-04T14:55:41","guid":{"rendered":"http:\/\/dsrmedios.com.ar\/diario\/?p=40006"},"modified":"2023-10-04T11:55:43","modified_gmt":"2023-10-04T14:55:43","slug":"fuerte-cruce-de-bullrich-a-macri-por-el-gesto-con-milei-lo-que-dijo-me-parece-inconveniente","status":"publish","type":"post","link":"http:\/\/dsrmedios.com.ar\/diario\/archivos\/40006","title":{"rendered":"Fuerte cruce de Bullrich a Macri por el gesto con Milei: \u201cLo que dijo me parece inconveniente\u201d"},"content":{"rendered":"\n<p>La candidata presidencial de Juntos por el Cambio,&nbsp;<a href=\"https:\/\/tn.com.ar\/politica\/2023\/10\/03\/patricia-bullrich-adelanto-que-denunciara-a-javier-milei-por-decir-que-puso-bombas-en-jardines-de-infante\/\" target=\"_blank\" rel=\"noreferrer noopener\"><strong>Patricia Bullrich<\/strong><\/a><strong>,<\/strong>&nbsp;sali\u00f3 al cruce del l\u00edder del PRO,&nbsp;<a href=\"https:\/\/tn.com.ar\/politica\/2023\/10\/03\/macri-hablo-de-un-eventual-gobierno-de-milei-espero-que-jxc-apoye-las-reformas-razonables-en-el-congreso\/\" target=\"_blank\" rel=\"noreferrer noopener\"><strong>Mauricio Macri<\/strong><\/a><strong>,<\/strong>&nbsp;despu\u00e9s de que planteara: \u201cSi&nbsp;<a href=\"https:\/\/tn.com.ar\/show\/television\/2023\/10\/04\/los-mejores-memes-sobre-el-auto-de-javier-milei-que-fue-a-buscar-a-fatima-florez-al-bailando-2023\/\" target=\"_blank\" rel=\"noreferrer noopener\"><strong>Javier Milei<\/strong><\/a>&nbsp;gana la elecci\u00f3n, espero que nuestra coalici\u00f3n apoye<strong>&nbsp;cualquier reforma razonable\u201d,<\/strong>&nbsp;en lo que puede leerse como&nbsp;<a href=\"https:\/\/tn.com.ar\/politica\/2023\/08\/19\/macri-se-acerca-al-equipo-de-javier-milei-y-en-jxc-le-piden-a-bullrich-una-reaccion-urgente\/\" target=\"_blank\" rel=\"noreferrer noopener\">un nuevo gesto al libertario<\/a>.<\/p>\n\n\n\n<p>La exministra de Seguridad dijo:<strong>\u00a0\u201cNo es el momento<\/strong>\u00a0para que Macri plantee temas parlamentarios futuros, hoy voy a\u00a0<strong>debatir\u00a0<\/strong>lo que dijo porque me parece<strong>\u00a0inconveniente\u201d,\u00a0<\/strong>en plena\u00a0<strong>campa\u00f1a\u00a0<\/strong>previo a las elecciones del 22 de octubre, y en medio de\u00a0<a rel=\"noreferrer noopener\" href=\"https:\/\/tn.com.ar\/politica\/2023\/10\/03\/patricia-bullrich-adelanto-que-denunciara-a-javier-milei-por-decir-que-puso-bombas-en-jardines-de-infante\/\" target=\"_blank\">la escalada de\u00a0<strong>tensi\u00f3n<\/strong><\/a>entre los candidatos presidenciales de Juntos por el Cambio y La Libertad Avanza.<\/p>\n\n\n\n<p>Bullrich le marc\u00f3 la cancha al expresidente: \u201cEstamos en el medio de una pelea electoral, no me parece que en este momento podamos discutir eso, justamente nuestra fortaleza es la capacidad parlamentaria, considero que&nbsp;<strong>no es conveniente&nbsp;<\/strong>que Macri haya dicho una cosa as\u00ed, no es el momento, lo discutir\u00e9 con \u00e9l\u201d.<\/p>\n\n\n\n<p>Pese a sus diferencias con el l\u00edder del PRO, la candidata presidencial de JxC dijo que hay \u201cunidad\u201d en la principal coalici\u00f3n de la oposici\u00f3n y sali\u00f3 a mostrar m\u00fasculo pol\u00edtico: \u201cMe las peleo, estoy&nbsp;<strong>con todos los gobernadores,&nbsp;<\/strong>intendentes, diputados, senadores, nuestra fuerza trabaja unida\u201d, en declaraciones a&nbsp;<em>Urbana Play.<\/em><\/p>\n\n\n\n<h2>Las declaraciones de Mauricio Macri sobre Javier Milei que generaron la fuerte reacci\u00f3n de Patricia Bullrich<\/h2>\n\n\n\n<p>El mi\u00e9rcoles Macri reiter\u00f3 su respaldo a Bullrich aunque volvi\u00f3 a tener un gesto con su rival, Milei, que provoc\u00f3 una fuerte reacci\u00f3n de la candidata. El expresidente dijo que en el caso de que el libertario se convierta en el pr\u00f3ximo presidente espera que JxC \u201capoye<strong>&nbsp;cualquier reforma razonable\u201d,<\/strong>&nbsp;al exponer en el&nbsp;<strong>Instituto de Pol\u00edtica<\/strong>&nbsp;de la Escuela Kennedy de Harvard.<\/p>\n\n\n\n<ul>\n<li>\u201cCreo que vamos a ganar la elecci\u00f3n, pero en caso de que eso no suceda y Milei gane,espero que nuestra coalici\u00f3n acompa\u00f1e cualquier reforma razonable para que la Argentina pueda dejar atr\u00e1s este sistema tramposo en el que estamos atrapados\u201d.<\/li>\n\n\n\n<li>\u201cEse es el lugar en el que ayudar\u00edamos.&nbsp;El gran desaf\u00edo que tenemos todos juntos es sacar el populismo del pa\u00eds. Siempre cre\u00ed en las<strong>&nbsp;ideas liberales,&nbsp;<\/strong>trat\u00e9 de llevarlas a cabo en mi Gobierno\u201d.<\/li>\n\n\n\n<li>\u201cMilei est\u00e1 aislado, no tiene gobernadores, no se puede liderar as\u00ed. El mayor riesgo que representa Milei es que&nbsp;<strong>est\u00e1 solo\u201d.<\/strong><\/li>\n\n\n\n<li>\u201cLa&nbsp;<strong>dolarizaci\u00f3n&nbsp;<\/strong>es un intento de atajo, la soluci\u00f3n real es cortar con el d\u00e9ficit fiscal. Este pa\u00eds entra en una locura porque enfrenta una inflaci\u00f3n galopante. Dolarizaci\u00f3n es creer que Estados Unidos nos resuelve todos los problemas y yo no creo eso, as\u00ed no funciona\u201d.<\/li>\n<\/ul>\n\n\n\n<p>Fuente: TN<\/p>\n","protected":false},"excerpt":{"rendered":"<div class=\"mh-excerpt\"><p>La candidata presidencial de Juntos por el Cambio,&nbsp;Patricia Bullrich,&nbsp;sali\u00f3 al cruce del l\u00edder del PRO,&nbsp;Mauricio Macri,&nbsp;despu\u00e9s de que planteara: \u201cSi&nbsp;Javier Milei&nbsp;gana la elecci\u00f3n, espero que nuestra coalici\u00f3n apoye&nbsp;cualquier reforma razonable\u201d,&nbsp;en lo que puede leerse como&nbsp;un nuevo gesto al libertario. La exministra de Seguridad dijo:\u00a0\u201cNo es el momento\u00a0para que Macri plantee temas parlamentarios futuros, hoy voy a\u00a0debatir\u00a0lo que dijo porque me parece\u00a0inconveniente\u201d,\u00a0en plena\u00a0campa\u00f1a\u00a0previo a las elecciones del 22 de octubre, y en medio de\u00a0la escalada de\u00a0tensi\u00f3nentre los candidatos presidenciales de Juntos por el Cambio y La Libertad Avanza. Bullrich le marc\u00f3 la cancha al expresidente: \u201cEstamos en el medio de una <a class=\"mh-excerpt-more\" href=\"http:\/\/dsrmedios.com.ar\/diario\/archivos\/40006\" title=\"Fuerte cruce de Bullrich a Macri por el gesto con Milei: \u201cLo que dijo me parece inconveniente\u201d\">[Leer m\u00e1s]<\/a><\/p>\n<\/div>","protected":false},"author":8,"featured_media":30930,"comment_status":"open","ping_status":"closed","sticky":false,"template":"","format":"standard","meta":{"_jetpack_newsletter_access":""},"categories":[6],"tags":[],"jetpack_featured_media_url":"http:\/\/dsrmedios.com.ar\/diario\/wp-content\/uploads\/2023\/04\/patriciabulrich.png","jetpack_sharing_enabled":true,"jetpack_shortlink":"https:\/\/wp.me\/p9fihK-apg","_links":{"self":[{"href":"http:\/\/dsrmedios.com.ar\/diario\/wp-json\/wp\/v2\/posts\/40006"}],"collection":[{"href":"http:\/\/dsrmedios.com.ar\/diario\/wp-json\/wp\/v2\/posts"}],"about":[{"href":"http:\/\/dsrmedios.com.ar\/diario\/wp-json\/wp\/v2\/types\/post"}],"author":[{"embeddable":true,"href":"http:\/\/dsrmedios.com.ar\/diario\/wp-json\/wp\/v2\/users\/8"}],"replies":[{"embeddable":true,"href":"http:\/\/dsrmedios.com.ar\/diario\/wp-json\/wp\/v2\/comments?post=40006"}],"version-history":[{"count":1,"href":"http:\/\/dsrmedios.com.ar\/diario\/wp-json\/wp\/v2\/posts\/40006\/revisions"}],"predecessor-version":[{"id":40009,"href":"http:\/\/dsrmedios.com.ar\/diario\/wp-json\/wp\/v2\/posts\/40006\/revisions\/40009"}],"wp:featuredmedia":[{"embeddable":true,"href":"http:\/\/dsrmedios.com.ar\/diario\/wp-json\/wp\/v2\/media\/30930"}],"wp:attachment":[{"href":"http:\/\/dsrmedios.com.ar\/diario\/wp-json\/wp\/v2\/media?parent=40006"}],"wp:term":[{"taxonomy":"category","embeddable":true,"href":"http:\/\/dsrmedios.com.ar\/diario\/wp-json\/wp\/v2\/categories?post=40006"},{"taxonomy":"post_tag","embeddable":true,"href":"http:\/\/dsrmedios.com.ar\/diario\/wp-json\/wp\/v2\/tags?post=40006"}],"curies":[{"name":"wp","href":"https:\/\/api.w.org\/{rel}","templated":true}]}}