{"id":40002,"date":"2023-10-04T11:52:12","date_gmt":"2023-10-04T14:52:12","guid":{"rendered":"http:\/\/dsrmedios.com.ar\/diario\/?p=40002"},"modified":"2023-10-04T11:52:37","modified_gmt":"2023-10-04T14:52:37","slug":"carhue-presento-su-marca-turistica-en-la-feria-internacional-de-turismo","status":"publish","type":"post","link":"http:\/\/dsrmedios.com.ar\/diario\/archivos\/40002","title":{"rendered":"<strong>Carhu\u00e9 present\u00f3 su marca tur\u00edstica en\u00a0la Feria Internacional de Turismo<\/strong>"},"content":{"rendered":"\n<h1>La Feria Internacional de Turismo fue el escenario para presentar la nueva marca tur\u00edstica de Carhu\u00e9. Un evento internacional de primer nivel que convoca a\u00f1o a a\u00f1o a destinos tur\u00edsticos del mundo en la Sociedad Rural de Palermo,&nbsp;Capital federal.<\/h1>\n\n\n\n<h1><br>El Intendente Javier Andres junto al Secretario de Turismo Pablo Ledesma fueron los anfitriones de la Presentaci\u00f3n \u201cCarhu\u00e9: Innovaci\u00f3n para el&nbsp;Desarrollo Tur\u00edstico\u201d en el Sal\u00f3n Blanco del Consejo Federal de Turismo.<\/h1>\n\n\n\n<h1><br>Ante la presencia de la Subsecretaria de&nbsp;Turismo de la Provincia, Yanina Mart\u00ednez, prestadores tur\u00edsticos locales, y miembros del sector de todo el pa\u00eds, los equipos interdisciplinarios que est\u00e1n llevando adelante los proyectos &#8220;Plan Estrat\u00e9gico Participativo Sustentable Carhu\u00e9 2030&#8243; y &#8221; Redise\u00f1o de Marca y digitalizaci\u00f3n de los atractivos tur\u00edsticos\u201d.<\/h1>\n\n\n\n<p>El Intendente de Adolfo Alsina, Javier Andres, tom\u00f3 la palabra para dar apertura a la presentaci\u00f3n \u201cCarhu\u00e9: Innovaci\u00f3n para el Desarrollo Tur\u00edstico\u201d, diciendo:<\/p>\n\n\n\n<p>\u201cEn 2011 con 28 a\u00f1os asum\u00ed como Secretario de Turismo de Adolfo Alsina. Hab\u00edan pasado 26 a\u00f1os de la inundaci\u00f3n y Carhu\u00e9 todav\u00eda no lograba instalarse en t\u00e9rminos tur\u00edsticos.<\/p>\n\n\n\n<p>Los festivales \u201cEpecu\u00e9n Rock&#8221; y &#8220;El Pa\u00eds canta en Carhu\u00e9\u201d hab\u00edan sido las estrategias que hab\u00edan encontrado mis predecesores para mostrar que en Carhu\u00e9 hab\u00eda vida y que era un destino tur\u00edstico. Pero no alcanzaba. Cientos de personas ven\u00edan por el festival y se iban sin conocer Carhu\u00e9 y sus atractivos.<\/p>\n\n\n\n<p>Con ese an\u00e1lisis tom\u00e9 una decisi\u00f3n muy resistida al principio, pero que fue la que permiti\u00f3 empezar a construir el desarrollo tur\u00edstico de Carhu\u00e9: suspender estos festivales y empezar a posicionar el destino a partir de sus atractivos: las ruinas de la Villa Epecu\u00e9n, que hasta ese entonces no se sab\u00eda si esconderlas o mostrarlas, el Lago Epecu\u00e9n, nuestra gran maravilla s\u00f3lo comparable con el Mar Muerto; sus termas \u00fanicas y su naturaleza&#8221;, dijo Andres.<\/p>\n\n\n\n<p>Y continu\u00f3: &#8220;Hubo muchos hitos. Quiero destacar uno que desde lo personal y lo profesional es muy valioso: en 2017 junto a 1941 personas batimos el r\u00e9cord Guinnes de mayor cantidad de personas flotando sin asistencia. Y as\u00ed le contamos al mundo que el Lago Epecu\u00e9n por su hipersalinidad es un flotario natural.<\/p>\n\n\n\n<p>Hoy aqu\u00ed, en esta FIT 2023, Carhu\u00e9 est\u00e1 dando un paso m\u00e1s que es presentar el resultado de mucho trabajo de este equipo junto a prestadores y a la comunidad: el plan estrat\u00e9gico sustentable Carhu\u00e9 2030 , la nueva marca tur\u00edstica y la digitalizaci\u00f3n de sus atractivos.<\/p>\n\n\n\n<p>Una pol\u00edtica de estado de turismo, una construcci\u00f3n de marca competitiva y la innovaci\u00f3n tecnol\u00f3gica para mejorar la experiencia de quienes nos visitan.<\/p>\n\n\n\n<p>Este es un nuevo hito tur\u00edstico para Carhu\u00e9 y para las localidades del distrito que se integran en este plan estrat\u00e9gico como atractivos.<\/p>\n\n\n\n<p>Hoy es un nuevo hito para esta comunidad resiliente que, a 38 a\u00f1os de la inundaci\u00f3n de Epecu\u00e9n, trabaj\u00f3 su identidad como destino tur\u00edstico y marc\u00f3 que el Lago Epecu\u00e9n y las Ruinas de su villa tur\u00edsticas son sus atractivos&#8221;.<\/p>\n\n\n\n<p>Para finalizar, el Intendente de Adolfo Alsina, destac\u00f3: &#8220;Hoy aqu\u00ed vamos a compartir lo que la comunidad de Carhu\u00e9 eligi\u00f3 como camino para seguir creciendo tur\u00edsticamente convencidos de lo mucho que tenemos para dar a quien nos visita.<\/p>\n\n\n\n<p>Gracias por acompa\u00f1arnos en este nuevo despegue. Gracias por elegir Carhu\u00e9. Los esperamos siempre para compartir con ustedes nuestra historia, nuestra naturaleza, nuestras termas y tambi\u00e9n nuestro estilo de vida y costumbres.\u201d<\/p>\n\n\n\n<p>Seguidamente hizo uso de la palabra la&nbsp;Subsecretaria de Turismo de la Provincia, Yanina Mart\u00ednez. Y, luego, los equipos que est\u00e1n llevando adelante los proyectos &#8220;Plan Estrat\u00e9gico Participativo Sustentable Carhu\u00e9 2030&#8243; y &#8221; Redise\u00f1o de Marca y digitalizaci\u00f3n de los atractivos tur\u00edsticos\u201d procedieron a la presentaci\u00f3n.<\/p>\n","protected":false},"excerpt":{"rendered":"<div class=\"mh-excerpt\"><p>La Feria Internacional de Turismo fue el escenario para presentar la nueva marca tur\u00edstica de Carhu\u00e9. Un evento internacional de primer nivel que convoca a\u00f1o a a\u00f1o a destinos tur\u00edsticos del mundo en la Sociedad Rural de Palermo,&nbsp;Capital federal. El Intendente Javier Andres junto al Secretario de Turismo Pablo Ledesma fueron los anfitriones de la Presentaci\u00f3n \u201cCarhu\u00e9: Innovaci\u00f3n para el&nbsp;Desarrollo Tur\u00edstico\u201d en el Sal\u00f3n Blanco del Consejo Federal de Turismo. Ante la presencia de la Subsecretaria de&nbsp;Turismo de la Provincia, Yanina Mart\u00ednez, prestadores tur\u00edsticos locales, y miembros del sector de todo el pa\u00eds, los equipos interdisciplinarios que est\u00e1n llevando adelante <a class=\"mh-excerpt-more\" href=\"http:\/\/dsrmedios.com.ar\/diario\/archivos\/40002\" title=\"Carhu\u00e9 present\u00f3 su marca tur\u00edstica en\u00a0la Feria Internacional de Turismo\">[Leer m\u00e1s]<\/a><\/p>\n<\/div>","protected":false},"author":8,"featured_media":40004,"comment_status":"open","ping_status":"closed","sticky":false,"template":"","format":"standard","meta":{"_jetpack_newsletter_access":""},"categories":[18,31,5],"tags":[],"jetpack_featured_media_url":"http:\/\/dsrmedios.com.ar\/diario\/wp-content\/uploads\/2023\/10\/MG_6202-scaled.jpg","jetpack_sharing_enabled":true,"jetpack_shortlink":"https:\/\/wp.me\/p9fihK-apc","_links":{"self":[{"href":"http:\/\/dsrmedios.com.ar\/diario\/wp-json\/wp\/v2\/posts\/40002"}],"collection":[{"href":"http:\/\/dsrmedios.com.ar\/diario\/wp-json\/wp\/v2\/posts"}],"about":[{"href":"http:\/\/dsrmedios.com.ar\/diario\/wp-json\/wp\/v2\/types\/post"}],"author":[{"embeddable":true,"href":"http:\/\/dsrmedios.com.ar\/diario\/wp-json\/wp\/v2\/users\/8"}],"replies":[{"embeddable":true,"href":"http:\/\/dsrmedios.com.ar\/diario\/wp-json\/wp\/v2\/comments?post=40002"}],"version-history":[{"count":1,"href":"http:\/\/dsrmedios.com.ar\/diario\/wp-json\/wp\/v2\/posts\/40002\/revisions"}],"predecessor-version":[{"id":40003,"href":"http:\/\/dsrmedios.com.ar\/diario\/wp-json\/wp\/v2\/posts\/40002\/revisions\/40003"}],"wp:featuredmedia":[{"embeddable":true,"href":"http:\/\/dsrmedios.com.ar\/diario\/wp-json\/wp\/v2\/media\/40004"}],"wp:attachment":[{"href":"http:\/\/dsrmedios.com.ar\/diario\/wp-json\/wp\/v2\/media?parent=40002"}],"wp:term":[{"taxonomy":"category","embeddable":true,"href":"http:\/\/dsrmedios.com.ar\/diario\/wp-json\/wp\/v2\/categories?post=40002"},{"taxonomy":"post_tag","embeddable":true,"href":"http:\/\/dsrmedios.com.ar\/diario\/wp-json\/wp\/v2\/tags?post=40002"}],"curies":[{"name":"wp","href":"https:\/\/api.w.org\/{rel}","templated":true}]}}